{"id":130951,"date":"2025-09-22T03:49:46","date_gmt":"2025-09-22T03:49:46","guid":{"rendered":"https:\/\/www.europesays.com\/es\/130951\/"},"modified":"2025-09-22T03:49:46","modified_gmt":"2025-09-22T03:49:46","slug":"alrededor-de-1-500-personas-celebran-en-puertollano-la-13a-edicion-del-dia-de-la-bicicleta","status":"publish","type":"post","link":"https:\/\/www.europesays.com\/es\/130951\/","title":{"rendered":"Alrededor de 1.500 personas celebran en Puertollano la 13\u00aa edici\u00f3n del D\u00eda de la Bicicleta"},"content":{"rendered":"<p>Puertollano ha vivido este domingo una aut\u00e9ntica fiesta familiar sobre dos ruedas, en la que unas  1.500 personas han participado en la decimotercera edici\u00f3n del D\u00eda de la Bicicleta, batiendo un r\u00e9cord de asistencia y llenando de color y alegr\u00eda las calles de la ciudad.<\/p>\n<p>El evento ha sido organizado por CADENA 100 Puertollano, con el patrocinio de Repsol y del Patronato Municipal de Deportes del Ayuntamiento de Puertollano, y la colaboraci\u00f3n de numerosas entidades, clubes y empresas locales.<\/p>\n<p><strong>Una ciudad pedaleando unida<\/strong><\/p>\n<p>La jornada se ha desarrollado en un ambiente soleado y familiar, con cientos de familias, abuelos, padres, hijos y nietos compartiendo juntos los 5 kil\u00f3metros de recorrido. La ruta ha partido desde el estadio municipal S\u00e1nchez Menor, pasando por el centro de Puertollano, completamente cerrado al tr\u00e1fico para la ocasi\u00f3n, y finalizando de nuevo en el estadio.<\/p>\n<p>El alcalde Miguel \u00c1ngel Ruiz ha estado  acompa\u00f1ado por los concejales Jos\u00e9 Antonio Barba y Javier Trujillo.  En la ruta tambi\u00e9n ha participado el concejal Jes\u00fas Manch\u00f3n. \u00a0Ruiz  que ha subrayado que \u201ceste d\u00eda de la bicicleta coincide adem\u00e1s con el D\u00eda sin Coches -ha dicho- que el Ayuntamiento sigue invirtiendo en carriles bici, esperando que en los pr\u00f3ximos a\u00f1os los podamos tener interconectados con el objetivo de construir una red segura, continua y accesible, que facilite el uso diario de la bicicleta como medio de transporte real y sostenible\u201d El futuro paseo tambi\u00e9n incluir\u00e1 un carril bici que conectar\u00e1 el norte con el sur de la ciudad.<\/p>\n<p>Asimismo, ha destacado que \u201csiempre hemos visto la bicicleta como un medio de transporte, pero hoy es m\u00e1s que eso: es compartir esta maravillosa actividad en nuestra ciudad, entre padres, ni\u00f1os, abuelos y amigos\u201d.<\/p>\n<p><strong>Regalos, talleres y actividades para todos<\/strong><\/p>\n<p>Cada ciclista ha recibido una mochila con obsequios al inicio de la marcha y, al t\u00e9rmino del recorrido, ha participado en el sorteo de decenas de regalos: desde bicicletas, accesorios ciclistas y ropa deportiva, hasta viajes, embutidos, jamones, garrafas de aceite de oliva, productos de alimentaci\u00f3n, entradas de cine y otros obsequios cedidos por las empresas colaboradoras.<\/p>\n<p>La jornada ha contado tambi\u00e9n con talleres infantiles, juegos, servicio gratuito de guarder\u00eda gracias a la colaboraci\u00f3n de Hakuna Matata, y un servicio de bar atendido por el club local Salesianos Puertollano FSF, cuya recaudaci\u00f3n contribuir\u00e1 a sus actividades deportivas.<\/p>\n<p>El alcalde ha agradecido la colaboraci\u00f3n y el esfuerzo de la Polic\u00eda Local, Protecci\u00f3n Civil, los voluntarios y los trabajadores del Patronato de Deportes, quienes con su dedicaci\u00f3n han garantizado el \u00e9xito de la jornada, adem\u00e1s de la colaboraci\u00f3n de Repsol y las diferentes firmas comerciales que han contribuido en la entrega de regalos.<\/p>\n<p>Una cita consolidada<\/p>\n<p>El \u00e9xito de participaci\u00f3n y el ambiente festivo confirman que el D\u00eda de la Bicicleta ya es una cita consolidada en Puertollano, que a\u00f1o tras a\u00f1o une a distintas generaciones en torno al deporte, la salud, la convivencia y el respeto al medio ambiente.<\/p>\n<p>\u00abEs un d\u00eda de fiesta que nos invita a reflexionar: la bicicleta, adem\u00e1s de un medio de transporte, es un s\u00edmbolo de salud, de convivencia y de respeto por nuestro entorno. Sigamos pedaleando juntos hacia una ciudad m\u00e1s saludable, por una convivencia mejor y m\u00e1s segura\u00bb, ha concluido Miguel \u00c1ngel Ruiz.<\/p>\n<p><img fetchpriority=\"high\" decoding=\"async\" width=\"1168\" height=\"819\" src=\"https:\/\/www.europesays.com\/es\/wp-content\/uploads\/2025\/09\/bici3.jpg\" alt=\"\" class=\"wp-image-141967\"  \/><\/p>\n<p>El d\u00eda de la bicicleta ha llegado as\u00ed a su decimotercera edici\u00f3n, organizada un a\u00f1o m\u00e1s por Cadena 100 de Puertollano, contando con el patrocinio de Repsol y del Patronato Municipal de Deportes del Ayuntamiento de Puertollano, junto a colaboradores que aportar\u00e1n su grano de arena para que un a\u00f1o m\u00e1s la actividad est\u00e9 llena de regalos: Moto Bicis Hermanos Recio, Electrodom\u00e9sticos Expert, Embutidos y Jamones JAN (de Corral de Calatrava), Taller de Bicicletas David Silva, Feder\u00f3pticos Optivisi\u00f3n, Grupo Eventalia, Viajes Turmar, Club Cicloturista Caminos y Ca\u00f1adas, Club Ciclista Puertollano, Alimentaci\u00f3n y Licores Serrano, Serinfor, Cooperativa Cristo de Orense (de Brazatortas), Medisan y Multicines Ortega.<\/p>\n<p><img loading=\"lazy\" decoding=\"async\" width=\"805\" height=\"829\" src=\"https:\/\/www.europesays.com\/es\/wp-content\/uploads\/2025\/09\/bici4.jpg\" alt=\"\" class=\"wp-image-141968\"  \/><br \/>\n<img loading=\"lazy\" decoding=\"async\" width=\"1173\" height=\"786\" src=\"https:\/\/www.europesays.com\/es\/wp-content\/uploads\/2025\/09\/bici6.jpg\" alt=\"\" class=\"wp-image-141970\"  \/><br \/>\n<img loading=\"lazy\" decoding=\"async\" width=\"1170\" height=\"805\" src=\"https:\/\/www.europesays.com\/es\/wp-content\/uploads\/2025\/09\/bici7.jpg\" alt=\"\" class=\"wp-image-141971\"  \/><br \/>\n<img loading=\"lazy\" decoding=\"async\" width=\"1705\" height=\"721\" src=\"https:\/\/www.europesays.com\/es\/wp-content\/uploads\/2025\/09\/bici10.jpg\" alt=\"\" class=\"wp-image-141974\"  \/><br \/>\n<img loading=\"lazy\" decoding=\"async\" width=\"1060\" height=\"538\" src=\"https:\/\/www.europesays.com\/es\/wp-content\/uploads\/2025\/09\/bici9.jpg\" alt=\"\" class=\"wp-image-141973\"  \/><br \/>\n<img loading=\"lazy\" decoding=\"async\" width=\"1167\" height=\"766\" src=\"https:\/\/www.europesays.com\/es\/wp-content\/uploads\/2025\/09\/bici8.jpg\" alt=\"\" class=\"wp-image-141972\"  \/><br \/>\n<img loading=\"lazy\" decoding=\"async\" width=\"1167\" height=\"778\" src=\"https:\/\/www.europesays.com\/es\/wp-content\/uploads\/2025\/09\/bici11.jpg\" alt=\"\" class=\"wp-image-141975\"  \/><\/p>\n<p><img loading=\"lazy\" decoding=\"async\" width=\"577\" height=\"694\" src=\"https:\/\/www.europesays.com\/es\/wp-content\/uploads\/2025\/09\/bici12.jpg\" alt=\"\" class=\"wp-image-141976\"  \/><br \/>\n<img loading=\"lazy\" decoding=\"async\" width=\"1171\" height=\"772\" src=\"https:\/\/www.europesays.com\/es\/wp-content\/uploads\/2025\/09\/bici13.jpg\" alt=\"\" class=\"wp-image-141977\"  \/><br \/>\n<img loading=\"lazy\" decoding=\"async\" width=\"1059\" height=\"679\" src=\"https:\/\/www.europesays.com\/es\/wp-content\/uploads\/2025\/09\/bici14.jpg\" alt=\"\" class=\"wp-image-141978\"  \/><br \/>\n<img loading=\"lazy\" decoding=\"async\" width=\"1159\" height=\"820\" src=\"https:\/\/www.europesays.com\/es\/wp-content\/uploads\/2025\/09\/bici16.jpg\" alt=\"\" class=\"wp-image-141980\"  \/><br \/>\n<img loading=\"lazy\" decoding=\"async\" width=\"1081\" height=\"870\" src=\"https:\/\/www.europesays.com\/es\/wp-content\/uploads\/2025\/09\/bici15.jpg\" alt=\"\" class=\"wp-image-141979\"  \/><br \/>\n<img loading=\"lazy\" decoding=\"async\" width=\"918\" height=\"886\" src=\"https:\/\/www.europesays.com\/es\/wp-content\/uploads\/2025\/09\/bici5.jpg\" alt=\"\" class=\"wp-image-141969\"  \/><br \/>\n<img loading=\"lazy\" decoding=\"async\" width=\"1057\" height=\"861\" src=\"https:\/\/www.europesays.com\/es\/wp-content\/uploads\/2025\/09\/bici2.jpg\" alt=\"\" class=\"wp-image-141966\"  \/><br \/>\n<img loading=\"lazy\" decoding=\"async\" width=\"1176\" height=\"820\" src=\"https:\/\/www.europesays.com\/es\/wp-content\/uploads\/2025\/09\/bici17.jpg\" alt=\"\" class=\"wp-image-141981\"  \/><\/p>\n","protected":false},"excerpt":{"rendered":"Puertollano ha vivido este domingo una aut\u00e9ntica fiesta familiar sobre dos ruedas, en la que unas 1.500 personas&hellip;\n","protected":false},"author":2,"featured_media":130952,"comment_status":"","ping_status":"","sticky":false,"template":"","format":"standard","meta":{"footnotes":""},"categories":[5],"tags":[17,18,25,24,13,14,11,19,20,9,10,15,16,23,12,21,22],"class_list":{"0":"post-130951","1":"post","2":"type-post","3":"status-publish","4":"format-standard","5":"has-post-thumbnail","7":"category-titulares","8":"tag-breaking-news","9":"tag-breakingnews","10":"tag-es","11":"tag-espana","12":"tag-featured-news","13":"tag-featurednews","14":"tag-headlines","15":"tag-latest-news","16":"tag-latestnews","17":"tag-news","18":"tag-noticias","19":"tag-noticias-destacadas","20":"tag-noticiasdestacadas","21":"tag-spain","22":"tag-titulares","23":"tag-ultimas-noticias","24":"tag-ultimasnoticias"},"share_on_mastodon":{"url":"","error":""},"_links":{"self":[{"href":"https:\/\/www.europesays.com\/es\/wp-json\/wp\/v2\/posts\/130951","targetHints":{"allow":["GET"]}}],"collection":[{"href":"https:\/\/www.europesays.com\/es\/wp-json\/wp\/v2\/posts"}],"about":[{"href":"https:\/\/www.europesays.com\/es\/wp-json\/wp\/v2\/types\/post"}],"author":[{"embeddable":true,"href":"https:\/\/www.europesays.com\/es\/wp-json\/wp\/v2\/users\/2"}],"replies":[{"embeddable":true,"href":"https:\/\/www.europesays.com\/es\/wp-json\/wp\/v2\/comments?post=130951"}],"version-history":[{"count":0,"href":"https:\/\/www.europesays.com\/es\/wp-json\/wp\/v2\/posts\/130951\/revisions"}],"wp:featuredmedia":[{"embeddable":true,"href":"https:\/\/www.europesays.com\/es\/wp-json\/wp\/v2\/media\/130952"}],"wp:attachment":[{"href":"https:\/\/www.europesays.com\/es\/wp-json\/wp\/v2\/media?parent=130951"}],"wp:term":[{"taxonomy":"category","embeddable":true,"href":"https:\/\/www.europesays.com\/es\/wp-json\/wp\/v2\/categories?post=130951"},{"taxonomy":"post_tag","embeddable":true,"href":"https:\/\/www.europesays.com\/es\/wp-json\/wp\/v2\/tags?post=130951"}],"curies":[{"name":"wp","href":"https:\/\/api.w.org\/{rel}","templated":true}]}}