{"id":130953,"date":"2025-09-22T03:51:20","date_gmt":"2025-09-22T03:51:20","guid":{"rendered":"https:\/\/www.europesays.com\/es\/130953\/"},"modified":"2025-09-22T03:51:20","modified_gmt":"2025-09-22T03:51:20","slug":"el-mutismo-de-marco-perez-conmueve-a-la-condomina","status":"publish","type":"post","link":"https:\/\/www.europesays.com\/es\/130953\/","title":{"rendered":"El mutismo de Marco P\u00e9rez conmueve a La Condomina"},"content":{"rendered":"<p class=\"ft-text\">S\u00e9bastien Turzack Castella, o Sebasti\u00e1n Castella a secas, tra\u00eda el gemelo como un tonel despu\u00e9s del percance sufrido pocas horas antes. Las corridas no hay que matarlas corriendo, por lo que aun mermados, los toreros siguen siendo de otra pasta y no se bajan del carro como el resto de los mortales.<\/p>\n<p class=\"ft-text\">Pocholo Mart\u00ednez-Bordi\u00fa es un personaje de la far\u00e1ndula, Pocholo a secas fue el nombre del primer juanpedro, de buenas hechuras y algo pasado de peso en solidaridad con el gemelo del franc\u00e9s.<\/p>\n<p class=\"ft-text\">Lo luci\u00f3 con un vistoso quite por chicuelinas y gaoneras, pero el toro ten\u00eda poca gracia. Y poca fuerza. Lo pas\u00f3 el espada a media altura a fin de no dinamitar su fondo, aunque la faena no lleg\u00f3 a despegar por causa del ins\u00edpido toro. Fall\u00f3 con la espada. Quiz\u00e1 perdi\u00f3 una oreja. Silencio.<\/p>\n<p><img decoding=\"async\" src=\"https:\/\/www.europesays.com\/es\/wp-content\/uploads\/2025\/09\/875651fc-cf13-4e29-bdda-a5b7a9345354_alta-libre-aspect-ratio_default_0.jpg\" width=\"1200\" height=\"935\" alt=\"El Colegio de Periodistas entreg\u00f3 un recuerdo a los toreros, al ser Corrida de la Prensa. | ENRIQUE SOLER\" class=\"ft-helper-img-rd\" loading=\"lazy\" hasdataaida=\"true\"\/><\/p>\n<p class=\"ft-helper-fontColor-quaternary ft-helper-fontSize-body-S ft-helper-spacer-t-xxs\">El Colegio de Periodistas entreg\u00f3 un recuerdo a los toreros, al ser Corrida de la Prensa. | ENRIQUE SOLER <\/p>\n<p class=\"ft-text\">A Emilio de Justo le sali\u00f3 Jarcio por chiqueros, otro bello ejemplar con el hierro de Veragua. Galle\u00f3 hasta el caballo muy pinturero. Por el pit\u00f3n izquierdo dej\u00f3 lo mejor de la faena. Por el derecho se qued\u00f3 algo corto. Poderoso, superior a su oponente. Templado al natural. Otro toro sin excesiva gracia. Mat\u00f3 a la segunda. Oreja.<\/p>\n<p><img decoding=\"async\" src=\"https:\/\/www.europesays.com\/es\/wp-content\/uploads\/2025\/09\/9602607f-d5c6-4dd8-bb43-32181dab278f_alta-libre-aspect-ratio_default_0.jpg\" width=\"1200\" height=\"936\" alt=\"Diversi\u00f3n en los &#10;tendidos de sol. | ENRIQUE SOLER\" class=\"ft-helper-img-rd\" loading=\"lazy\" hasdataaida=\"true\"\/><\/p>\n<p class=\"ft-helper-fontColor-quaternary ft-helper-fontSize-body-S ft-helper-spacer-t-xxs\">Diversi\u00f3n en los<br \/>\ntendidos de sol. | ENRIQUE SOLER <\/p>\n<p class=\"ft-text\">Marco P\u00e9rez fue el \u00fanico que hizo el pase\u00edllo desmonterado, pues aunque ya estuvo imperial en la novillada del a\u00f1o pasado, la liturgia ordena entrar descubierto cuando uno se presenta de matador. Dej\u00f3 ver\u00f3nicas buenas y navarras menos lucidas. Marco construy\u00f3 su obra tirando del toro. El animal tampoco ten\u00eda mucho sabor, por lo que la faena fue algo fr\u00eda, con cierto aspecto mec\u00e1nico. Era una mona, pero una mona muda, porque no dec\u00eda nada. Hizo el joven matador un esfuerzo. Pinchazo y estocada. Oreja. \u00abTiene diecisiete a\u00f1icos\u00bb. Merienda.<\/p>\n<p><img decoding=\"async\" src=\"https:\/\/www.europesays.com\/es\/wp-content\/uploads\/2025\/09\/37434225-a514-48f4-8bb5-3bc78ee35f63_alta-libre-aspect-ratio_default_0.jpg\" width=\"1200\" height=\"884\" alt=\"Emilio de Justo en un pase de pecho, muy ajustado. | ENRIQUE SOLER\" class=\"ft-helper-img-rd\" loading=\"lazy\" hasdataaida=\"true\"\/><\/p>\n<p class=\"ft-helper-fontColor-quaternary ft-helper-fontSize-body-S ft-helper-spacer-t-xxs\">Emilio de Justo en un pase de pecho, muy ajustado. | ENRIQUE SOLER <\/p>\n<p class=\"ft-text\">La m\u00e1xima figura del toreo es el pastel de carne. En eso La Condomina es insuperable. Se trata del torero que m\u00e1s gente coloca ante la taquilla a\u00f1o tras a\u00f1o, pero no recibe muchos aplausos, porque sus partidarios le tienen bienagarrado para evitar el descuajeringue habitual del hojaldre: lo sabroso es ef\u00edmero.<\/p>\n<p><img decoding=\"async\" src=\"https:\/\/www.europesays.com\/es\/wp-content\/uploads\/2025\/09\/1f671245-63ca-4226-ae79-79a02382b02d_alta-libre-aspect-ratio_default_0.jpg\" width=\"1200\" height=\"966\" alt=\"Sebasti\u00e1n Castella &#10;embarcando al toro. | ENRIQUE SOLER\" class=\"ft-helper-img-rd\" loading=\"lazy\" hasdataaida=\"true\"\/><\/p>\n<p class=\"ft-helper-fontColor-quaternary ft-helper-fontSize-body-S ft-helper-spacer-t-xxs\">Sebasti\u00e1n Castella<br \/>\nembarcando al toro. | ENRIQUE SOLER <\/p>\n<p class=\"ft-text\">Castella tuvo pocas opciones. Una res de tranco extra\u00f1o le dej\u00f3 hacer poca cosa. Caballazo en varas. El toro se qued\u00f3 pasado por agua. Nada de nada. Cuando no se puede, no se puede. Pitos en el arrastre. Ovaci\u00f3n saludada.<\/p>\n<p class=\"ft-text\">De Justo sali\u00f3 arreando con las espuelas. Una larga junto a las tablas puso a la gente loca. Brind\u00f3 al p\u00fablico y se puso de rodillas. El animal, muy bravo, meti\u00f3 muy bien la cara ya desde el capote. Con la mano derecha estuvo realmente bien, muy profundo, serenando la embestida a cada pase. Por el izquierdo parec\u00eda que iba a armar la tremolina, porque usando ese pit\u00f3n, el animal se emple\u00f3 con mucha clase ante todos los capotes que encontr\u00f3. Pero en la muleta no, porque los toros cambia en los tercios como las estaciones. Lanz\u00f3 el estoque para torear desmayado con la diestra, dejando los mejores muletazos de la tarde. Magn\u00edfico. Cierre por manoletinas y un volapi\u00e9 ortodoxo para fulminar al toro. Dos orejas que parec\u00edan dos chuletones de \u00c1vila.<\/p>\n<p class=\"ft-text\">La segunda m\u00e1xima figura es el clarinero, que anunci\u00f3 al \u00faltimo floreando la diana. Apret\u00f3 desde banderillas. Marco P\u00e9rez se fue a los medios dando brincos de gacela Thompson. Brindis al respetable. Se pas\u00f3 por todas partes a una res muy exigente. Arranc\u00f3 la banda. El salmantino, mis\u00f3fono, pidi\u00f3 al director el fin de la m\u00fasica, lo que casi le cost\u00f3 un percance cuando el toro le quiso encimar. La faena se embelleci\u00f3 en el silencio. En los toros hay que estar como en misa, y La Condomina supo escuchar. \u00abVente\u00bb, \u00abvamos los toros buenos\u00bb. Tambi\u00e9n por encima del animal. Muy toreado, afianz\u00e1ndose a cada tarde. Parece que le pari\u00f3 una vaca. Dej\u00f3 muletazos con mucho empaque y ligaz\u00f3n ante un toro algo manso con el que tuvo que insistir mucho. La viveza del animal fue resuelta con soltura que, unida al mutismo impuesto, envolvi\u00f3 su actuaci\u00f3n de mucha emoci\u00f3n. Le peg\u00f3 un ca\u00f1onazo con la espada para certificar las dos orejas. El p\u00fablico pidi\u00f3 el rabo con insistencia, no accediendo el juicioso presidente. A Marco le est\u00e1 cambiando la voz. Est\u00e1 echando cuerpo de hombre; \u00e9l tambi\u00e9n come pasteles de carne.<\/p>\n","protected":false},"excerpt":{"rendered":"S\u00e9bastien Turzack Castella, o Sebasti\u00e1n Castella a secas, tra\u00eda el gemelo como un tonel despu\u00e9s del percance sufrido&hellip;\n","protected":false},"author":2,"featured_media":130954,"comment_status":"","ping_status":"","sticky":false,"template":"","format":"standard","meta":{"footnotes":""},"categories":[277],"tags":[373,38449,41959,168,25,24,737,1478,41958,738,23,167,374,444],"class_list":{"0":"post-130953","1":"post","2":"type-post","3":"status-publish","4":"format-standard","5":"has-post-thumbnail","7":"category-toreo","8":"tag-bullfighting","9":"tag-condomina","10":"tag-conmueve","11":"tag-deportes","12":"tag-es","13":"tag-espana","14":"tag-marco","15":"tag-murcia","16":"tag-mutismo","17":"tag-perez","18":"tag-spain","19":"tag-sports","20":"tag-toreo","21":"tag-toros"},"share_on_mastodon":{"url":"","error":""},"_links":{"self":[{"href":"https:\/\/www.europesays.com\/es\/wp-json\/wp\/v2\/posts\/130953","targetHints":{"allow":["GET"]}}],"collection":[{"href":"https:\/\/www.europesays.com\/es\/wp-json\/wp\/v2\/posts"}],"about":[{"href":"https:\/\/www.europesays.com\/es\/wp-json\/wp\/v2\/types\/post"}],"author":[{"embeddable":true,"href":"https:\/\/www.europesays.com\/es\/wp-json\/wp\/v2\/users\/2"}],"replies":[{"embeddable":true,"href":"https:\/\/www.europesays.com\/es\/wp-json\/wp\/v2\/comments?post=130953"}],"version-history":[{"count":0,"href":"https:\/\/www.europesays.com\/es\/wp-json\/wp\/v2\/posts\/130953\/revisions"}],"wp:featuredmedia":[{"embeddable":true,"href":"https:\/\/www.europesays.com\/es\/wp-json\/wp\/v2\/media\/130954"}],"wp:attachment":[{"href":"https:\/\/www.europesays.com\/es\/wp-json\/wp\/v2\/media?parent=130953"}],"wp:term":[{"taxonomy":"category","embeddable":true,"href":"https:\/\/www.europesays.com\/es\/wp-json\/wp\/v2\/categories?post=130953"},{"taxonomy":"post_tag","embeddable":true,"href":"https:\/\/www.europesays.com\/es\/wp-json\/wp\/v2\/tags?post=130953"}],"curies":[{"name":"wp","href":"https:\/\/api.w.org\/{rel}","templated":true}]}}