{"id":130955,"date":"2025-09-22T03:54:09","date_gmt":"2025-09-22T03:54:09","guid":{"rendered":"https:\/\/www.europesays.com\/es\/130955\/"},"modified":"2025-09-22T03:54:09","modified_gmt":"2025-09-22T03:54:09","slug":"swiatek-cierra-un-circulo-que-empezo-con-su-padre-en-1988","status":"publish","type":"post","link":"https:\/\/www.europesays.com\/es\/130955\/","title":{"rendered":"Swiatek cierra un c\u00edrculo que empez\u00f3 con su padre en 1988"},"content":{"rendered":"<p class=\"quota-display text-align-center\">\n        <a href=\"https:\/\/www.puntodebreak.com\/MDBA-B3-PDB-QUOTA-25\" rel=\"sponsored nofollow noopener\" title=\"Apuesta en bet365\" target=\"_blank\"><\/p>\n<p>            <img decoding=\"async\" alt=\"Bet365\" class=\"bet-logo lazyload\" loading=\"lazy\" src=\"https:\/\/www.europesays.com\/es\/wp-content\/uploads\/2025\/09\/1758436691_749_b365.jpg\"\/>Streaming ATP Chengdu en directo<\/p>\n<p> \ud83c\udfbe Brandon Nakashima vs Alejandro Tabilo<\/p>\n<ol class=\"stream-card__steps\">\n<li>Entra aqu\u00ed y reg\u00edstrate en Bet365<\/li>\n<li>Haz tu primer dep\u00f3sito de m\u00ednimo 5\u00a0\u20ac<\/li>\n<li>Entra en la secci\u00f3n \u00abDirecto\u00bb y ve todos los partidos<\/li>\n<\/ol>\n<p>\n                                Ver partido en Bet365\n                            <\/p>\n<p>        <\/a>\n      <\/p>\n<p class=\"text-align-justify\"><strong><a href=\"https:\/\/www.puntodebreak.com\/tenis\/iga-swiatek\" rel=\"nofollow noopener\" target=\"_blank\">Iga Swiatek<\/a><\/strong>\u00a0cumpli\u00f3 como favorita y se hizo con el <strong><a href=\"https:\/\/www.puntodebreak.com\/tenis\/wta-seul-2025\" rel=\"nofollow noopener\" target=\"_blank\">WTA Se\u00fal 2025<\/a><\/strong> tras una semana de grand\u00edsimo tenis por su parte. La polaca bati\u00f3 en su camino hasta la final a Sorana Cirstea (6-3 6-2), a Barbora Krejcikova\u00a0(6-0 6-3) y a Maya Joint (6-0 6-2). En el partido decisivo se encontr\u00f3 con mucha competencia con la cabeza de serie n\u00famero dos del torneo, Ekaterina Alexandrova, pues sufri\u00f3 de lo lindo en la tercera manga para terminar como reina coreana (1-6 7-6 7-5).\u00a0<\/p>\n<p class=\"text-align-justify\">La temporada de <strong><a href=\"https:\/\/www.wtatennis.com\/players\/326408\/iga-swiatek\" rel=\"nofollow noopener\" target=\"_blank\">Iga Swiatek<\/a><\/strong>\u00a0ha ido de menos a m\u00e1s. Tras un inicio de curso en el que se encontraba totalmente perdida y sin soluciones tanto en su juego como en su mentalidad, la polaca ha terminado el a\u00f1o de Grand Slams con el t\u00edtulo en Wimbledon. Adem\u00e1s, la buena racha contin\u00faa en la pista dura con el WTA Cincinnati y el <strong><a href=\"https:\/\/www.wtatennis.com\/tournaments\/1024\/seoul\/2025\" rel=\"nofollow noopener\" target=\"_blank\">WTA Se\u00fal 2025<\/a><\/strong>. Aunque Aryna Sabalenka tambi\u00e9n tenga mucho que decir en los pr\u00f3ximos torneos, el juego de Swiatek sorprende por la efectividad y poder\u00edo que muestra en todas las circunstancias.<\/p>\n<p><img decoding=\"async\" alt=\"Iga Swiatek y Ekaterina Alexandrova con los trofeos del WTA Se\u00fal 2025. Foto: Getty\" data-entity-type=\"file\" data-entity-uuid=\"41d3b6ca-dfc1-4345-83f8-1696e2b6fead\" class=\"align-center lazyload\" width=\"846\" height=\"512\" loading=\"lazy\" src=\"https:\/\/www.europesays.com\/es\/wp-content\/uploads\/2025\/09\/swiatek-alexandrova-seul-declaraciones.jpeg\"\/><\/p>\n<p class=\"text-align-justify\">\u00a0<\/p>\n<p class=\"text-align-justify\"><strong>&#8211; T\u00edtulo n\u00famero 25 para Iga Swiatek<\/strong><\/p>\n<p class=\"text-align-justify\">La polaca ha vuelto a su mejor versi\u00f3n y los 6-0 vuelven a aparecer de forma repetida en los resultados que cosecha en cada torneo. Con los WTA 1000 de Beijing\u00a0y Wuhan por jugarse en las pr\u00f3ximas semanas, todo apunta a que las m\u00e1ximas favoritas van a cumplir en su cometido.\u00a0\u00abNo se como he ganado este partido porque Alexandrova ha jugado incre\u00edble y <strong>la final ha estado espectacular.<\/strong> En todo momento lo \u00fanico que he intentado ha sido mantenerme con vida en la final, me ha costado mucho y espero poder jugar m\u00e1s finales contra ella porque ha estado muy entretenida, la verdad\u00bb.<\/p>\n<p class=\"text-align-justify\"><strong>&#8211; Cierra el c\u00edrculo con su padre<\/strong><\/p>\n<p class=\"text-align-justify\">Tomasz Swiatek compiti\u00f3 en remo en los Juegos Ol\u00edmpicos de Se\u00fal 1988. A pesar de su buen hacer y dedicaci\u00f3n en la disciplina, no pudo obtener medalla y qued\u00f3 en la s\u00e9ptima posici\u00f3n. Su hija ten\u00eda muy presente lo que ocurri\u00f3 en la capital coreana hace ya 37 a\u00f1os y utiliz\u00f3 la historia como herramienta de motivaci\u00f3n: <strong>\u00abMe alegra haber podido ganar aqu\u00ed por la historia familiar.<\/strong> Mi padre no pudo ganar en los Juegos Ol\u00edmpicos, pero al menos yo he ganado este torneo. Espero volver en 2026 a defenderlo y a disfrutarlo\u00bb, sentenci\u00f3 muy orgullosa.<\/p>\n<p class=\"text-align-justify\">\u00a0<\/p>\n","protected":false},"excerpt":{"rendered":"Streaming ATP Chengdu en directo \ud83c\udfbe Brandon Nakashima vs Alejandro Tabilo Entra aqu\u00ed y reg\u00edstrate en Bet365 Haz&hellip;\n","protected":false},"author":2,"featured_media":130956,"comment_status":"","ping_status":"","sticky":false,"template":"","format":"standard","meta":{"footnotes":""},"categories":[274],"tags":[168,25,24,23,167,327,326],"class_list":{"0":"post-130955","1":"post","2":"type-post","3":"status-publish","4":"format-standard","5":"has-post-thumbnail","7":"category-tenis","8":"tag-deportes","9":"tag-es","10":"tag-espana","11":"tag-spain","12":"tag-sports","13":"tag-tenis","14":"tag-tennis"},"share_on_mastodon":{"url":"","error":""},"_links":{"self":[{"href":"https:\/\/www.europesays.com\/es\/wp-json\/wp\/v2\/posts\/130955","targetHints":{"allow":["GET"]}}],"collection":[{"href":"https:\/\/www.europesays.com\/es\/wp-json\/wp\/v2\/posts"}],"about":[{"href":"https:\/\/www.europesays.com\/es\/wp-json\/wp\/v2\/types\/post"}],"author":[{"embeddable":true,"href":"https:\/\/www.europesays.com\/es\/wp-json\/wp\/v2\/users\/2"}],"replies":[{"embeddable":true,"href":"https:\/\/www.europesays.com\/es\/wp-json\/wp\/v2\/comments?post=130955"}],"version-history":[{"count":0,"href":"https:\/\/www.europesays.com\/es\/wp-json\/wp\/v2\/posts\/130955\/revisions"}],"wp:featuredmedia":[{"embeddable":true,"href":"https:\/\/www.europesays.com\/es\/wp-json\/wp\/v2\/media\/130956"}],"wp:attachment":[{"href":"https:\/\/www.europesays.com\/es\/wp-json\/wp\/v2\/media?parent=130955"}],"wp:term":[{"taxonomy":"category","embeddable":true,"href":"https:\/\/www.europesays.com\/es\/wp-json\/wp\/v2\/categories?post=130955"},{"taxonomy":"post_tag","embeddable":true,"href":"https:\/\/www.europesays.com\/es\/wp-json\/wp\/v2\/tags?post=130955"}],"curies":[{"name":"wp","href":"https:\/\/api.w.org\/{rel}","templated":true}]}}