{"id":130957,"date":"2025-09-22T03:55:13","date_gmt":"2025-09-22T03:55:13","guid":{"rendered":"https:\/\/www.europesays.com\/es\/130957\/"},"modified":"2025-09-22T03:55:13","modified_gmt":"2025-09-22T03:55:13","slug":"los-ciclistas-del-futuro-aprenden-movilidad-con-talleres-y-juegos","status":"publish","type":"post","link":"https:\/\/www.europesays.com\/es\/130957\/","title":{"rendered":"Los ciclistas del futuro aprenden movilidad con talleres y juegos"},"content":{"rendered":"<p>Alexandra y su hija Mar\u00eda Luce se han sumado este s\u00e1bado a la celebraci\u00f3n en Vila de la Semana Europea de la Movilidad. Esta madre asegur\u00f3 que, entre los peque\u00f1os, hay que difundir y hablar sobre este tema, m\u00e1s cuando en su caso intenta coger el coche \u00ablo menos posible\u00bb y moverse por la ciudad en bicicleta. \u00abLa llevo pedaleando al colegio todos los d\u00edas\u00bb, explic\u00f3.<\/p>\n<p>Tambi\u00e9n Pablo acompa\u00f1\u00f3 a su peque\u00f1a a darse una vuelta por la plaza de Antoni Albert i Nieto porque es \u00abimportante\u00bb que desde peque\u00f1os aprendan temas relativos a la movilidad. Sin embargo, este vecino aprovech\u00f3 para asegurar que \u00abIbiza no es un lugar amable para desplazarse en bicicleta porque se van haciendo proyectos a trozos y no hay una interconexi\u00f3n efectiva\u00bb.<\/p>\n<p>Bajo el lema &#8216;Movilidad para todas las personas&#8217; y con el objetivo de promover h\u00e1bitos saludables y formas de desplazamiento m\u00e1s sostenibles, el programa organizado por el Ayuntamiento cont\u00f3 con talleres, circuitos o animaci\u00f3n. De hecho, el conocido Cachirulo -que no par\u00f3 de hacerse fotos con los participantes- fue el &#8216;maestro de ceremonias&#8217; en algunas actividades como un paseo en bicicleta por las inmediaciones de la plaza.<\/p>\n<p>En una de las carpas, la estaci\u00f3n 3 de la Gincana de la Movilidad, los m\u00e1s peque\u00f1os pod\u00edan colorear dibujos, mientras que en otra zona los ni\u00f1os un poco mayores pod\u00edan escribir una frase en un mural para definir qu\u00e9 tipo de ciudad quieren. En otro punto, se promocionaba la compra-venta de bicicletas y patinetes de segunda mano, con precios desde 10 euros. \u00bbNosotros hacemos de intermediarios. Si alguien est\u00e1 interesado, les pondremos en contacto\u00bb, explicaron los monitores. En este caso, la jornada comenz\u00f3 con cinco bicicletas y un patinete en venta.<\/p>\n<p>La concejala responsable de Movilidad en el Ayuntamiento, Blanca Hern\u00e1ndez, explic\u00f3 que adem\u00e1s hab\u00edan organizado un circuito de educaci\u00f3n vial para los ni\u00f1os y un punto de reparaci\u00f3n de bicicletas. \u00abHan venido ni\u00f1os de 3 a\u00f1itos y es importante educarlos porque evidentemente hay peligros, pero hay que ense\u00f1arles c\u00f3mo es pasear en bicicleta por la ciudad\u00bb, concluy\u00f3.<\/p>\n","protected":false},"excerpt":{"rendered":"Alexandra y su hija Mar\u00eda Luce se han sumado este s\u00e1bado a la celebraci\u00f3n en Vila de la&hellip;\n","protected":false},"author":2,"featured_media":130958,"comment_status":"","ping_status":"","sticky":false,"template":"","format":"standard","meta":{"footnotes":""},"categories":[273],"tags":[6081,5738,313,312,168,25,24,6082,6083,23,167],"class_list":{"0":"post-130957","1":"post","2":"type-post","3":"status-publish","4":"format-standard","5":"has-post-thumbnail","7":"category-ciclismo","8":"tag-actualidad-ibiza","9":"tag-al-dia","10":"tag-ciclismo","11":"tag-cycling","12":"tag-deportes","13":"tag-es","14":"tag-espana","15":"tag-informacion-ibiza","16":"tag-lugares-ibiza","17":"tag-spain","18":"tag-sports"},"share_on_mastodon":{"url":"","error":""},"_links":{"self":[{"href":"https:\/\/www.europesays.com\/es\/wp-json\/wp\/v2\/posts\/130957","targetHints":{"allow":["GET"]}}],"collection":[{"href":"https:\/\/www.europesays.com\/es\/wp-json\/wp\/v2\/posts"}],"about":[{"href":"https:\/\/www.europesays.com\/es\/wp-json\/wp\/v2\/types\/post"}],"author":[{"embeddable":true,"href":"https:\/\/www.europesays.com\/es\/wp-json\/wp\/v2\/users\/2"}],"replies":[{"embeddable":true,"href":"https:\/\/www.europesays.com\/es\/wp-json\/wp\/v2\/comments?post=130957"}],"version-history":[{"count":0,"href":"https:\/\/www.europesays.com\/es\/wp-json\/wp\/v2\/posts\/130957\/revisions"}],"wp:featuredmedia":[{"embeddable":true,"href":"https:\/\/www.europesays.com\/es\/wp-json\/wp\/v2\/media\/130958"}],"wp:attachment":[{"href":"https:\/\/www.europesays.com\/es\/wp-json\/wp\/v2\/media?parent=130957"}],"wp:term":[{"taxonomy":"category","embeddable":true,"href":"https:\/\/www.europesays.com\/es\/wp-json\/wp\/v2\/categories?post=130957"},{"taxonomy":"post_tag","embeddable":true,"href":"https:\/\/www.europesays.com\/es\/wp-json\/wp\/v2\/tags?post=130957"}],"curies":[{"name":"wp","href":"https:\/\/api.w.org\/{rel}","templated":true}]}}