{"id":130959,"date":"2025-09-22T03:56:09","date_gmt":"2025-09-22T03:56:09","guid":{"rendered":"https:\/\/www.europesays.com\/es\/130959\/"},"modified":"2025-09-22T03:56:09","modified_gmt":"2025-09-22T03:56:09","slug":"verstappen-vuelve-a-la-lucha-por-el-titulo-de-f1-marko-quiere-esperar-a-singapur","status":"publish","type":"post","link":"https:\/\/www.europesays.com\/es\/130959\/","title":{"rendered":"\u00bfVerstappen vuelve a la lucha por el t\u00edtulo de F1? Marko quiere esperar a Singapur"},"content":{"rendered":"<p><a href=\"https:\/\/lat.motorsport.com\/driver\/max-verstappen\/465982\/\" target=\"_blank\" rel=\"noopener nofollow\">Max Verstappen<\/a> ha dominado en Bak\u00fa por segundo fin de semana de carrera consecutivo. A una demostraci\u00f3n en la casa de los tifosi (Monza) le sigui\u00f3 esta vez una convincente victoria en Azerbaiy\u00e1n. Verstappen duplica as\u00ed su n\u00famero de victorias en 2025 en el espacio de unas pocas semanas. Sin embargo, lo m\u00e1s importante es que esta victoria demuestra que Monza no fue un caso aislado. Es tambi\u00e9n la principal conclusi\u00f3n que Helmut Marko saca despu\u00e9s en el paddock.<\/p>\n<p>\u00bfQu\u00e9 importancia tiene el nuevo suelo para Red Bull?<\/p>\n<p>\u00abHa sido una carrera perfecta. En realidad era como el ajedrez: &#8216;Max haz esto, haz lo otro, ah\u00ed dos d\u00e9cimas m\u00e1s r\u00e1pido'\u00bb, se re\u00eda Marko tras la ceremonia del podio. \u00abPor encima de todo, esto demuestra que Monza no fue una carrera aislada. La tendencia ahora es que hemos progresado en dos circuitos diferentes, y esta pista tampoco se parece mucho a Monza. Adem\u00e1s, en los dos \u00faltimos a\u00f1os lo ten\u00edamos muy dif\u00edcil\u00bb, continu\u00f3 el austriaco tras ser preguntado por Motorsport.com.<\/p>\n<p>\u00abEsto demuestra que hemos dado un gran paso con el coche. La ventana del coche es m\u00e1s amplia y, como he dicho, tambi\u00e9n tenemos un enfoque diferente en c\u00f3mo ponemos a punto el coche y c\u00f3mo afrontamos un fin de semana. Todo eso funciona bien\u00bb. Significa que se est\u00e1n conjugando varios factores. Marko menciona el enfoque renovado, aunque Red Bull tambi\u00e9n introdujo un nuevo suelo hace unas semanas, que parece estar funcionando bien. \u00abEse fue un paso importante, s\u00ed, pero no la \u00fanica raz\u00f3n\u00bb.<\/p>\n<p>Verstappen vuelve a la lucha? Singapur una carrera clave<\/p>\n<p>La progresi\u00f3n ya ha llevado al jefe del equipo McLaren, Andrea Stella, a anunciar el s\u00e1bado por la noche que, en su opini\u00f3n, Verstappen vuelve a estar en la lucha por el t\u00edtulo, y eso antes de que el holand\u00e9s haya recortado 25 puntos a <a href=\"https:\/\/lat.motorsport.com\/driver\/oscar-piastri\/828724\/\" target=\"_blank\" rel=\"noopener nofollow\">Oscar Piastri<\/a>. Marko, sin embargo, no quiere ir tan lejos todav\u00eda.<\/p>\n<p>\u00abEse es el optimismo de Andrea. A m\u00ed no me gustar\u00eda decirlo todav\u00eda, quiz\u00e1 podamos pensar en ello despu\u00e9s de Singapur. La diferencia sigue siendo de 69 puntos y no ocurre muy a menudo que un <a href=\"https:\/\/lat.motorsport.com\/team\/mclaren-f1\/25727\/\" target=\"_blank\" rel=\"noopener nofollow\">McLaren<\/a> no termine. Pero esperemos a ver qu\u00e9 pasa. Todos estamos deseando que llegue Singapur para ver si somos competitivos all\u00ed. Si lo somos, entonces quiz\u00e1 podamos empezar a so\u00f1ar\u00bb.<\/p>\n<p>Singapur promete ser un enfrentamiento importante, la verdadera prueba para ver si la progresi\u00f3n de Red Bull se aplica en todas partes. El circuito es de alta carga aerodin\u00e1mica e implica un trazado urbano lleno de baches, dos factores que no parecen convenir de antemano a Red Bull. \u00abNo s\u00f3lo es de alta carga aerodin\u00e1mica, sino que siempre hace un calor terrible all\u00ed&#8230;.. Ese es otro aspecto que no le gusta a nuestro coche. Singapur ser\u00e1 la verdadera prueba por eso\u00bb. Dicho esto, Verstappen al menos vuelve a estar en condiciones de presionar a McLaren. \u00abSiempre decimos que tenemos que estar lo m\u00e1s cerca posible para ponerles nerviosos\u00bb, dijo.<\/p>\n<p>Aparte de la carga de errores de los pilotos de McLaren, la velocidad pura tampoco ha estado ah\u00ed en los dos \u00faltimos fines de semana de carrera. \u00bfOfrece eso a Red Bull y a Marko un poco m\u00e1s de esperanza? \u00abMcLaren todav\u00eda parec\u00eda bastante competitivo el viernes, pero despu\u00e9s no vino nada. No s\u00e9 cu\u00e1l fue la raz\u00f3n, quiz\u00e1s bajaron las temperaturas, eso normalmente nos ayuda. Singapur ser\u00e1 una historia completamente diferente, pero si podemos ser competitivos all\u00ed &#8230;. No necesitamos ganar, pero si estamos por delante o cerca de McLaren, ya ser\u00eda bueno\u00bb.<\/p>\n","protected":false},"excerpt":{"rendered":"Max Verstappen ha dominado en Bak\u00fa por segundo fin de semana de carrera consecutivo. A una demostraci\u00f3n en&hellip;\n","protected":false},"author":2,"featured_media":130960,"comment_status":"","ping_status":"","sticky":false,"template":"","format":"standard","meta":{"footnotes":""},"categories":[270],"tags":[37379,168,25,24,306,271,272,1230,37378,12405,2099,2089,2092,23,167,41960],"class_list":{"0":"post-130959","1":"post","2":"type-post","3":"status-publish","4":"format-standard","5":"has-post-thumbnail","7":"category-formula-1","8":"tag-baku-city-circuit","9":"tag-deportes","10":"tag-es","11":"tag-espana","12":"tag-f1","13":"tag-formula-1","14":"tag-formula1","15":"tag-fu00f3rmula-1","16":"tag-gp-de-azerbaiyu00e1n","17":"tag-helmut-marko","18":"tag-max-verstappen","19":"tag-mclaren-f1","20":"tag-red-bull-racing","21":"tag-spain","22":"tag-sports","23":"tag-u00bfverstappen-vuelve-a-la-lucha-por-el-tu00edtulo-de-f1-marko-quiere-esperar-a-singapur"},"share_on_mastodon":{"url":"","error":""},"_links":{"self":[{"href":"https:\/\/www.europesays.com\/es\/wp-json\/wp\/v2\/posts\/130959","targetHints":{"allow":["GET"]}}],"collection":[{"href":"https:\/\/www.europesays.com\/es\/wp-json\/wp\/v2\/posts"}],"about":[{"href":"https:\/\/www.europesays.com\/es\/wp-json\/wp\/v2\/types\/post"}],"author":[{"embeddable":true,"href":"https:\/\/www.europesays.com\/es\/wp-json\/wp\/v2\/users\/2"}],"replies":[{"embeddable":true,"href":"https:\/\/www.europesays.com\/es\/wp-json\/wp\/v2\/comments?post=130959"}],"version-history":[{"count":0,"href":"https:\/\/www.europesays.com\/es\/wp-json\/wp\/v2\/posts\/130959\/revisions"}],"wp:featuredmedia":[{"embeddable":true,"href":"https:\/\/www.europesays.com\/es\/wp-json\/wp\/v2\/media\/130960"}],"wp:attachment":[{"href":"https:\/\/www.europesays.com\/es\/wp-json\/wp\/v2\/media?parent=130959"}],"wp:term":[{"taxonomy":"category","embeddable":true,"href":"https:\/\/www.europesays.com\/es\/wp-json\/wp\/v2\/categories?post=130959"},{"taxonomy":"post_tag","embeddable":true,"href":"https:\/\/www.europesays.com\/es\/wp-json\/wp\/v2\/tags?post=130959"}],"curies":[{"name":"wp","href":"https:\/\/api.w.org\/{rel}","templated":true}]}}