{"id":130963,"date":"2025-09-22T03:58:08","date_gmt":"2025-09-22T03:58:08","guid":{"rendered":"https:\/\/www.europesays.com\/es\/130963\/"},"modified":"2025-09-22T03:58:08","modified_gmt":"2025-09-22T03:58:08","slug":"el-elche-sufre-para-ganar-al-oviedo-pero-sigue-como-un-cohete","status":"publish","type":"post","link":"https:\/\/www.europesays.com\/es\/130963\/","title":{"rendered":"El Elche sufre para ganar al Oviedo pero sigue como un cohete"},"content":{"rendered":"<p data-gtm-element-container=\"modulo-texto-link\" class=\"paragraph\">El Elche sigue invicto y firmando un hist\u00f3rico arranque tras el triunfo logrado este domingo ante el Oviedo, tres puntos sufridos pues los asturianos apretaron mucho en la segunda parte y el <strong>empate sobrevol\u00f3 en el Mart\u00ednez Valero <\/strong>pero la reacci\u00f3n lleg\u00f3 tarde.<\/p>\n<p data-gtm-element-container=\"modulo-texto-link\" class=\"paragraph\">El equipo de Sarabia se avanz\u00f3 pronto con <strong>un gol de Andr\u00e9 Da Silva<\/strong> (9&#8242;) y pudo ampliar su ventaja en una primera parte donde domin\u00f3 y someti\u00f3 a su rival, mereciendo la sentencia. Pero en la segunda parte el Oviedo<strong> gracias a los cambios de Paunovic<\/strong>, compiti\u00f3 mucho mejor y tuvo chance para marcar pero le falt\u00f3 pegada y acierto ante<strong> un buen I\u00f1aki Pe\u00f1a,<\/strong> el portero cedido por el Bar\u00e7a,  y que dej\u00f3 buenas sensaciones en su estreno con el equipo ilicitano.<\/p>\n<p>[+] Mira el resumen en datos del partido:<\/p>\n<p>            <img decoding=\"async\" alt=\"El Elche sufre para ganar al Oviedo pero sigue como un cohete\" heigth=\"3000\" width=\"544\" src=\"https:\/\/www.europesays.com\/es\/wp-content\/uploads\/2025\/09\/68d058055a0c4.jpeg\" class=\"lazy\"\/><\/p>\n<p>                 Video<\/p>\n<p class=\"caption-title video-caption-title \">El Elche se queda los tres puntos ante el Oviedo en el Mart\u00ednez Valero<\/p>\n<p>            <video data-source=\"jwplatform\" video-id=\"fbErJJ8W\"\/><\/p>\n<p data-gtm-element-container=\"modulo-texto-link\" class=\"paragraph\">El Elche sali\u00f3 en modo apisonadora, convencido de poder alargar su buena racha, invicto en el campeonato. <strong>Los de Eder Sarabia<\/strong> se hicieron con el bal\u00f3n, sometiendo a un Oviedo agazapado, aunque <strong>Rond\u00f3n dio el primer susto<\/strong> a la parroquia local sin suerte.<\/p>\n<p data-gtm-element-container=\"modulo-texto-link\" class=\"paragraph\">Pero pronto el once local rasc\u00f3 premio. En el minuto 9 un buen ataque colectivo, que<strong> inici\u00f3 Mendoza, sirviendo a Valera<\/strong> para poner un gran centro a <strong>Andr\u00e9 Da Silva<\/strong>. Y el ariete aprovech\u00f3 de lujo el error del central y el flojo despeje del mera  <strong>Aar\u00f3n Escandell<\/strong> para marcar a placer y poner el 1-0.<\/p>\n<p data-gtm-element-container=\"modulo-texto-link\" class=\"paragraph\">Sigui\u00f3 mandando el Elche ante un Oviedo que no encontraba soluciones, <strong>muy solo Hassan en ataque<\/strong> ante la segura retaguardia local. El duelo lleg\u00f3 al descanso con alguna opci\u00f3n del Elche para haber ampliado incluso su ventaja antes de irse a la ducha.<\/p>\n<p>    Lee tambi\u00e9n<\/p>\n<p data-gtm-element-container=\"modulo-texto-link\" class=\"paragraph\">El<strong> equipo de Sarabia sali\u00f3 de nuevo enchufado<\/strong> en el segundo acto y el portero<strong> Aaron Escandell s<\/strong>e luci\u00f3 para evitar el segundo local con el chut a bocajarro de <strong>Rafa Mir.<\/strong> Sigui\u00f3 mordiendo el Elche, buscando encarrilar el triunfo y la <strong>madera del larguero<\/strong> se interpuso en dos ocasiones para que <strong>el disparo mordido de Rafa Mir<\/strong> no se acabara colando en la porter\u00eda carbayona (52\u2019). Pero cambi\u00f3 el panorama.<\/p>\n<p>                     Galer\u00eda<\/p>\n<p>                <img loading=\"lazy\" decoding=\"async\" data-full-src=\"https:\/\/www.mundodeportivo.com\/uploads\/2025\/09\/21\/68d03c3f9abc0.jpeg\" alt=\"Horizontal\" src=\"https:\/\/www.europesays.com\/es\/wp-content\/uploads\/2025\/09\/68d03c3f9abc0.jpeg\" class=\"lazy\" width=\"449\" height=\"299\"\/><\/p>\n<p>                    <a class=\"caption-title \" href=\"https:\/\/www.mundodeportivo.com\/futbol\/laliga\/20250921\/1002536404\/elche-oviedo-imagenes.html\" rel=\"nofollow noopener\" target=\"_blank\">Elche &#8211; Oviedo, en im\u00e1genes<\/a><\/p>\n<p>                    Aitor Alcalde \/ Getty<\/p>\n<p data-gtm-element-container=\"modulo-texto-link\" class=\"paragraph\"><strong>\u00a0Paunovic<\/strong> movi\u00f3 fichas, buscando la reacci\u00f3n, y los cambios que fue introduciendo, sobre todo el de <strong>Cazorla e Ilyas<\/strong>, mejoraron el juego del Oviedo. Y empez\u00f3 a llegar con veneno a <strong>la meta de I\u00f1aki Pe\u00f1a, <\/strong>que este domingo debutaba bajo palos en el  Elche. <strong>Rond\u00f3n<\/strong>\u00a0la tuvo en el 64\u2019, aprovechando la indecisi\u00f3n de la zaga. Como<strong> Ilyas (68\u2019)  y \u00c1lex For\u00e9s<\/strong> (74\u2019),  pero el ex meta del Barcelona se mostr\u00f3 seguro.<\/p>\n<tr>\n<td align=\"left\" valign=\"middle\" width=\"36.79%\">\n13 I\u00f1aki Pe\u00f1a <\/td>\n<td valign=\"middle\" align=\"right\" width=\"18.49\"\/>\n<td align=\"left\" valign=\"middle\" width=\"36.79%\">\n13 Aar\u00f3n Escandell <\/td>\n<td valign=\"middle\" align=\"right\" width=\"18.49\"\/>\n<\/tr>\n<tr>\n<td align=\"left\" valign=\"middle\" width=\"36.79%\">\n15 \u00c1lvaro N\u00fa\u00f1ez <\/td>\n<td valign=\"middle\" align=\"right\" width=\"18.49\"\/>\n<td align=\"left\" valign=\"middle\" width=\"36.79%\">\n22 Nacho Vidal 65&#8242;<\/td>\n<td valign=\"middle\" align=\"right\" width=\"18.49\"\/>\n<\/tr>\n<tr>\n<td align=\"left\" valign=\"middle\" width=\"36.79%\">\n22 David Affengruber <\/td>\n<td valign=\"middle\" align=\"right\" width=\"18.49\"\/>\n<td align=\"left\" valign=\"middle\" width=\"36.79%\">\n(24 Lucas Ahijado)\n<\/td>\n<td valign=\"middle\" align=\"right\" width=\"18.49\"\/>\n<\/tr>\n<tr>\n<td align=\"left\" valign=\"middle\" width=\"36.79%\">\n6 P. Bigas <\/td>\n<td valign=\"middle\" align=\"right\" width=\"18.49\"\/>\n<td align=\"left\" valign=\"middle\" width=\"36.79%\">\n12 Dani Calvo <\/td>\n<td valign=\"middle\" align=\"right\" width=\"18.49\"\/>\n<\/tr>\n<tr>\n<td align=\"left\" valign=\"middle\" width=\"36.79%\">\n16 Martim Neto 72&#8242;<\/td>\n<td valign=\"middle\" align=\"right\" width=\"18.49\"\/>\n<td align=\"left\" valign=\"middle\" width=\"36.79%\">\n16 David Carmo <\/td>\n<td valign=\"middle\" align=\"right\" width=\"18.49\"\/>\n<\/tr>\n<tr>\n<td align=\"left\" valign=\"middle\" width=\"36.79%\">\n(21 L. Petrot)\n<\/td>\n<td valign=\"middle\" align=\"right\" width=\"18.49\"\/>\n<td align=\"left\" valign=\"middle\" width=\"36.79%\">\n3 R. Alhassane <\/td>\n<td valign=\"middle\" align=\"right\" width=\"18.49\"\/>\n<\/tr>\n<tr>\n<td align=\"left\" valign=\"middle\" width=\"36.79%\">\n14 Aleix Febas <\/td>\n<td valign=\"middle\" align=\"right\" width=\"18.49\"\/>\n<td align=\"left\" valign=\"middle\" width=\"36.79%\">\n20 L. Dendoncker <\/td>\n<td valign=\"middle\" align=\"right\" width=\"18.49\"\/>\n<\/tr>\n<tr>\n<td align=\"left\" valign=\"middle\" width=\"36.79%\">\n17 Josan 78&#8242;<\/td>\n<td valign=\"middle\" align=\"right\" width=\"18.49\"\/>\n<td align=\"left\" valign=\"middle\" width=\"36.79%\">\n6 Kwasi Sibo 71&#8242;<\/td>\n<td valign=\"middle\" align=\"right\" width=\"18.49\"\/>\n<\/tr>\n<tr>\n<td align=\"left\" valign=\"middle\" width=\"36.79%\">\n(39 H\u00e9ctor Fort)\n<\/td>\n<td valign=\"middle\" align=\"right\" width=\"18.49\"\/>\n<td align=\"left\" valign=\"middle\" width=\"36.79%\">\n(5 A. Reina)\n<\/td>\n<td valign=\"middle\" align=\"right\" width=\"18.49\"\/>\n<\/tr>\n<tr>\n<td align=\"left\" valign=\"middle\" width=\"36.79%\">\n30 Rodrigo Mendoza 87&#8242;<\/td>\n<td valign=\"middle\" align=\"right\" width=\"18.49\"\/>\n<td align=\"left\" valign=\"middle\" width=\"36.79%\">\n10 H. Hassan 58&#8242;<\/td>\n<td valign=\"middle\" align=\"right\" width=\"18.49\"\/>\n<\/tr>\n<tr>\n<td align=\"left\" valign=\"middle\" width=\"36.79%\">\n(8 Marc Aguado)\n<\/td>\n<td valign=\"middle\" align=\"right\" width=\"18.49\"\/>\n<td align=\"left\" valign=\"middle\" width=\"36.79%\">\n(7 Ilyas Chaira)\n<\/td>\n<td valign=\"middle\" align=\"right\" width=\"18.49\"\/>\n<\/tr>\n<tr>\n<td align=\"left\" valign=\"middle\" width=\"36.79%\">\n11 Germ\u00e1n Valera 72&#8242;<\/td>\n<td valign=\"middle\" align=\"right\" width=\"18.49\"\/>\n<td align=\"left\" valign=\"middle\" width=\"36.79%\">\n21 Luka Ili\u0107 71&#8242;<\/td>\n<td valign=\"middle\" align=\"right\" width=\"18.49\"\/>\n<\/tr>\n<tr>\n<td align=\"left\" valign=\"middle\" width=\"36.79%\">\n(19 G. Diangana)\n<\/td>\n<td valign=\"middle\" align=\"right\" width=\"18.49\"\/>\n<td align=\"left\" valign=\"middle\" width=\"36.79%\">\n(19 \u00c1lex For\u00e9s)\n<\/td>\n<td valign=\"middle\" align=\"right\" width=\"18.49\"\/>\n<\/tr>\n<tr>\n<td align=\"left\" valign=\"middle\" width=\"36.79%\">\n9 Andr\u00e9 Silva <\/td>\n<td valign=\"middle\" align=\"right\" width=\"18.49\"\/>\n<td align=\"left\" valign=\"middle\" width=\"36.79%\">\n18 Josip Brekalo 58&#8242;<\/td>\n<td valign=\"middle\" align=\"right\" width=\"18.49\"\/>\n<\/tr>\n<tr>\n<td align=\"left\" valign=\"middle\" width=\"36.79%\">\n10 Rafa Mir 87&#8242;<\/td>\n<td valign=\"middle\" align=\"right\" width=\"18.49\"\/>\n<td align=\"left\" valign=\"middle\" width=\"36.79%\">\n(8 Santi Cazorla)\n<\/td>\n<td valign=\"middle\" align=\"right\" width=\"18.49\"\/>\n<\/tr>\n<tr>\n<td align=\"left\" valign=\"middle\" width=\"36.79%\">\n(4 Bambo Diaby)\n<\/td>\n<td valign=\"middle\" align=\"right\" width=\"18.49\"\/>\n<td align=\"left\" valign=\"middle\" width=\"36.79%\">\n23 S. Rond\u00f3n <\/td>\n<td valign=\"middle\" align=\"right\" width=\"18.49\"\/>\n<\/tr>\n<tr>\n<td align=\"left\" valign=\"middle\" width=\"36.79%\">\n <\/td>\n<td valign=\"middle\" align=\"right\" width=\"18.49\"\/>\n<td align=\"left\" valign=\"middle\" width=\"36.79%\">\n <\/td>\n<td valign=\"middle\" align=\"right\" width=\"18.49\"\/>\n<\/tr>\n<p class=\"negrita\">Goles:(1-0) Andr\u00e9 Silva (9&#8242;) <\/p>\n<p class=\"negrita\">Tarjetas:L P. Bigas (37&#8242;), David Affengruber (38&#8242;), L. Dendoncker (59&#8242;), S. Rond\u00f3n (66&#8242;)L <\/p>\n<p class=\"negrita\">\u00c1rbitro: Miguel Sesma Espinosa<\/p>\n<p class=\"negrita\">Espectadores:  27.235  en el Estadio Mart\u00ednez Valero<\/p>\n<tr class=\"lomejor\">\n<td class=\"topo mejor\"\/>\n<td align=\"left\" class=\"comentario\">\nLO MEJOR La gran primera parte del Elche y su hist\u00f3rica racha<\/td>\n<\/tr>\n<tr class=\"lopeor\">\n<td class=\"topo peor\"\/>\n<td align=\"left\" class=\"comentario\">\nLO PEOR La falta de pegada de un Oviedo que reaccion\u00f3 tarde<\/td>\n<\/tr>\n<p data-gtm-element-container=\"modulo-texto-link\" class=\"paragraph\"><strong>For\u00e9s logr\u00f3 empatar e<\/strong>n el 80\u2019 pero su tanto fue anulado por un ajustado fuera de juego, apretando el once asturiano ante un Elche que tem\u00eda por su triunfo por la m\u00ednima. Y sufr\u00eda ante un Oviedo que <strong>se volc\u00f3 y de nuevo Rond\u00f3n tuvo el empate<\/strong> en sus botas (83\u2019), pero su disparo sali\u00f3 blando y<strong> logr\u00f3 despejar Pe\u00f1a.<\/strong> Apret\u00f3 con todo el Oviedo ante un Elche que defend\u00eda su preciado triunfo como gato panza arriba y lo logr\u00f3 al final, pues a los asturianos les fa<strong>lt\u00f3 acierto para haber rascado bot\u00edn. <\/strong>El Elche sigue so\u00f1ando.<\/p>\n","protected":false},"excerpt":{"rendered":"El Elche sigue invicto y firmando un hist\u00f3rico arranque tras el triunfo logrado este domingo ante el Oviedo,&hellip;\n","protected":false},"author":2,"featured_media":130964,"comment_status":"","ping_status":"","sticky":false,"template":"","format":"standard","meta":{"footnotes":""},"categories":[268],"tags":[168,25,24,280,282,281,23,167],"class_list":{"0":"post-130963","1":"post","2":"type-post","3":"status-publish","4":"format-standard","5":"has-post-thumbnail","7":"category-futbol","8":"tag-deportes","9":"tag-es","10":"tag-espana","11":"tag-football","12":"tag-futbol","13":"tag-soccer","14":"tag-spain","15":"tag-sports"},"share_on_mastodon":{"url":"","error":""},"_links":{"self":[{"href":"https:\/\/www.europesays.com\/es\/wp-json\/wp\/v2\/posts\/130963","targetHints":{"allow":["GET"]}}],"collection":[{"href":"https:\/\/www.europesays.com\/es\/wp-json\/wp\/v2\/posts"}],"about":[{"href":"https:\/\/www.europesays.com\/es\/wp-json\/wp\/v2\/types\/post"}],"author":[{"embeddable":true,"href":"https:\/\/www.europesays.com\/es\/wp-json\/wp\/v2\/users\/2"}],"replies":[{"embeddable":true,"href":"https:\/\/www.europesays.com\/es\/wp-json\/wp\/v2\/comments?post=130963"}],"version-history":[{"count":0,"href":"https:\/\/www.europesays.com\/es\/wp-json\/wp\/v2\/posts\/130963\/revisions"}],"wp:featuredmedia":[{"embeddable":true,"href":"https:\/\/www.europesays.com\/es\/wp-json\/wp\/v2\/media\/130964"}],"wp:attachment":[{"href":"https:\/\/www.europesays.com\/es\/wp-json\/wp\/v2\/media?parent=130963"}],"wp:term":[{"taxonomy":"category","embeddable":true,"href":"https:\/\/www.europesays.com\/es\/wp-json\/wp\/v2\/categories?post=130963"},{"taxonomy":"post_tag","embeddable":true,"href":"https:\/\/www.europesays.com\/es\/wp-json\/wp\/v2\/tags?post=130963"}],"curies":[{"name":"wp","href":"https:\/\/api.w.org\/{rel}","templated":true}]}}