{"id":130967,"date":"2025-09-22T04:01:08","date_gmt":"2025-09-22T04:01:08","guid":{"rendered":"https:\/\/www.europesays.com\/es\/130967\/"},"modified":"2025-09-22T04:01:08","modified_gmt":"2025-09-22T04:01:08","slug":"se-dico-libro-intendo-lettura-italia-invitado-de-honor-en-la-47a-feria-del-libro","status":"publish","type":"post","link":"https:\/\/www.europesays.com\/es\/130967\/","title":{"rendered":"Se dico libro, intendo lettura (Italia invitado de honor en la 47\u00aa Feria del Libro)"},"content":{"rendered":"<p dir=\"ltr\">Durante la feria se podr\u00e1 visitar el stand de Italia, ubicado en el entrepiso de la Intendencia. All\u00ed, antes y despu\u00e9s de cada evento, habr\u00e1 venta de libros en italiano.<\/p>\n<p>&#13;<\/p>\n<p dir=\"ltr\">Una de las propuestas destacadas ser\u00e1 \u201cCarissimo Pinocchio\u201d, dedicada al c\u00e9lebre personaje de Carlo Collodi y a su perdurable influencia en la cultura y el arte. A trav\u00e9s de ilustraciones, ediciones especiales y material gr\u00e1fico, la exposici\u00f3n recorre la evoluci\u00f3n de Le avventure di Pinocchio desde el siglo XIX hasta sus reinterpretaciones actuales.<\/p>\n<p>&#13;<\/p>\n<p dir=\"ltr\">La muestra invita a redescubrir el valor simb\u00f3lico y art\u00edstico de esta obra fundamental de la literatura italiana, que sigue inspirando generaciones con sus mensajes sobre la curiosidad, la perseverancia y la honestidad.<\/p>\n<p>&#13;<\/p>\n<p dir=\"ltr\">Por otra parte, entre los invitados especiales se destacan autores como Francesca Cavallo, escritora y activista, que presentar\u00e1 \u201cCuentos del espacio para hombres del ma\u00f1ana\u201d, en una charla que tendr\u00e1 lugar el s\u00e1bado 27 de setiembre en la Sala Roja, y que cerrar\u00e1 con el sorteo de un libro entre los presentes.<\/p>\n<p>&#13;<\/p>\n<p dir=\"ltr\">Tambi\u00e9n estar\u00e1n presentes Andrea Frediani, historiador y novelista especializado en ficci\u00f3n hist\u00f3rica, y Francisco Spiedo, representante de una nueva generaci\u00f3n de narradores italianos con una mirada urbana y contempor\u00e1nea. Ambos participar\u00e1n en mesas redondas, charlas y firmas de libros, y finalizar\u00e1n con el sorteo de un libro entre los presentes.<\/p>\n<p>&#13;<\/p>\n<p dir=\"ltr\">Dentro de la programaci\u00f3n se destaca la obra teatral \u201c\u00bfDe qui\u00e9n es esta \u00e9poca, Pasolini?\u201d, de Ettore Oldi, una propuesta sobre memoria, rebeld\u00eda y la urgencia de no callar, interpretada por Renata Denevi y dirigida por el director italiano Gianluca Barbadori. Se presentar\u00e1 el domingo 28 de setiembre en la Sala Roja.<\/p>\n<p>&#13;<\/p>\n<p dir=\"ltr\">Asimismo, el lunes 6 de octubre en el Sal\u00f3n Azul se proyectar\u00e1 por primera vez en Uruguay la pel\u00edcula \u201cIl colibr\u00ec\u201d, dirigido por Francesca Archibugi y basado en la novela hom\u00f3nima de Sandro Veronesi, una historia de amor, resiliencia y p\u00e9rdida. La obra literaria en su idioma original tambi\u00e9n estar\u00e1 disponible en el stand del pa\u00eds.<\/p>\n<p>&#13;<\/p>\n<p dir=\"ltr\">La programaci\u00f3n acad\u00e9mica incluir\u00e1 dos conferencias de la historiadora del arte Giulia Ampollini. El s\u00e1bado 4 de octubre en el stand de Italia, presentar\u00e1 la charla \u201c\u00bfEsto es arte?\u201d, en la que buscar\u00e1 entender c\u00f3mo acercarse al arte contempor\u00e1neo. Adem\u00e1s, el martes 7 de octubre y en el mismo lugar protagonizar\u00e1 \u201cViajes en las bibliotecas m\u00e1s bellas de Italia\u201d, un recorrido hist\u00f3rico y art\u00edstico por sus estructuras, colecciones y obras emblem\u00e1ticas.<\/p>\n<p>&#13;<\/p>\n<p dir=\"ltr\">El cierre de la feria estar\u00e1 a cargo del concierto \u201cCanciones del Festival de San Remo\u201d, que se celebrar\u00e1 el 12 de octubre en el Sal\u00f3n Azul. El espect\u00e1culo, homenaje a Domenico Modugno, Iva Zanicchi y Nicola Di Bari, contar\u00e1 con la participaci\u00f3n de Gerardo Marandino, Beatriz Lozano y Julio C\u00e9sar Huertas en el piano.<\/p>\n<p>&#13;<\/p>\n<p dir=\"ltr\">Estas y muchas m\u00e1s actividades estar\u00e1n disponibles durante la <strong>Feria Internacional del Libro<\/strong> en el stand del pa\u00eds europeo. La participaci\u00f3n de Italia como pa\u00eds invitado de honor busca tender puentes entre culturas, generaciones y disciplinas. Esta presencia no solo celebra la riqueza del patrimonio italiano, sino tambi\u00e9n su vitalidad contempor\u00e1nea y su permanente vocaci\u00f3n de di\u00e1logo con el mundo.<\/p>\n<p>&#13;<\/p>\n","protected":false},"excerpt":{"rendered":"Durante la feria se podr\u00e1 visitar el stand de Italia, ubicado en el entrepiso de la Intendencia. All\u00ed,&hellip;\n","protected":false},"author":2,"featured_media":130968,"comment_status":"","ping_status":"","sticky":false,"template":"","format":"standard","meta":{"footnotes":""},"categories":[172],"tags":[224,146,147,25,24,225,23],"class_list":{"0":"post-130967","1":"post","2":"type-post","3":"status-publish","4":"format-standard","5":"has-post-thumbnail","7":"category-libros","8":"tag-books","9":"tag-entertainment","10":"tag-entretenimiento","11":"tag-es","12":"tag-espana","13":"tag-libros","14":"tag-spain"},"share_on_mastodon":{"url":"","error":""},"_links":{"self":[{"href":"https:\/\/www.europesays.com\/es\/wp-json\/wp\/v2\/posts\/130967","targetHints":{"allow":["GET"]}}],"collection":[{"href":"https:\/\/www.europesays.com\/es\/wp-json\/wp\/v2\/posts"}],"about":[{"href":"https:\/\/www.europesays.com\/es\/wp-json\/wp\/v2\/types\/post"}],"author":[{"embeddable":true,"href":"https:\/\/www.europesays.com\/es\/wp-json\/wp\/v2\/users\/2"}],"replies":[{"embeddable":true,"href":"https:\/\/www.europesays.com\/es\/wp-json\/wp\/v2\/comments?post=130967"}],"version-history":[{"count":0,"href":"https:\/\/www.europesays.com\/es\/wp-json\/wp\/v2\/posts\/130967\/revisions"}],"wp:featuredmedia":[{"embeddable":true,"href":"https:\/\/www.europesays.com\/es\/wp-json\/wp\/v2\/media\/130968"}],"wp:attachment":[{"href":"https:\/\/www.europesays.com\/es\/wp-json\/wp\/v2\/media?parent=130967"}],"wp:term":[{"taxonomy":"category","embeddable":true,"href":"https:\/\/www.europesays.com\/es\/wp-json\/wp\/v2\/categories?post=130967"},{"taxonomy":"post_tag","embeddable":true,"href":"https:\/\/www.europesays.com\/es\/wp-json\/wp\/v2\/tags?post=130967"}],"curies":[{"name":"wp","href":"https:\/\/api.w.org\/{rel}","templated":true}]}}