{"id":130979,"date":"2025-09-22T04:07:29","date_gmt":"2025-09-22T04:07:29","guid":{"rendered":"https:\/\/www.europesays.com\/es\/130979\/"},"modified":"2025-09-22T04:07:29","modified_gmt":"2025-09-22T04:07:29","slug":"el-principe-harry-y-meghan-markle-reaparecen-en-santa-barbara-y-eclipsan-el-acto-benefico-de-kevin-costner","status":"publish","type":"post","link":"https:\/\/www.europesays.com\/es\/130979\/","title":{"rendered":"El pr\u00edncipe Harry y Meghan Markle reaparecen en Santa B\u00e1rbara y eclipsan el acto ben\u00e9fico de Kevin Costner"},"content":{"rendered":"<p id=\"epMQPUtQVy\" data-wc=\"65\">E<strong>l pr\u00edncipe Harry y Meghan Markle<\/strong> acapararon todas las miradas durante<strong>\u00a0el concierto ben\u00e9fico One805 Live,<\/strong> celebrado este s\u00e1bado en Santa B\u00e1rbara. El evento, impulsado cada a\u00f1o por <strong>Kevin Costner desde su creaci\u00f3n en 2018,<\/strong> tiene como prop\u00f3sito recaudar fondos para los servicios de emergencia del condado, y se desarrolla en la espectacular finca que el actor posee frente al Pac\u00edfico, en la costa californiana.\u00a0<\/p>\n<p> <img src=\"https:\/\/www.europesays.com\/es\/wp-content\/uploads\/2025\/09\/ac884d369536-dlu591676027.jpg\"   width=\"1024\" height=\"746\" loading=\"lazy\" decoding=\"async\" alt=\"Media Image\" fetchpriority=\"auto\" class=\"image ho-image\"\/>\u00a9 GTRES<\/p>\n<p id=\"e-D-zm2x9vP\" data-wc=\"58\">Desde que se instalaron en Montecito en 2020, los <strong>duques de Sussex siempre se han mostrado muy implicados en las causas sociales de su comunidad.<\/strong> De hecho, no es la primera vez que la pareja asiste a este festival organizado por el oscarizado director. En 2023 ya participaron en dicho evento, donde entregaron un premio honor\u00edfico a Costner.\u00a0<\/p>\n<p> <img src=\"https:\/\/www.europesays.com\/es\/wp-content\/uploads\/2025\/09\/a1d46ea4022f-dlu591676016.jpg\"   width=\"1024\" height=\"870\" loading=\"lazy\" decoding=\"async\" alt=\"Media Image\" fetchpriority=\"auto\" class=\"image ho-image\"\/>\u00a9 GTRES<\/p>\n<p> <img src=\"https:\/\/www.europesays.com\/es\/wp-content\/uploads\/2025\/09\/4ee27f6e55c9-dlu591676020.jpg\"   width=\"960\" height=\"1024\" loading=\"lazy\" decoding=\"async\" alt=\"Media Image\" fetchpriority=\"auto\" class=\"image ho-image\"\/>\u00a9 GTRES<\/p>\n<p id=\"eyPk-Ap2SIp\" data-wc=\"72\">La presencia del pr\u00edncipe y su esposa no pas\u00f3 desapercibida para el p\u00fablico asistente. <strong>Meghan Markle, que el a\u00f1o anterior se ausent\u00f3 por motivos de salud,\u00a0<\/strong>seg\u00fan The Mirror,\u00a0reapareci\u00f3 con un look muy oto\u00f1al: un vestido camisero en color azul marino sin mangas muy favorecedor, que combinaba a la perfecci\u00f3n con el outfit de su esposo. Este apost\u00f3 por un total look en negro tanto para su chaqueta, pantal\u00f3n y camisa.<\/p>\n<p> <img src=\"https:\/\/www.europesays.com\/es\/wp-content\/uploads\/2025\/09\/710de74e0f85-dlu591676009.jpg\"   width=\"743\" height=\"1024\" loading=\"lazy\" decoding=\"async\" alt=\"Media Image\" fetchpriority=\"auto\" class=\"image ho-image\"\/>\u00a9 GTRES<\/p>\n<p> <img src=\"https:\/\/www.europesays.com\/es\/wp-content\/uploads\/2025\/09\/624129666387-dlu591676011.jpg\"   width=\"1024\" height=\"826\" loading=\"lazy\" decoding=\"async\" alt=\"Media Image\" fetchpriority=\"auto\" class=\"image ho-image\"\/>\u00a9 GTRES<\/p>\n<p id=\"er0Yq2OER7\" data-wc=\"59\">Ambos se mostraron relajados y sonrientes a su llegada al recinto, donde saludaron al p\u00fablico antes de que el <strong>duque de Sussex entregara un galard\u00f3n al jefe de bomberos del condado de Santa B\u00e1rbara, Mark Hartwig.<\/strong> Sobre el escenario, Harry y Meghan protagonizaron gestos de complicidad, hasta que ella se retir\u00f3 discretamente, cedi\u00e9ndole todo el protagonismo a su esposo.\u00a0<\/p>\n<p> <img src=\"https:\/\/www.europesays.com\/es\/wp-content\/uploads\/2025\/09\/5ee61ba9ba5c-dlu591676028.jpg\"   width=\"1024\" height=\"813\" loading=\"lazy\" decoding=\"async\" alt=\"&#10;\" fetchpriority=\"auto\" class=\"image ho-image\"\/>\u00a9 GTRES<\/p>\n<p> <img src=\"https:\/\/www.europesays.com\/es\/wp-content\/uploads\/2025\/09\/00f4076a59f5-dlu591676031.jpg\"   width=\"1024\" height=\"808\" loading=\"lazy\" decoding=\"async\" alt=\"&#10;&#10;\" fetchpriority=\"auto\" class=\"image ho-image\"\/>\u00a9 GTRES<\/p>\n<p> <img src=\"https:\/\/www.europesays.com\/es\/wp-content\/uploads\/2025\/09\/052aca023316-dlu591676032.jpg\"   width=\"1024\" height=\"899\" loading=\"lazy\" decoding=\"async\" alt=\"Media Image\" fetchpriority=\"auto\" class=\"image ho-image\"\/>\u00a9 GTRES<\/p>\n<p id=\"eUKoXohhO-Y\" data-wc=\"44\">No es la primera vez que el pr\u00edncipe participa activamente en este evento: <a class=\"hm-link ho-link\" href=\"https:\/\/www.hola.com(Ambos%20se%20mostraron%20relajados%20y%20sonrientes%20a%20su%20llegada%20al%20recinto,%20donde%20saludaron%20al%20p%C3%BAblico%20antes%20de%20que%20el%20duque%20de%20Sussex%20entregara%20un%20galard%C3%B3n%20al%20jefe%20de%20bomberos%20del%20condado%20de%20Santa%20B%C3%A1rbara,%20Mark%20Hartwig.%20Sobre%20el%20escenario,%20Harry%20y%20Meghan%20protagonizaron%20gestos%20de%20complicidad,%20hasta%20que%20ella%20se%20retir%C3%B3%20discretamente,%20cedi%C3%A9ndole%20todo%20el%20protagonismo%20a%20su%20esposo.%20No%20es%20la%20primera%20vez%20que%20el%20pr%C3%ADncipe%20participa%20activamente%20en%20este%20evento%3A%20el%20a%C3%B1o%20pasado%20tambi%C3%A9n%20entreg%C3%B3%20un%20reconocimiento%20al%20piloto%20de%20helic%C3%B3ptero%20Loren%20Courtney%20por%20sus%20servicios%20a%20la%20comunidad,%20en%20un%20gesto%20que%20evocaba%20su%20pasado%20militar%20en%20el%20ej%C3%A9rcito%20brit%C3%A1nico.))\" data-mrf-recirculation=\"article-body-link\" rel=\"nofollow\">el a\u00f1o pasado tambi\u00e9n entreg\u00f3 un galard\u00f3n<\/a> <strong>al piloto de helic\u00f3ptero Loren Courtney\u00a0<\/strong>por sus servicios a la comunidad, en un gui\u00f1o que evocaba su pasado militar en el ej\u00e9rcito brit\u00e1nico.<\/p>\n<p> <img src=\"https:\/\/www.europesays.com\/es\/wp-content\/uploads\/2025\/09\/51e5d5066fb1-dlu591676025.jpg\"   width=\"1024\" height=\"682\" loading=\"lazy\" decoding=\"async\" alt=\"Media Image\" fetchpriority=\"auto\" class=\"image ho-image\"\/>\u00a9 GTRES<\/p>\n<p> <img src=\"https:\/\/www.europesays.com\/es\/wp-content\/uploads\/2025\/09\/01372e4ca823-dlu591676026.jpg\"   width=\"1024\" height=\"862\" loading=\"lazy\" decoding=\"async\" alt=\"Media Image\" fetchpriority=\"auto\" class=\"image ho-image\"\/>\u00a9 GTRES<\/p>\n<p id=\"ef5FlAQvIt8\" data-wc=\"68\">Este a\u00f1o tambi\u00e9n fue <strong>premiado el actor Rob Lowe,\u00a0<\/strong>quien recibi\u00f3 un premio especial por su ayuda a los bomberos durante el incendio de Thomas en 2017. El protagonista de 9-1-1, donde encarna a un capit\u00e1n de bomberos de Austin, apoya a esta organizaci\u00f3n desde su creaci\u00f3n. Entre los asistentes tambi\u00e9n se encontraban<strong>\u00a0Maria Shiver,<\/strong> exmujer de Arnold Schwarzenegger, y la periodista, <strong>Oprah Winfrey, amiga de los Sussex.<\/strong><\/p>\n<p>\u00a0\u00bfReconciliaci\u00f3n en marcha?<\/p>\n<p id=\"e4VMhKfQtA1\" data-wc=\"124\">La asistencia de los duques de Sussex al evento ben\u00e9fico marc\u00f3 su primera aparici\u00f3n p\u00fablica tras <a class=\"hm-link ho-link\" href=\"https:\/\/www.hola.com\/realeza\/casa_inglesa\/20250911855152\/carlos-iii-principe-harry-se-reunen-en-privado-54-minutos-un-te\/\" data-mrf-recirculation=\"article-body-link\" rel=\"nofollow noopener\" target=\"_blank\">la reuni\u00f3n privada de Harry con el rey Carlos III<\/a> en Londres. El encuentro, celebrado la semana pasada en <strong>Clarence House durante el viaje del pr\u00edncipe a su pa\u00eds natal,\u00a0<\/strong>se prolong\u00f3 durante <a class=\"hm-link ho-link\" href=\"https:\/\/www.hola.com\/realeza\/casa_inglesa\/20250911855152\/carlos-iii-principe-harry-se-reunen-en-privado-54-minutos-un-te\/\" data-mrf-recirculation=\"article-body-link\" rel=\"nofollow noopener\" target=\"_blank\">54 minutos.\u00a0<\/a>Fue la primera vez que padre e hijo se ve\u00edan en persona desde hac\u00eda casi dos a\u00f1os, en un momento especialmente delicado para el monarca, que contin\u00faa su tratamiento contra el c\u00e1ncer. Conversaron en privado y compartieron un t\u00e9, antes de que el hijo menor de Carlos III abandonara la residencia para dirigirse a una cita vinculada a los Invictus Games, cumpliendo as\u00ed uno de sus grandes anhelos, la reconciliaci\u00f3n con su padre.<\/p>\n<p> <img src=\"https:\/\/www.europesays.com\/es\/wp-content\/uploads\/2025\/09\/1758514048_269_3adc83a6dfcc-gettyimages-2234696537.jpg\"   width=\"1024\" height=\"681\" loading=\"lazy\" decoding=\"async\" alt=\"Tanto la llegada de Carlos III como la del pr\u00edncipe Harry a Clarence House fue fotografiada\" fetchpriority=\"auto\" class=\"image ho-image\"\/>\u00a9 Getty Images<\/p>\n<p id=\"eRz2dHNWi9c\" data-wc=\"95\">Esta podr\u00eda llegar antes de lo previsto. Seg\u00fan revela hoy el Daily Mail, al parecer se est\u00e1n llevando a cabo conversaciones de alto nivel entre los equipos del rey Carlos y del pr\u00edncipe Harry para facilitar encuentros peri\u00f3dicos entre padre e hijo durante el pr\u00f3ximo a\u00f1o. El objetivo ser\u00eda preparar el terreno para una aparici\u00f3n conjunta en p\u00fablico, algo que no ocurre desde hace al menos seis a\u00f1os. La \u00faltima vez que ambos compartieron escenario fue en abril de 2019 durante el estreno mundial de Nuestro Planeta, en el Museo de Historia Natural de Londres.<\/p>\n<p> <img src=\"https:\/\/www.europesays.com\/es\/wp-content\/uploads\/2025\/09\/a2eb7bcde8e4-gettyimages-918133730.jpg\"   width=\"1024\" height=\"682\" loading=\"lazy\" decoding=\"async\" alt=\"As\u00ed se enter\u00f3 el pr\u00edncipe Harry del ingreso de su padre, el rey Carlos III, en el hospital\" fetchpriority=\"auto\" class=\"image ho-image\"\/>\u00a9 Getty Images<\/p>\n<p id=\"eXp-CUrOh6b\" data-wc=\"57\">Este acercamiento podr\u00eda interpretarse como un posible deshielo en la relaci\u00f3n entre el duque de Sussex y la familia real brit\u00e1nica, tras a\u00f1os marcados por el distanciamiento y declaraciones controvertidas. Conviene recordar que el pr\u00edncipe renunci\u00f3 a sus deberes institucionales en 2020, en el conocido<a class=\"hm-link ho-link\" href=\"https:\/\/www.hola.com\/realeza\/casa_inglesa\/20201112178992\/meghan-markle-megxit-diccionario-collins\/\" data-mrf-recirculation=\"article-body-link\" rel=\"nofollow noopener\" target=\"_blank\">\u00a0episodio del \u2018Megxit\u2019,\u00a0<\/a>y se traslad\u00f3 con su familia a Estados Unidos.<\/p>\n<p> <img src=\"https:\/\/www.europesays.com\/es\/wp-content\/uploads\/2025\/09\/1758514049_337_b80d6c407dfa-harry-01.jpg\"   width=\"1024\" height=\"663\" loading=\"lazy\" decoding=\"async\" alt=\"Harry, en su entrevista con la BBC\" fetchpriority=\"auto\" class=\"image ho-image\"\/>Harry, en su entrevista con la BBC<\/p>\n<p id=\"eM8CIvysbbN\" data-wc=\"104\">Aunque Harry siempre se ha mostrado cauteloso y realista al reconocer que ciertos hechos ocurridos en los \u00faltimos a\u00f1os son irreversibles. De hecho, el mismo reconoc\u00eda en una <a class=\"hm-link ho-link\" href=\"https:\/\/www.hola.com\/realeza\/casa_inglesa\/20250503829914\/dura-confesion-principe-harry-rey-carlos-no-le-habla\/\" data-mrf-recirculation=\"article-body-link\" rel=\"nofollow noopener\" target=\"_blank\">entrevista concedida a la BBC este a\u00f1o<\/a>, que algunos miembros de su familia <strong>\u201cnunca lo perdonar\u00edan<\/strong>\u201d por las acusaciones vertidas junto a <strong>Meghan Markle en su charla con Oprah en 2021 y en su libro de memorias, Spare.<\/strong> Aunque su visita al Reino Unido y el reencuentro con su padre representan un gesto positivo, el tiempo dir\u00e1 si este abrir\u00e1 la puerta a una reconciliaci\u00f3n con su padre y, quiz\u00e1, a un acercamiento con su hermano.<\/p>\n","protected":false},"excerpt":{"rendered":"El pr\u00edncipe Harry y Meghan Markle acapararon todas las miradas durante\u00a0el concierto ben\u00e9fico One805 Live, celebrado este s\u00e1bado&hellip;\n","protected":false},"author":2,"featured_media":130980,"comment_status":"","ping_status":"","sticky":false,"template":"","format":"standard","meta":{"footnotes":""},"categories":[91],"tags":[146,147,25,24,12939,3066,1027,6856,23],"class_list":{"0":"post-130979","1":"post","2":"type-post","3":"status-publish","4":"format-standard","5":"has-post-thumbnail","7":"category-entretenimiento","8":"tag-entertainment","9":"tag-entretenimiento","10":"tag-es","11":"tag-espana","12":"tag-harry-de-inglaterra","13":"tag-meghan-markle","14":"tag-realeza","15":"tag-realeza-inglesa","16":"tag-spain"},"share_on_mastodon":{"url":"","error":""},"_links":{"self":[{"href":"https:\/\/www.europesays.com\/es\/wp-json\/wp\/v2\/posts\/130979","targetHints":{"allow":["GET"]}}],"collection":[{"href":"https:\/\/www.europesays.com\/es\/wp-json\/wp\/v2\/posts"}],"about":[{"href":"https:\/\/www.europesays.com\/es\/wp-json\/wp\/v2\/types\/post"}],"author":[{"embeddable":true,"href":"https:\/\/www.europesays.com\/es\/wp-json\/wp\/v2\/users\/2"}],"replies":[{"embeddable":true,"href":"https:\/\/www.europesays.com\/es\/wp-json\/wp\/v2\/comments?post=130979"}],"version-history":[{"count":0,"href":"https:\/\/www.europesays.com\/es\/wp-json\/wp\/v2\/posts\/130979\/revisions"}],"wp:featuredmedia":[{"embeddable":true,"href":"https:\/\/www.europesays.com\/es\/wp-json\/wp\/v2\/media\/130980"}],"wp:attachment":[{"href":"https:\/\/www.europesays.com\/es\/wp-json\/wp\/v2\/media?parent=130979"}],"wp:term":[{"taxonomy":"category","embeddable":true,"href":"https:\/\/www.europesays.com\/es\/wp-json\/wp\/v2\/categories?post=130979"},{"taxonomy":"post_tag","embeddable":true,"href":"https:\/\/www.europesays.com\/es\/wp-json\/wp\/v2\/tags?post=130979"}],"curies":[{"name":"wp","href":"https:\/\/api.w.org\/{rel}","templated":true}]}}