{"id":130991,"date":"2025-09-22T04:13:08","date_gmt":"2025-09-22T04:13:08","guid":{"rendered":"https:\/\/www.europesays.com\/es\/130991\/"},"modified":"2025-09-22T04:13:08","modified_gmt":"2025-09-22T04:13:08","slug":"el-teucro-lucha-pero-cae-28-26-en-lanzarote","status":"publish","type":"post","link":"https:\/\/www.europesays.com\/es\/130991\/","title":{"rendered":"El Teucro lucha pero cae 28-26 en Lanzarote"},"content":{"rendered":"<p class=\"ft-text\">Tras el brillante estreno de la temporada del Teucro, con la victoria en casa de hace una semana ante el Porri\u00f1o, la primera salida, a tierras Canarias, se sald\u00f3 con derrota ante el Lanzarote (28-26). La primera mitad comenz\u00f3 con mucha intensidad e intercambio de goles y finaliz\u00f3 con victoria parcial local (13-10). El Teucro regres\u00f3 del vestuario con m\u00e1s lucha y constantes cambios en el marcador, pero el Lanzarote logr\u00f3 alcanzar una ventaja de siete goles al cerrar bien su defensa en los minutos finales. Los visitantes buscaron la reacci\u00f3n y acortaron distancias hasta los tantos de diferencia del resultado final.<\/p>\n<p><a id=\"comments\" name=\"comments\" title=\"\" class=\"ft-anchor ft-anchor--absolute ft-helper-spacer-voffset-xlg\" rel=\"\"><\/a><\/p>\n","protected":false},"excerpt":{"rendered":"Tras el brillante estreno de la temporada del Teucro, con la victoria en casa de hace una semana&hellip;\n","protected":false},"author":2,"featured_media":122381,"comment_status":"","ping_status":"","sticky":false,"template":"","format":"standard","meta":{"footnotes":""},"categories":[278],"tags":[13238,7350,376,10722,168,25,24,5815,375,3641,591,23,167,1676],"class_list":{"0":"post-130991","1":"post","2":"type-post","3":"status-publish","4":"format-standard","5":"has-post-thumbnail","7":"category-balonmano","8":"tag-13238","9":"tag-7350","10":"tag-balonmano","11":"tag-cae","12":"tag-deportes","13":"tag-es","14":"tag-espana","15":"tag-goles","16":"tag-handball","17":"tag-lanzarote","18":"tag-lucha","19":"tag-spain","20":"tag-sports","21":"tag-teucro"},"share_on_mastodon":{"url":"","error":""},"_links":{"self":[{"href":"https:\/\/www.europesays.com\/es\/wp-json\/wp\/v2\/posts\/130991","targetHints":{"allow":["GET"]}}],"collection":[{"href":"https:\/\/www.europesays.com\/es\/wp-json\/wp\/v2\/posts"}],"about":[{"href":"https:\/\/www.europesays.com\/es\/wp-json\/wp\/v2\/types\/post"}],"author":[{"embeddable":true,"href":"https:\/\/www.europesays.com\/es\/wp-json\/wp\/v2\/users\/2"}],"replies":[{"embeddable":true,"href":"https:\/\/www.europesays.com\/es\/wp-json\/wp\/v2\/comments?post=130991"}],"version-history":[{"count":0,"href":"https:\/\/www.europesays.com\/es\/wp-json\/wp\/v2\/posts\/130991\/revisions"}],"wp:featuredmedia":[{"embeddable":true,"href":"https:\/\/www.europesays.com\/es\/wp-json\/wp\/v2\/media\/122381"}],"wp:attachment":[{"href":"https:\/\/www.europesays.com\/es\/wp-json\/wp\/v2\/media?parent=130991"}],"wp:term":[{"taxonomy":"category","embeddable":true,"href":"https:\/\/www.europesays.com\/es\/wp-json\/wp\/v2\/categories?post=130991"},{"taxonomy":"post_tag","embeddable":true,"href":"https:\/\/www.europesays.com\/es\/wp-json\/wp\/v2\/tags?post=130991"}],"curies":[{"name":"wp","href":"https:\/\/api.w.org\/{rel}","templated":true}]}}