{"id":131014,"date":"2025-09-22T04:29:05","date_gmt":"2025-09-22T04:29:05","guid":{"rendered":"https:\/\/www.europesays.com\/es\/131014\/"},"modified":"2025-09-22T04:29:05","modified_gmt":"2025-09-22T04:29:05","slug":"un-filtro-de-instagram-contra-la-malaria-vital-para-africa-inteligencia-artificial-para-detectar-parasitos-en-segundos-el-pais","status":"publish","type":"post","link":"https:\/\/www.europesays.com\/es\/131014\/","title":{"rendered":"Un \u2018filtro de Instagram\u2019 contra la malaria, vital para \u00c1frica: inteligencia artificial para detectar par\u00e1sitos en segundos &#8211; EL PA\u00cdS"},"content":{"rendered":"<ol>\n<li><a href=\"https:\/\/news.google.com\/rss\/articles\/CBMi_AFBVV95cUxNYXJGVkEwMG1Ial9SVGNZT1ktdTVHa1VpWHZyMnNCanFlZmdfWHJuVVNsTDVkTmppbVBQcHI5YWt5WllZTElrUGRvUE5VX0cyX3VlbmZLUGt4d2tHUGlxWmlpRGhKaWs5clhPQzlBNFFaT2ZPMm1LYmNkbG5YMUJueldHVHQwU2F2LVVtZnJnam13bFMwenFFMi0wZldLMUtQTnNQaXBoZHBvSmNjcFloQTVGRGhGYUk4VTZrQ05RQlB2RnNXc0t2OTlzbHVHUUV0Z0ZRWHZMN3hkWi0wNXVvdnA5enRBdS1qOUhxVllFcXA2SjZLVldfWkNZQTTSAZACQVVfeXFMTlN2S3hHU2pxWmhwMXJkM2pFYWlOS0xZSlJXRzNyQ1BmeE92OTVxMDRlZW9pVHBkazB5aEhPYjlnVnZhc2ZZTm9wV3JjZGMwa1JZTEJZU3BHTjRjLWgyTHBNd3pyREpRaDN4RjE2alpxSjZaeEJJaTJ5ODdUQ0dFdjkwWkoxTUExQlVLSEI5U2h2VTZkMkJnSUVQSUhzSWFzM0FrWHVNbkJPc19CUHNDQUhIYjdGZGwzaG1icDhIS2RnbWYxc0hYUC1oYXBLaXNITHFTMm5wM1k5cExsdXJSMnpSVTNhYnp6NXVzUGR1dzBTdkdmdlBFT0ZtSnpXeTZLTnBPLUJaSFJoNndFZGhlNjc?oc=5\" target=\"_blank\" rel=\"nofollow noopener\">Un \u2018filtro de Instagram\u2019 contra la malaria, vital para \u00c1frica: inteligencia artificial para detectar par\u00e1sitos en segundos<\/a>&nbsp;&nbsp;EL PA\u00cdS<\/li>\n<li><a href=\"https:\/\/news.google.com\/rss\/articles\/CBMiugFBVV95cUxNQTV2ZUNqSzExcXRYandxSy1vVVktUmRlQ09oTG5XSGFaQ0tDR1BRUVVpaWdZN0JSb2hXQ1J1VFhPUG5QV25BZWdfYU9kZ3R0YjNFTGc1TVJKV2tnVTdXWnd3U1ZSUllyNmk0aEFoWnUzUEdEVkFLWV95aHNrLWMyd05zNDNLaVhZUnF0dFpwOW9majRyZERDTUhmTU5jMUd6ME4zM25ieFk1RWs0Z3U0bXRIVENGTXlWQ1HSAc4BQVVfeXFMTzhUNTI5RDBINEVXdERjRXp2VVU2bE5vYmRHT3ZpcE5HQVdsT0dVZW54VnpRcnY5TnFWdXV2QUI5NmJPUVVFQWp6aEFfYl9RVE12a3dHMklFZmFtYnhuVVNmdW83dlpYRkZFLW1KamFYV0loSnVwZDRkX0pQVEFWQlpxSFdUMkFjREdzc21NSVVhYWswXzJWNkVNVnEtYUNIM1V4S2tnbHg0S0N0REU0emx3bzlLQ2dRbGVSUWdhRFFPOFRiM2ZfZ084czgzZ1E?oc=5\" target=\"_blank\" rel=\"nofollow noopener\">Diagn\u00f3sticos sanitarios mejorados con IA: revoluci\u00f3n en la atenci\u00f3n primaria<\/a>&nbsp;&nbsp;ABC Color<\/li>\n<li><a href=\"https:\/\/news.google.com\/rss\/articles\/CBMizAFBVV95cUxQQWtPdWF1Nl9TSzdqZjR6c0h6UzVXdjFraHFpb19NQmZScXlPblNsdUZsNTRhM1FQSERiUVI4bE4zcE5hb1dsZ3ZUMXJsaWN6UGVpZ2dwRHliLTdIUjRrYkpjaHBidF9TdnJCQ294OGpjUjhvQTA3UzQxd0VQbGlnTVVreDVHR0dUTlc2dkFlNlJJSUNqeXpVQjBhME54OVo0d2dYVFZyZ1FMSTBNZUt6VXRqbkJWSjZJVWZCUUZVMVBqd1FqM1JZOExGaGE?oc=5\" target=\"_blank\" rel=\"nofollow noopener\">Espa\u00f1oles participan en un proyecto que busca transformar el diagn\u00f3stico de enfermedades parasitarias con IA<\/a>&nbsp;&nbsp;Diario Veterinario<\/li>\n<li><a href=\"https:\/\/news.google.com\/rss\/articles\/CBMisAFBVV95cUxNS0w2ZmJMNXRvbTgxb2FEcEk4ZTZCWTczVnc1N3ZrVlFSMU5OY2pfZ2pkWEROZHF0QkVPb0QxcDdCYS1SZXYxdWtaX3VrM3FvSVVETjBnU1pCSjkxNzE4b1ZxZm5id01yYkk2RGhDWjA1MGZQcHc1QlRzM0dkQlp2WEo4Yi1LeUlfX1ozQUJhUlhtd0h4Wm83MGhCbWE0RGtRVVhfa0l4OEZxZERvamllNQ?oc=5\" target=\"_blank\" rel=\"nofollow noopener\">Europa y \u00c1frica se al\u00edan para diagnosticar enfermedades desatendidas con IA<\/a>&nbsp;&nbsp;Sinc<\/li>\n<\/ol>\n","protected":false},"excerpt":{"rendered":"Un \u2018filtro de Instagram\u2019 contra la malaria, vital para \u00c1frica: inteligencia artificial para detectar par\u00e1sitos en segundos&nbsp;&nbsp;EL PA\u00cdS&hellip;\n","protected":false},"author":2,"featured_media":128102,"comment_status":"","ping_status":"","sticky":false,"template":"","format":"standard","meta":{"footnotes":""},"categories":[92],"tags":[25,24,165,166,23],"class_list":{"0":"post-131014","1":"post","2":"type-post","3":"status-publish","4":"format-standard","5":"has-post-thumbnail","7":"category-salud","8":"tag-es","9":"tag-espana","10":"tag-health","11":"tag-salud","12":"tag-spain"},"share_on_mastodon":{"url":"","error":""},"_links":{"self":[{"href":"https:\/\/www.europesays.com\/es\/wp-json\/wp\/v2\/posts\/131014","targetHints":{"allow":["GET"]}}],"collection":[{"href":"https:\/\/www.europesays.com\/es\/wp-json\/wp\/v2\/posts"}],"about":[{"href":"https:\/\/www.europesays.com\/es\/wp-json\/wp\/v2\/types\/post"}],"author":[{"embeddable":true,"href":"https:\/\/www.europesays.com\/es\/wp-json\/wp\/v2\/users\/2"}],"replies":[{"embeddable":true,"href":"https:\/\/www.europesays.com\/es\/wp-json\/wp\/v2\/comments?post=131014"}],"version-history":[{"count":0,"href":"https:\/\/www.europesays.com\/es\/wp-json\/wp\/v2\/posts\/131014\/revisions"}],"wp:featuredmedia":[{"embeddable":true,"href":"https:\/\/www.europesays.com\/es\/wp-json\/wp\/v2\/media\/128102"}],"wp:attachment":[{"href":"https:\/\/www.europesays.com\/es\/wp-json\/wp\/v2\/media?parent=131014"}],"wp:term":[{"taxonomy":"category","embeddable":true,"href":"https:\/\/www.europesays.com\/es\/wp-json\/wp\/v2\/categories?post=131014"},{"taxonomy":"post_tag","embeddable":true,"href":"https:\/\/www.europesays.com\/es\/wp-json\/wp\/v2\/tags?post=131014"}],"curies":[{"name":"wp","href":"https:\/\/api.w.org\/{rel}","templated":true}]}}