{"id":131021,"date":"2025-09-22T04:33:11","date_gmt":"2025-09-22T04:33:11","guid":{"rendered":"https:\/\/www.europesays.com\/es\/131021\/"},"modified":"2025-09-22T04:33:11","modified_gmt":"2025-09-22T04:33:11","slug":"el-opositor-partido-republicano-del-pueblo-eligio-a-ozgur-ozel-como-su-nuevo-lider-en-turquia","status":"publish","type":"post","link":"https:\/\/www.europesays.com\/es\/131021\/","title":{"rendered":"El opositor Partido Republicano del Pueblo eligi\u00f3 a \u00d6zg\u00fcr \u00d6zel como su nuevo l\u00edder en Turqu\u00eda"},"content":{"rendered":"<p><img alt=\"Ozgur Ozel, l\u00edder del principal\" class=\"global-image\" decoding=\"async\" fetchpriority=\"high\" height=\"3566\" loading=\"eager\" src=\"https:\/\/www.europesays.com\/es\/wp-content\/uploads\/2025\/09\/GAJXCT2Z65ENFJBYHEHJMPMPCY.JPG\" width=\"5349\"\/>Ozgur Ozel, l\u00edder del principal partido de oposici\u00f3n de Turqu\u00eda, el Partido Republicano del Pueblo (CHP), escucha el himno nacional durante la sesi\u00f3n inaugural del 22\u00ba congreso extraordinario del partido en Ankara, Turqu\u00eda, el 21 de septiembre de 2025. REUTERS\/Cagla Gurdogan<\/p>\n<p class=\"paragraph\">El Partido Republicano del Pueblo (CHP), principal formaci\u00f3n de la oposici\u00f3n de Turqu\u00eda, ha nombrado este domingo a<b> \u00d6zg\u00fcr \u00d6zel <\/b>como nuevo l\u00edder del partido en su 22\u00ba Congreso Extraordinario tras la destituci\u00f3n de su antecesor \u00d6zgur \u00c7elik por un fallo de un tribunal de Estambul.<\/p>\n<p class=\"paragraph\">El presidente del Congreso, Murat Emir, ha confirmado la <b>elecci\u00f3n con 835 de los 917 votos emitidos en el proceso<\/b>, en el que \u00d6zel era el \u00fanico candidato. Otros <b>82 votos han sido considerados nulos<\/b>, seg\u00fan recoge el diario turco \u2018Birgun\u2019. \u00d6zel ha recibido una larga ovaci\u00f3n tras conocerse el resultado.<\/p>\n<p class=\"paragraph\">El Congreso se ha celebrado en el distrito de Yenimahalle de la ciudad de Estambul, donde Emir ha le\u00eddo un mensaje del que fuera candidato presidencial del CHP y alcalde de Estambul, Ekrem Imamoglu.<\/p>\n<p class=\"paragraph\">\u201cQuer\u00edan una dictadura sin elecciones partiendo de una autocracia con elecciones. El orden establecido no es el orden de la naci\u00f3n, sino el oscuro orden del AKP\u201d, el Partido Justicia y Desarrollo del presidente turco, Recep Tayyip Erdogan, ha afirmado \u00d6zel tras confirmarse su elecci\u00f3n.<\/p>\n<p><img alt=\"El presidente del Congreso, Murat\" class=\"global-image\" decoding=\"async\" fetchpriority=\"low\" height=\"2503\" loading=\"lazy\" src=\"https:\/\/www.europesays.com\/es\/wp-content\/uploads\/2025\/09\/LSGJN44ZNJGZ3ARFDOQHHPNOZA.JPG\" width=\"3960\"\/>El presidente del Congreso, Murat Emir, ha confirmado la elecci\u00f3n con 835 de los 917 votos emitidos en el proceso.  REUTERS\/Cagla Gurdogan<\/p>\n<p class=\"paragraph\">En este \u201corden mal\u00e9fico\u201d de Erdogan \u201cno hay prosperidad\u201d. <b>\u201cSomos el pa\u00eds m\u00e1s pobre de Europa. No hay igualdad de ingresos en este orden mal\u00e9fico y estamos en primer lugar de Europa en inflaci\u00f3n. No hay justicia en los impiestos en este orden mal\u00e9fico. El 89 por ciento de los impuestos los pagan la clase media y baja. Los ricos pagan solo el 11 por ciento\u201d<\/b>, ha reprochado.<\/p>\n<p class=\"paragraph\">\u00d6zel ha criticado adem\u00e1s la cercan\u00eda de Erdogan con el presidente estadounidense, Donald Trump. \u201cEl golpe de Estado ha sido autorizado por la Administraci\u00f3n Trump. \u00bfQu\u00e9 es lo que dicen? Que Imamoglu est\u00e1 manejado por potencias extranjeras. A esa gente les pregunto de qu\u00e9 lado est\u00e1 hoy Trump. \u00bfA qui\u00e9n quiere ver Trump? \u00bfQui\u00e9n trabaja en secreto con el hijo de Trump? Por tanto declaro ante nuestra naci\u00f3n que los miembros del CHP son los hombres de la naci\u00f3n, los hijos de la naci\u00f3n. <b>Tayyip Erdogan es el hombre de Trump. \u00a1Es del equipo Trump!<\/b>\u201d, ha argumentado.<\/p>\n<p class=\"paragraph\">La oposici\u00f3n, con el CHP a la cabeza, ha acusado en varias ocasiones al Gobierno de instrumentalizar el aparato de justicia para silenciar a sus cr\u00edticos, con el caso de Imamoglu como uno de los principales ejemplos debido a su ascendiente en la pol\u00edtica nacional y sus aspiraciones de vencer en las urnas a Erdogan.<\/p>\n<p class=\"paragraph\">El 2 de septiembre, un tribunal destituy\u00f3 al l\u00edder de la rama de Estambul del CHP, Ozgur Celik, tras anular el resultado del congreso provincial de octubre de 2023 que lo eligi\u00f3 a \u00e9l y a otras 195 personas.<\/p>\n<p><img alt=\"El presidente turco, Tayyip Erdogan.\" class=\"global-image\" decoding=\"async\" fetchpriority=\"low\" height=\"1421\" loading=\"lazy\" src=\"https:\/\/www.europesays.com\/es\/wp-content\/uploads\/2025\/09\/RAKOJULCRBGQ7EHQHEOJXHQXTQ.JPG\" width=\"2355\"\/>El presidente turco, Tayyip Erdogan. REUTERS\/Umit Bektas<\/p>\n<p class=\"paragraph\">En ese momento, el analista pol\u00edtico Berk Esen dijo que<b> la medida era un \u201censayo\u201d<\/b> para el caso m\u00e1s grande contra el liderazgo general que efectivamente buscaba obstaculizarlo como fuerza de oposici\u00f3n.<\/p>\n<p class=\"paragraph\">No estaba claro de inmediato c\u00f3mo afectar\u00eda la votaci\u00f3n a los fundamentos legales del caso CHP, que tiene su pr\u00f3xima audiencia el 24 de octubre.<\/p>\n<p class=\"paragraph\">La rama de Estambul del CHP celebrar\u00e1 su propio congreso extraordinario el mi\u00e9rcoles para reelegir a su liderazgo.<\/p>\n<p class=\"paragraph\">(con informaci\u00f3n de EP y AFP)<\/p>\n","protected":false},"excerpt":{"rendered":"Ozgur Ozel, l\u00edder del principal partido de oposici\u00f3n de Turqu\u00eda, el Partido Republicano del Pueblo (CHP), escucha el&hellip;\n","protected":false},"author":2,"featured_media":131022,"comment_status":"","ping_status":"","sticky":false,"template":"","format":"standard","meta":{"footnotes":""},"categories":[42],"tags":[42009,17,18,406,13,14,5638,11,61,62,63,64,19,20,2148,9,10,15,16,12,21,22,65,66,67],"class_list":{"0":"post-131021","1":"post","2":"type-post","3":"status-publish","4":"format-standard","5":"has-post-thumbnail","7":"category-internacional","8":"tag-ankara","9":"tag-breaking-news","10":"tag-breakingnews","11":"tag-europe","12":"tag-featured-news","13":"tag-featurednews","14":"tag-government-politics","15":"tag-headlines","16":"tag-internacional","17":"tag-international","18":"tag-international-news","19":"tag-internationalnews","20":"tag-latest-news","21":"tag-latestnews","22":"tag-middle-east","23":"tag-news","24":"tag-noticias","25":"tag-noticias-destacadas","26":"tag-noticiasdestacadas","27":"tag-titulares","28":"tag-ultimas-noticias","29":"tag-ultimasnoticias","30":"tag-world","31":"tag-world-news","32":"tag-worldnews"},"share_on_mastodon":{"url":"","error":""},"_links":{"self":[{"href":"https:\/\/www.europesays.com\/es\/wp-json\/wp\/v2\/posts\/131021","targetHints":{"allow":["GET"]}}],"collection":[{"href":"https:\/\/www.europesays.com\/es\/wp-json\/wp\/v2\/posts"}],"about":[{"href":"https:\/\/www.europesays.com\/es\/wp-json\/wp\/v2\/types\/post"}],"author":[{"embeddable":true,"href":"https:\/\/www.europesays.com\/es\/wp-json\/wp\/v2\/users\/2"}],"replies":[{"embeddable":true,"href":"https:\/\/www.europesays.com\/es\/wp-json\/wp\/v2\/comments?post=131021"}],"version-history":[{"count":0,"href":"https:\/\/www.europesays.com\/es\/wp-json\/wp\/v2\/posts\/131021\/revisions"}],"wp:featuredmedia":[{"embeddable":true,"href":"https:\/\/www.europesays.com\/es\/wp-json\/wp\/v2\/media\/131022"}],"wp:attachment":[{"href":"https:\/\/www.europesays.com\/es\/wp-json\/wp\/v2\/media?parent=131021"}],"wp:term":[{"taxonomy":"category","embeddable":true,"href":"https:\/\/www.europesays.com\/es\/wp-json\/wp\/v2\/categories?post=131021"},{"taxonomy":"post_tag","embeddable":true,"href":"https:\/\/www.europesays.com\/es\/wp-json\/wp\/v2\/tags?post=131021"}],"curies":[{"name":"wp","href":"https:\/\/api.w.org\/{rel}","templated":true}]}}