{"id":131023,"date":"2025-09-22T04:34:15","date_gmt":"2025-09-22T04:34:15","guid":{"rendered":"https:\/\/www.europesays.com\/es\/131023\/"},"modified":"2025-09-22T04:34:15","modified_gmt":"2025-09-22T04:34:15","slug":"la-candidatura-de-pedro-sanchez-al-nobel-de-la-paz-mas-posible-que-nunca","status":"publish","type":"post","link":"https:\/\/www.europesays.com\/es\/131023\/","title":{"rendered":"La candidatura de Pedro S\u00e1nchez al Nobel de la Paz, m\u00e1s posible que nunca"},"content":{"rendered":"<p>El Premio Nobel de la Paz es un galard\u00f3n que ha tenido un apellido frecuente a lo largo de los a\u00f1os: el de <strong>pol\u00e9mico<\/strong>. Aunque muchas elecciones han sido justas y han puesto de manifiesto verdaderos esfuerzos por el equilibrio de fuerzas en el globo, otras han puesto en tela de juicio el prestigio del galard\u00f3n al premiar a perfiles que, durante sus mandatos pol\u00edticos, han sido responsables de dolor en otros lugares\u00a0donde la luz de su diplomacia no brillaba tanto como los impactos de las bombas. Para el premiado de 2025, algunos nombres se han ido erigiendo a lo largo de los meses: el de <a data-external=\"0\" data-intl-links-es=\"https:\/\/www.elplural.com\/politica\/internacional\/netanyahu-nomina-trump-nobel-paz_356046102\" href=\"https:\/\/www.elplural.com\/politica\/internacional\/netanyahu-nomina-trump-nobel-paz_356046102\" rel=\"follow nofollow noopener\" target=\"_self\" title=\"Netanyahu nomina a Trump para el Nobel de la Paz\">Donald Trump<\/a>, apoyado por l\u00edderes internacionales de su cuerda ideol\u00f3gica, pero que se ha diluido tras sus<strong> acciones de apoyo al genocidio palestino <\/strong>y por su pol\u00edtica exterior generalmente agresiva y confrontativa durante su segundo mandato, o\u00a0el de <strong>Pedro S\u00e1nchez<\/strong>, que ha surgido m\u00e1s recientemente por haberse convertido en la punta de lanza de la denuncia del genocidio palestino en la Uni\u00f3n Europea. Espa\u00f1a, en este sentido, ha <strong>marcado la pauta a otras naciones que han seguido sus pasos<\/strong> para condenar la barbarie acometida en la Franja de Gaza.<\/p>\n<p>S\u00e1nchez, as\u00ed, comienza a posicionarse en un buen punto de partida para engrosar una lista en la que ya est\u00e1n\u00a0<strong>Nelson Mandela, Frederik De Klerk, Yasir Arafat <\/strong>o\u00a0<b>Mijail Gorbachov,\u00a0<\/b>entre otros nombres. La oposici\u00f3n se empe\u00f1a en demonizar la gesti\u00f3n del presidente del Gobierno y en posicionarse en su contra <strong>en una cuesti\u00f3n que ya cuenta con un consenso social mayoritario en el mundo<\/strong> y que <a data-external=\"0\" data-intl-links-es=\"https:\/\/www.elplural.com\/politica\/internacional\/asamblea-general-onu-retos-80-aniversario-palestina-cohesion-geopolitica-presupuesto_360750102\" href=\"https:\/\/www.elplural.com\/politica\/internacional\/asamblea-general-onu-retos-80-aniversario-palestina-cohesion-geopolitica-presupuesto_360750102\" rel=\"follow nofollow noopener\" target=\"_self\" title=\"La Asamblea General de la ONU y sus retos en su 80 aniversario: Palestina, cohesi\u00f3n geopol\u00edtica y presupuesto\">est\u00e1 siendo considerada por la propia ONU y otras asociaciones como un genocidio<\/a>, pero fuera de nuestras fronteras, el reconocimiento a la labor de S\u00e1nchez est\u00e1 siendo cada vez mayor. Cada vez m\u00e1s pa\u00edses se hacen eco y replican la postura firme del Ejecutivo espa\u00f1ol ante las atrocidades israel\u00edes. En Francia, de hecho, S\u00e1nchez se ha convertido en tendencia en redes sociales por esta cuesti\u00f3n.<\/p>\n<blockquote class=\"twitter-tweet\">\n<p dir=\"ltr\" lang=\"fr\">Cet homme s\u2019appelle Pedro SANCHEZ<br \/><a href=\"https:\/\/twitter.com\/sanchezcastejon?ref_src=twsrc%5Etfw\" rel=\"nofollow noopener\" target=\"_blank\">@sanchezcastejon<\/a><br \/>Il est le premier Ministre espagnol.<br \/>Son sens des responsabilit\u00e9s se conjugue \u00e0 la force de son humanisme.<\/p>\n<p>D\u00e9sormais, gr\u00e2ce \u00e0 lui, l\u2019Espagne est un grand pays.<\/p>\n<p>PEDRO SANCHEZ M\u00c9RITE DE SE VOIR D\u00c9CERNER LE PRIX NOBEL DE LA\u2026 <a href=\"https:\/\/t.co\/xBUnkKUu2G\" rel=\"nofollow\">pic.twitter.com\/xBUnkKUu2G<\/a><\/p>\n<p>\u2014 Claudy Siar (@Claudy_Siar) <a href=\"https:\/\/twitter.com\/Claudy_Siar\/status\/1969009343333904690?ref_src=twsrc%5Etfw\" rel=\"nofollow noopener\" target=\"_blank\">September 19, 2025<\/a><\/p><\/blockquote>\n<p>\u00a0<\/p>\n<p>Por su parte, el ministro espa\u00f1ol de Pol\u00edtica Territorial y Memoria Democr\u00e1tica, el socialista\u00a0<b>\u00c1ngel V\u00edctor Torres, <\/b>ha elogiado la labor de S\u00e1nchez en este asunto. \u00abHa demostrado\u00a0<b>liderazgo internacional<\/b>\u00a0en la defensa del di\u00e1logo, la cooperaci\u00f3n y la b\u00fasqueda de soluciones pac\u00edficas a los conflictos\u00bb, ha defendido, razones por las que, a su juicio, se posiciona como un activista de primera l\u00ednea\u00a0en defensa de los derechos humanos m\u00e1s fundamentales.<\/p>\n<blockquote class=\"twitter-tweet\">\n<p dir=\"ltr\" lang=\"es\">M\u00e1s pa\u00edses se suman a Espa\u00f1a.<\/p>\n<p>Orgulloso de este Gobierno.<\/p>\n<p>Y los \u201cirrelevantes\u201d de Feij\u00f3o y Aznar dicen que Espa\u00f1a est\u00e1 aislada.<\/p>\n<p>PAZ <a href=\"https:\/\/t.co\/7hpzCflT5G\" rel=\"nofollow\">pic.twitter.com\/7hpzCflT5G<\/a><\/p>\n<p>\u2014 \u00c1ngel V\u00edctor Torres P\u00e9rez (@avtorresp) <a href=\"https:\/\/twitter.com\/avtorresp\/status\/1969788301788717425?ref_src=twsrc%5Etfw\" rel=\"nofollow noopener\" target=\"_blank\">September 21, 2025<\/a><\/p><\/blockquote>\n<p><strong>\u00abLa mayor\u00eda de espa\u00f1oles le aplaude y reconoce su capacidad de tender puentes\u00bb<\/strong>, ha destacado Torres, que tambi\u00e9n ha se\u00f1alado\u00a0su papel de mediador en crisis internacionales y su decidida apuesta por el multilateralismo para resolver otros conflictos recientes, como la guerra de Ucrania.<\/p>\n<p>El elegido para este galard\u00f3n, que rara vez deja contento a todo el mundo, se anunciar\u00e1 en las<strong> primeras semanas del pr\u00f3ximo octubre <\/strong>en Oslo por el Comit\u00e9 Noruego del Nobel y la ceremonia de entrega se llevar\u00e1 a cabo tambi\u00e9n\u00a0en la capital de Noruega el 10 de diciembre en el Ayuntamiento de Oslo.<\/p>\n<p>S\u00famate a <img decoding=\"async\" alt=\"El Plural\" height=\"50\" loading=\"lazy\" src=\"https:\/\/www.elplural.com\/uploads\/static\/elplural\/dist\/img\/cta-image.svg\" width=\"148\"\/><\/p>\n<p>Apoya nuestro trabajo. Navega sin publicidad. Entra a todos los contenidos.<\/p>\n<p><a href=\"https:\/\/www.elplural.com\/registro.html?utm_source=BOTON_CTA&amp;utm_campaign=ctabutton_noticia\" rel=\"nofollow noopener\" target=\"_blank\">hazte socio<\/a><script async src=\"https:\/\/platform.twitter.com\/widgets.js\" charset=\"utf-8\"><\/script><\/p>\n","protected":false},"excerpt":{"rendered":"El Premio Nobel de la Paz es un galard\u00f3n que ha tenido un apellido frecuente a lo largo&hellip;\n","protected":false},"author":2,"featured_media":131024,"comment_status":"","ping_status":"","sticky":false,"template":"","format":"standard","meta":{"footnotes":""},"categories":[8],"tags":[17,18,25,24,13,14,11,19,20,9,10,15,16,23,12,21,22],"class_list":{"0":"post-131023","1":"post","2":"type-post","3":"status-publish","4":"format-standard","5":"has-post-thumbnail","7":"category-espana","8":"tag-breaking-news","9":"tag-breakingnews","10":"tag-es","11":"tag-espana","12":"tag-featured-news","13":"tag-featurednews","14":"tag-headlines","15":"tag-latest-news","16":"tag-latestnews","17":"tag-news","18":"tag-noticias","19":"tag-noticias-destacadas","20":"tag-noticiasdestacadas","21":"tag-spain","22":"tag-titulares","23":"tag-ultimas-noticias","24":"tag-ultimasnoticias"},"share_on_mastodon":{"url":"","error":""},"_links":{"self":[{"href":"https:\/\/www.europesays.com\/es\/wp-json\/wp\/v2\/posts\/131023","targetHints":{"allow":["GET"]}}],"collection":[{"href":"https:\/\/www.europesays.com\/es\/wp-json\/wp\/v2\/posts"}],"about":[{"href":"https:\/\/www.europesays.com\/es\/wp-json\/wp\/v2\/types\/post"}],"author":[{"embeddable":true,"href":"https:\/\/www.europesays.com\/es\/wp-json\/wp\/v2\/users\/2"}],"replies":[{"embeddable":true,"href":"https:\/\/www.europesays.com\/es\/wp-json\/wp\/v2\/comments?post=131023"}],"version-history":[{"count":0,"href":"https:\/\/www.europesays.com\/es\/wp-json\/wp\/v2\/posts\/131023\/revisions"}],"wp:featuredmedia":[{"embeddable":true,"href":"https:\/\/www.europesays.com\/es\/wp-json\/wp\/v2\/media\/131024"}],"wp:attachment":[{"href":"https:\/\/www.europesays.com\/es\/wp-json\/wp\/v2\/media?parent=131023"}],"wp:term":[{"taxonomy":"category","embeddable":true,"href":"https:\/\/www.europesays.com\/es\/wp-json\/wp\/v2\/categories?post=131023"},{"taxonomy":"post_tag","embeddable":true,"href":"https:\/\/www.europesays.com\/es\/wp-json\/wp\/v2\/tags?post=131023"}],"curies":[{"name":"wp","href":"https:\/\/api.w.org\/{rel}","templated":true}]}}