{"id":131031,"date":"2025-09-22T04:44:08","date_gmt":"2025-09-22T04:44:08","guid":{"rendered":"https:\/\/www.europesays.com\/es\/131031\/"},"modified":"2025-09-22T04:44:08","modified_gmt":"2025-09-22T04:44:08","slug":"la-cultural-sigue-intratable-en-la-copa-de-espana","status":"publish","type":"post","link":"https:\/\/www.europesays.com\/es\/131031\/","title":{"rendered":"La Cultural sigue intratable en la Copa de Espa\u00f1a"},"content":{"rendered":"<p class=\"paragraph\"><b>CULTURAL\t79<\/b><\/p>\n<p class=\"paragraph\">Adri\u00e1 Dom\u00ednguez (5), Owen (12), Van der Heijden (4), Jaime Llamas (9) y Rodrigo Llamas (9). Tambi\u00e9n jugaron Deng (9), Dylan Hayman (12), Diego Bult\u00f3 (-) y Didac Cebolla (12).<\/p>\n<p class=\"paragraph\"><b>C\u00cdRCULO GIJ\u00d3N\t72<\/b><\/p>\n<p class=\"paragraph\">Joseph Reilly (8), Tavin Pierre (5), Guillem Arcos (16), Javier Men\u00e9ndez (10) y Alberto D\u00edaz (6). Tambi\u00e9n jugaron David Ram\u00edrez (2), Samuel Franco (14), Michael Okafor (12), Barros (3) y Bengui (2).<\/p>\n<p class=\"paragraph\"><b>Marcadores parciales: <\/b>13-16, 35-35 (descanso), 53-56 y 79-72 (final). <b>\u00c1rbitros:<\/b> Jes\u00fas Fern\u00e1ndez Garc\u00eda y Diego Fern\u00e1ndez Requejo. Sin eliminados por personales. <b>Incidencias:<\/b> Palacio de Deportes de Le\u00f3n \u2018Urbano Gonz\u00e1lez\u2019.<\/p>\n<p class=\"paragraph\">La Cultural sum\u00f3 su segundo triunfo en la fase de grupos de la Copa Espa\u00f1a. Si hace una semana su v\u00edctima&#8217; en el Palacio era el Valladolid, en esta ocasi\u00f3n fue el C\u00edrculo Gij\u00f3n (79-72) el que se rend\u00eda frente a un rival que sabe sacar partido al potencial de su plantilla y ser consistente en los instantes decisivos, especialmente en el tramo final donde se decide todo.<\/p>\n<p class=\"paragraph\">Tras un inicio en el que el C\u00edrculo Gij\u00f3n fue m\u00e1s efectivo ante el aro apunt\u00e1ndose el primer cuarto (13-16) en el segundo y con la aportaci\u00f3n en ataque de Cebolla (8 puntos), Jaime Llamas y Hayman (seis cada uno) el marcador se igualaba para llegar al intermedio co todas las espadas en alto con el 35-35.<\/p>\n<p class=\"paragraph\">Tras el paso por vestuarios el C\u00edrculo Gij\u00f3n volv\u00eda a tomar ventaja, aunque escasa (53-56) para afrontar unos \u00faltimos diez minutos en los que la Cultural sacaba a relucir todo su repertorio de buen juego, tanto en defensa como en ataque. Su parcial de 26-16 lo lev\u00f3 a darle la vuelta al marcador y apuntarse el triunfo por un merecido 79-72.<\/p>\n<p class=\"paragraph\"><b>EL CIUDAD DE PONFERRADA SDP CAE DERROTADO<\/b><\/p>\n<p class=\"paragraph\">El Ciudad de Ponferrada SDP, por su parte, ca\u00eda en un partido igualado en la pista del Valladolid por dos puntos (84-82).<\/p>\n","protected":false},"excerpt":{"rendered":"CULTURAL 79 Adri\u00e1 Dom\u00ednguez (5), Owen (12), Van der Heijden (4), Jaime Llamas (9) y Rodrigo Llamas (9).&hellip;\n","protected":false},"author":2,"featured_media":131032,"comment_status":"","ping_status":"","sticky":false,"template":"","format":"standard","meta":{"footnotes":""},"categories":[269],"tags":[299,298,19431,168,25,24,531,9792,23,167],"class_list":{"0":"post-131031","1":"post","2":"type-post","3":"status-publish","4":"format-standard","5":"has-post-thumbnail","7":"category-baloncesto","8":"tag-baloncesto","9":"tag-basketball","10":"tag-cultural-y-deportiva-leonesa","11":"tag-deportes","12":"tag-es","13":"tag-espana","14":"tag-once","15":"tag-palacio-de-los-deportes-de-leon","16":"tag-spain","17":"tag-sports"},"share_on_mastodon":{"url":"","error":""},"_links":{"self":[{"href":"https:\/\/www.europesays.com\/es\/wp-json\/wp\/v2\/posts\/131031","targetHints":{"allow":["GET"]}}],"collection":[{"href":"https:\/\/www.europesays.com\/es\/wp-json\/wp\/v2\/posts"}],"about":[{"href":"https:\/\/www.europesays.com\/es\/wp-json\/wp\/v2\/types\/post"}],"author":[{"embeddable":true,"href":"https:\/\/www.europesays.com\/es\/wp-json\/wp\/v2\/users\/2"}],"replies":[{"embeddable":true,"href":"https:\/\/www.europesays.com\/es\/wp-json\/wp\/v2\/comments?post=131031"}],"version-history":[{"count":0,"href":"https:\/\/www.europesays.com\/es\/wp-json\/wp\/v2\/posts\/131031\/revisions"}],"wp:featuredmedia":[{"embeddable":true,"href":"https:\/\/www.europesays.com\/es\/wp-json\/wp\/v2\/media\/131032"}],"wp:attachment":[{"href":"https:\/\/www.europesays.com\/es\/wp-json\/wp\/v2\/media?parent=131031"}],"wp:term":[{"taxonomy":"category","embeddable":true,"href":"https:\/\/www.europesays.com\/es\/wp-json\/wp\/v2\/categories?post=131031"},{"taxonomy":"post_tag","embeddable":true,"href":"https:\/\/www.europesays.com\/es\/wp-json\/wp\/v2\/tags?post=131031"}],"curies":[{"name":"wp","href":"https:\/\/api.w.org\/{rel}","templated":true}]}}