{"id":131033,"date":"2025-09-22T04:45:11","date_gmt":"2025-09-22T04:45:11","guid":{"rendered":"https:\/\/www.europesays.com\/es\/131033\/"},"modified":"2025-09-22T04:45:11","modified_gmt":"2025-09-22T04:45:11","slug":"asi-queda-la-clasificacion-de-laliga-tras-otra-goleada-del-barca","status":"publish","type":"post","link":"https:\/\/www.europesays.com\/es\/131033\/","title":{"rendered":"As\u00ed queda la clasificaci\u00f3n de LaLiga tras otra goleada del Bar\u00e7a"},"content":{"rendered":"<p data-gtm-element-container=\"modulo-texto-link\" class=\"paragraph\">El <strong>FC Barcelona<\/strong> no cedi\u00f3 en su segundo partido como local en lo que va de temporada y sac\u00f3 adelante la cita ante el <strong>Getafe <\/strong>(3-0) para mantenerse en el segundo puesto de la clasificaci\u00f3n de <strong>LaLiga EA Sports<\/strong> con 13 puntos de 15 posibles, dos por debajo del <strong>Real Madrid<\/strong>, \u00fanico equipo con un pleno de triunfos en las cinco primeras jornadas. Completan la \u2018zona Champions\u2019  el <strong>Villarreal <\/strong>y el <strong>Espanyol<\/strong>, ambos con 10 puntos.<\/p>\n<p data-gtm-element-container=\"modulo-texto-link\" class=\"paragraph\">Cae del \u2018top 4\u2019 el <strong>Athletic<\/strong>, octavo ahora a seis puntos del Madrid y a cuatro del Bar\u00e7a despu\u00e9s de perder el s\u00e1bado en el feudo del <strong>Valencia <\/strong>(2-0). Y peor es el escenario para el <strong>Atl\u00e9tico de Madrid<\/strong>, incapaz de superar al pen\u00faltimo <strong>Mallorca <\/strong>(1-1) y perdido en la 12\u00aa plaza de la tabla con seis puntos, a nueve de los blancos y a siete de los cul\u00e9s.<\/p>\n<p>    Lee tambi\u00e9n<\/p>\n<p data-gtm-element-container=\"modulo-texto-link\" class=\"paragraph\"><strong>Jornada intersemanal<\/strong><\/p>\n<p data-gtm-element-container=\"modulo-texto-link\" class=\"paragraph\">El Campeonato coge carrerilla con la primera de las tres jornadas intersemanales del curso. De los aspirantes al t\u00edtulo, el <strong>Madrid <\/strong>abrir\u00e1 el fuego este martes (21.30 h.\/Movistar LaLiga) visitando al <strong>Levante<\/strong>, 16\u00ba clasificado con dos puntos por encima de la zona de descenso. El <strong>Atl\u00e9tico <\/strong>recibir\u00e1 el mi\u00e9rcoles (21.30 h.\/Movistar LaLiga) al <strong>Rayo Vallecano<\/strong> mientras que el Bar\u00e7a jugar\u00e1 en <strong>Oviedo <\/strong>el jueves (21.30 h.\/DAZN LaLiga) por primera vez desde 2001. De cara al fin de semana, el s\u00e1bado (16.15 h.\/DAZN LaLiga) habr\u00e1 derbi madrile\u00f1o en el Metropolitano entre <strong>Atl\u00e9tico <\/strong>y <strong>Real <\/strong>y el domingo (18.30 h.\/Movistar LaLiga), <strong>Bar\u00e7a-Real Sociedad,<\/strong><\/p>\n","protected":false},"excerpt":{"rendered":"El FC Barcelona no cedi\u00f3 en su segundo partido como local en lo que va de temporada y&hellip;\n","protected":false},"author":2,"featured_media":131034,"comment_status":"","ping_status":"","sticky":false,"template":"","format":"standard","meta":{"footnotes":""},"categories":[268],"tags":[168,25,24,280,282,281,23,167],"class_list":{"0":"post-131033","1":"post","2":"type-post","3":"status-publish","4":"format-standard","5":"has-post-thumbnail","7":"category-futbol","8":"tag-deportes","9":"tag-es","10":"tag-espana","11":"tag-football","12":"tag-futbol","13":"tag-soccer","14":"tag-spain","15":"tag-sports"},"share_on_mastodon":{"url":"","error":""},"_links":{"self":[{"href":"https:\/\/www.europesays.com\/es\/wp-json\/wp\/v2\/posts\/131033","targetHints":{"allow":["GET"]}}],"collection":[{"href":"https:\/\/www.europesays.com\/es\/wp-json\/wp\/v2\/posts"}],"about":[{"href":"https:\/\/www.europesays.com\/es\/wp-json\/wp\/v2\/types\/post"}],"author":[{"embeddable":true,"href":"https:\/\/www.europesays.com\/es\/wp-json\/wp\/v2\/users\/2"}],"replies":[{"embeddable":true,"href":"https:\/\/www.europesays.com\/es\/wp-json\/wp\/v2\/comments?post=131033"}],"version-history":[{"count":0,"href":"https:\/\/www.europesays.com\/es\/wp-json\/wp\/v2\/posts\/131033\/revisions"}],"wp:featuredmedia":[{"embeddable":true,"href":"https:\/\/www.europesays.com\/es\/wp-json\/wp\/v2\/media\/131034"}],"wp:attachment":[{"href":"https:\/\/www.europesays.com\/es\/wp-json\/wp\/v2\/media?parent=131033"}],"wp:term":[{"taxonomy":"category","embeddable":true,"href":"https:\/\/www.europesays.com\/es\/wp-json\/wp\/v2\/categories?post=131033"},{"taxonomy":"post_tag","embeddable":true,"href":"https:\/\/www.europesays.com\/es\/wp-json\/wp\/v2\/tags?post=131033"}],"curies":[{"name":"wp","href":"https:\/\/api.w.org\/{rel}","templated":true}]}}