{"id":131035,"date":"2025-09-22T04:46:20","date_gmt":"2025-09-22T04:46:20","guid":{"rendered":"https:\/\/www.europesays.com\/es\/131035\/"},"modified":"2025-09-22T04:46:20","modified_gmt":"2025-09-22T04:46:20","slug":"maria-jose-suarez-habla-de-su-encuentro-con-sheila-casas-a-las-3-o-4-de-la-manana-y-si-la-considera-su-amiga","status":"publish","type":"post","link":"https:\/\/www.europesays.com\/es\/131035\/","title":{"rendered":"Mar\u00eda Jos\u00e9 Su\u00e1rez habla de su encuentro con Sheila Casas \u00aba las 3 o 4 de la ma\u00f1ana\u00bb y si la considera su amiga"},"content":{"rendered":"<p><b>Mar\u00eda Jos\u00e9 Su\u00e1rez<\/b> se ha dejado ver en la 82\u00ba edici\u00f3n de Mercedes-Benz Fashion Week Madrid y all\u00ed ha sido preguntada por la prensa sobre <b>su reciente encuentro con Sheila Casas en una discoteca<\/b>.<\/p>\n<p>La modelo explic\u00f3 que simplemente se trataba de \u00ab<b>dos personas que se encuentran en un sitio<\/b>\u00bb y confirm\u00f3 a Europa Press que se conoc\u00edan de antes. Sin embargo, ante la pregunta de los reposteros sobre de qu\u00e9 hablaron, Mar\u00eda Jos\u00e9 respondi\u00f3: \u00ab<b>\u00bfPero t\u00fa te crees que yo te voy a contar de qu\u00e9 habl\u00e9 yo?<\/b> A las 3 o 4 de la ma\u00f1ana con risas y tal. <b>Hablamos, nos re\u00edmos, pasamos un buen rato y ya est\u00e1<\/b>, con amigas comunes. Hab\u00eda m\u00e1s gente\u00bb.<\/p>\n<p><img loading=\"lazy\" decoding=\"async\" title=\"Mar\u00eda Jos\u00e9 Su\u00e1rez en la Mercedes-Benz Fashion Week Madrid\" alt=\"Mar\u00eda Jos\u00e9 Su\u00e1rez en la Mercedes-Benz Fashion Week Madrid\" width=\"480\" height=\"270\" src=\"https:\/\/www.europesays.com\/es\/wp-content\/uploads\/2025\/09\/maria-jose-suarez-mercedes-benz-fashion-week-madrid_70.jpg\"\/> Mar\u00eda Jos\u00e9 Su\u00e1rez en la Mercedes-Benz Fashion Week Madrid | Europa Press <\/p>\n<p>Eso s\u00ed, aseguraba que <b>considera a la hermana de Mario Casas su amiga<\/b>, aunque se re\u00eda ante la pregunta de <b>si hablaron de \u00c1lvaro Mu\u00f1oz Escassi<\/b>, expareja de ambas y que <b><a title=\"recientemente romp\u00eda con Sheila\" href=\"https:\/\/www.antena3.com\/novamas\/gente\/alvaro-munoz-escassi-responde-sheila-casas-confesar-que-guarda-buen-recuerdo-relacion_202507266884a01aabb2960d1fb64f8a.html\" target=\"_blank\" rel=\"nofollow noopener\">recientemente romp\u00eda con Sheila<\/a><\/b>.<\/p>\n<p><img loading=\"lazy\" decoding=\"async\" title=\"\u00c1lvaro Mu\u00f1oz Escassi y Sheila Casas \" alt=\"\u00c1lvaro Mu\u00f1oz Escassi y Sheila Casas \" width=\"360\" height=\"640\" src=\"https:\/\/www.europesays.com\/es\/wp-content\/uploads\/2025\/09\/alvaro-munoz-escassi-sheila-casas_68.jpg\"\/> \u00c1lvaro Mu\u00f1oz Escassi y Sheila Casas | Gtres <\/p>\n<p>Lo que s\u00ed es cierto es que la modelo guarda <b>buena relaci\u00f3n con varias ex del jinete<\/b>, tal y como ella ha se\u00f1alado: \u00ab<b>Con Raquel [Bernal]<\/b>, su exmujer, <b>tambi\u00e9n estuve en Miami hace poco comiendo<\/b>, pero porque Raquel tambi\u00e9n es amiga m\u00eda de antes, s\u00ed. A Raquel la conoc\u00ed en Rep\u00fablica Dominicana, cuando yo viv\u00eda all\u00ed y en la vida hay que llevarse bien con todo el mundo al final porque la vida no sabes nunca\u00bb.<\/p>\n<p>Por \u00faltimo, la modelo lanzaba una reflexi\u00f3n con la que dejaba entrever que no quiere tener pol\u00e9micas con nadie, ni siquiera estar enemistada con mujeres que han compartido su vida con el jinete: \u00ab<b>Hay que olvidar lo malo y mirar para adelante<\/b>, quedarse con lo bueno y el rencor fuera porque no te hace bien\u00bb.<\/p>\n<p>   <img decoding=\"async\" title=\"Margarita Vargas en el desfile de Carolina Herrera en Madrid\" alt=\"Margarita Vargas en el desfile de Carolina Herrera en Madrid\" width=\"480\" height=\"270\" src=\"https:\/\/www.europesays.com\/es\/wp-content\/uploads\/2025\/09\/margarita-vargas-desfile-carolina-herrera-madrid_70.jpg\" loading=\"lazy\" class=\"lazy\"\/><\/p>\n","protected":false},"excerpt":{"rendered":"Mar\u00eda Jos\u00e9 Su\u00e1rez se ha dejado ver en la 82\u00ba edici\u00f3n de Mercedes-Benz Fashion Week Madrid y all\u00ed&hellip;\n","protected":false},"author":2,"featured_media":131036,"comment_status":"","ping_status":"","sticky":false,"template":"","format":"standard","meta":{"footnotes":""},"categories":[174],"tags":[255,146,147,25,24,256,23],"class_list":{"0":"post-131035","1":"post","2":"type-post","3":"status-publish","4":"format-standard","5":"has-post-thumbnail","7":"category-famosos","8":"tag-celebrities","9":"tag-entertainment","10":"tag-entretenimiento","11":"tag-es","12":"tag-espana","13":"tag-famosos","14":"tag-spain"},"share_on_mastodon":{"url":"","error":""},"_links":{"self":[{"href":"https:\/\/www.europesays.com\/es\/wp-json\/wp\/v2\/posts\/131035","targetHints":{"allow":["GET"]}}],"collection":[{"href":"https:\/\/www.europesays.com\/es\/wp-json\/wp\/v2\/posts"}],"about":[{"href":"https:\/\/www.europesays.com\/es\/wp-json\/wp\/v2\/types\/post"}],"author":[{"embeddable":true,"href":"https:\/\/www.europesays.com\/es\/wp-json\/wp\/v2\/users\/2"}],"replies":[{"embeddable":true,"href":"https:\/\/www.europesays.com\/es\/wp-json\/wp\/v2\/comments?post=131035"}],"version-history":[{"count":0,"href":"https:\/\/www.europesays.com\/es\/wp-json\/wp\/v2\/posts\/131035\/revisions"}],"wp:featuredmedia":[{"embeddable":true,"href":"https:\/\/www.europesays.com\/es\/wp-json\/wp\/v2\/media\/131036"}],"wp:attachment":[{"href":"https:\/\/www.europesays.com\/es\/wp-json\/wp\/v2\/media?parent=131035"}],"wp:term":[{"taxonomy":"category","embeddable":true,"href":"https:\/\/www.europesays.com\/es\/wp-json\/wp\/v2\/categories?post=131035"},{"taxonomy":"post_tag","embeddable":true,"href":"https:\/\/www.europesays.com\/es\/wp-json\/wp\/v2\/tags?post=131035"}],"curies":[{"name":"wp","href":"https:\/\/api.w.org\/{rel}","templated":true}]}}