{"id":131037,"date":"2025-09-22T04:48:11","date_gmt":"2025-09-22T04:48:11","guid":{"rendered":"https:\/\/www.europesays.com\/es\/131037\/"},"modified":"2025-09-22T04:48:11","modified_gmt":"2025-09-22T04:48:11","slug":"javier-milei-publica-un-nuevo-libro-en-el-mes-de-las-elecciones","status":"publish","type":"post","link":"https:\/\/www.europesays.com\/es\/131037\/","title":{"rendered":"Javier Milei publica un nuevo libro en el mes de las elecciones"},"content":{"rendered":"<p class=\"com-paragraph  --capital --s\">En octubre y en el <a href=\"https:\/\/www.lanacion.com.ar\/opinion\/la-batalla-cultural-ahora-busca-mas-confrontacion-nid21042024\/\" target=\"_self\" title=\"https:\/\/www.lanacion.com.ar\/opinion\/la-batalla-cultural-ahora-busca-mas-confrontacion-nid21042024\/\" class=\"com-link break-word\" data-mrf-recirculation=\"n_link_parrafo\" rel=\"nofollow noopener\">sello pionero de la \u201cbatalla cultural\u201d<\/a>, Hojas del Sur, el Presidente lanza un nuevo libro: La construcci\u00f3n del milagro. El mismo Javier Milei lo anunci\u00f3 este domingo en sus cuentas en redes sociales. En X, reposte\u00f3 una publicaci\u00f3n de la editorial con el anuncio de la presentaci\u00f3n, que ser\u00e1 el 6 de octubre y para la que ya hubo un r\u00e9cord de inscriptos: \u201c<strong>Los bur\u00f3cratas quieren que olvides que son tus empleados. Ellos se creen reyes.<\/strong> El 6 de octubre en el Movistar Arena, presentamos el libro que los desnuda\u201d. <\/p>\n<p class=\"com-paragraph   --s\">El precio de venta al p\u00fablico ser\u00e1 de $ 35.000. En la portada se ve al Presidente con la banda presidencial y una motosierra con la leyenda \u201cLas fuerzas del cielo\u201d; un bot\u00f3n de tapa indica \u201cEl caso argentino\u201d. <strong>La construcci\u00f3n del milagro<\/strong> <strong>tiene casi seiscientas p\u00e1ginas y dos pr\u00f3logos: uno del <\/strong><a href=\"https:\/\/www.lanacion.com.ar\/politica\/bertie-benegas-lynch-el-librepensador-que-no-hizo-mas-que-reflejar-el-pensamiento-intimo-de-milei-nid08042024\/\" target=\"_self\" title=\"https:\/\/www.lanacion.com.ar\/politica\/bertie-benegas-lynch-el-librepensador-que-no-hizo-mas-que-reflejar-el-pensamiento-intimo-de-milei-nid08042024\/\" class=\"com-link break-word\" data-mrf-recirculation=\"n_link_parrafo\" rel=\"nofollow noopener\"><strong>diputado Bertie Benegas Lynch<\/strong><\/a><strong> y otro del periodista y escritor <\/strong><a href=\"https:\/\/www.lanacion.com.ar\/cultura\/la-biografia-de-milei-de-marquez-y-duclos-se-tradujo-al-japones-y-encabeza-la-lista-de-best-sellers-nid15022025\/\" target=\"_self\" title=\"https:\/\/www.lanacion.com.ar\/cultura\/la-biografia-de-milei-de-marquez-y-duclos-se-tradujo-al-japones-y-encabeza-la-lista-de-best-sellers-nid15022025\/\" class=\"com-link break-word\" data-mrf-recirculation=\"n_link_parrafo\" rel=\"nofollow noopener\"><strong>Marcelo Duclos, coautor de la biograf\u00eda de Milei con Nicol\u00e1s M\u00e1rquez<\/strong><\/a>.<\/p>\n<p class=\"com-paragraph   --s\">Al ser consultado por LA NACION acerca de cu\u00e1l ser\u00eda el milagro al que se hace referencia en el t\u00edtulo, <strong>Milei respondi\u00f3: \u201cMAGA, para el caso de la Argentina\u201d; es decir, parafraseando a Donald Trump<\/strong><strong>,<\/strong><strong> <\/strong><strong>Make Argentina Great Again<\/strong><strong>.<\/strong> El t\u00edtulo se habr\u00eda definido meses atr\u00e1s, antes de la seguidilla de esc\u00e1ndalos y <a href=\"https:\/\/www.lanacion.com.ar\/politica\/senado-la-oposicion-se-encamina-a-rechazar-el-veto-de-milei-al-reparto-de-fondos-de-atn-para-las-nid18092025\/\" target=\"_self\" title=\"https:\/\/www.lanacion.com.ar\/politica\/senado-la-oposicion-se-encamina-a-rechazar-el-veto-de-milei-al-reparto-de-fondos-de-atn-para-las-nid18092025\/\" class=\"com-link break-word\" data-mrf-recirculation=\"n_link_parrafo\" rel=\"nofollow noopener\">derrotas legislativas<\/a> del Gobierno en las \u00faltimas semanas. <\/p>\n<p class=\"com-paragraph   --s\">El Presidente agreg\u00f3 que en la primera parte del libro, titulada \u201cDe la teor\u00eda a la realidad\u201d, se presenta la \u201cbase conceptual\u201d de su programa de Gobierno y que en la segunda, \u201cBases econ\u00f3micas y filos\u00f3ficas\u201d, se agrupan, por tem\u00e1tica, <a href=\"https:\/\/www.lanacion.com.ar\/politica\/el-discurso-completo-y-las-frases-destacadas-de-javier-milei-en-el-foro-de-davos-2025-nid23012025\/\" target=\"_self\" title=\"https:\/\/www.lanacion.com.ar\/politica\/el-discurso-completo-y-las-frases-destacadas-de-javier-milei-en-el-foro-de-davos-2025-nid23012025\/\" class=\"com-link break-word\" data-mrf-recirculation=\"n_link_parrafo\" rel=\"nofollow noopener\">discursos<\/a> y conferencias. \u201cSe puede leer directamente la segunda parte -dijo Milei-. <strong>Y al que le interesa profundizar, el fundamento est\u00e1 en la primera. Todo est\u00e1 en formato para no especialistas, pero es claro que la segunda parte es muy simple<\/strong>, hasta casi lineal\u201d. Hay una tercera parte: \u201cEl caso argentino, la construcci\u00f3n del milagro\u201d.<\/p>\n<p class=\"com-paragraph   --s\">Por otro lado, LA NACION pudo saber que en el libro se incluye el \u201cmarco conceptual\u201d para comprender la teor\u00eda econ\u00f3mica subyacente en el \u201cproceso de estabilizaci\u00f3n\u201d llevado a cabo por el Gobierno para atenuar la <a href=\"https:\/\/www.lanacion.com.ar\/politica\/la-herencia-kirchnerista-y-el-combate-contra-la-inflacion-ejes-del-discurso-de-javier-milei-a-un-ano-nid09122024\/\" target=\"_self\" title=\"https:\/\/www.lanacion.com.ar\/politica\/la-herencia-kirchnerista-y-el-combate-contra-la-inflacion-ejes-del-discurso-de-javier-milei-a-un-ano-nid09122024\/\" class=\"com-link break-word\" data-mrf-recirculation=\"n_link_parrafo\" rel=\"nofollow noopener\">\u201cherencia kirchnerista\u201d (inflaci\u00f3n, distorsi\u00f3n de precios, cepo cambiario, incremento de la pobreza)<\/a>, y cuestiones vinculadas con la historia del pensamiento econ\u00f3mico, asuntos de filosof\u00eda pol\u00edtica y logros del Gobierno. Tambi\u00e9n se consigan las \u201cpromesas de campa\u00f1a\u201d plasmadas en la gesti\u00f3n libertaria.<\/p>\n<p class=\"com-paragraph   --s\">\u201cLa gente no vota lo que no entiende, por eso, la batalla cultural est\u00e1 primero -escribe Benegas Lynch en el pr\u00f3logo, con alusiones a Adam Smith, Marx y Engels y Friedrich von Hayek, adem\u00e1s de su propio padre, <a href=\"https:\/\/www.lanacion.com.ar\/ideas\/alberto-benegas-lynch-h-vamos-a-sufrir-pero-no-hay-mas-remedio-que-pasar-por-esto-nid13012024\/\" target=\"_self\" title=\"https:\/\/www.lanacion.com.ar\/ideas\/alberto-benegas-lynch-h-vamos-a-sufrir-pero-no-hay-mas-remedio-que-pasar-por-esto-nid13012024\/\" class=\"com-link break-word\" data-mrf-recirculation=\"n_link_parrafo\" rel=\"nofollow noopener\">Alberto Benegas Lynch (h)<\/a>-. Esto tampoco quiere decir que haya un punto en el que la labor de la batalla cultural se completa porque, como queda dicho, en el momento en que se abandona la tarea, el socialismo vuelve a tomar los espacios que abandonamos. <strong>Esta patriada que llevan Javier y Karina Milei desde hace a\u00f1os nos debe hacer reflexionar respecto de nuestra propia conducta y participaci\u00f3n.<\/strong> No es necesario involucrarse el escenario pol\u00edtico y partidario; es suficiente (y m\u00e1s importante) hacerlo mejor\u00e1ndose uno mismo en el aprendizaje de los grandes maestros de la libertad cuyos libros est\u00e1n ahora m\u00e1s a la mano y que nos proveen argumentos y ense\u00f1anzas para el debate. [\u2026] Debemos aprovechar este impulso fenomenal que los hermanos Milei han hecho para mantener la antorcha de la libertad encendida y que los marcos institucionales, los principios elementales de la convivencia, el respeto mutuo y los l\u00edmites al poder, sean valores innegociables y sostenidos en el tiempo\u201d. <\/p>\n<p class=\"com-paragraph   --s\"><a href=\"https:\/\/www.lanacion.com.ar\/seguridad\/detuvieron-a-dos-menores-de-17-anos-por-el-robo-a-andres-mego-uno-de-los-organizadores-de-derecha-nid30072025\/\" target=\"_self\" title=\"https:\/\/www.lanacion.com.ar\/seguridad\/detuvieron-a-dos-menores-de-17-anos-por-el-robo-a-andres-mego-uno-de-los-organizadores-de-derecha-nid30072025\/\" class=\"com-link break-word\" data-mrf-recirculation=\"n_link_parrafo\" rel=\"nofollow noopener\">El director editorial de Hojas del Sur y organizador de La Derecha Fest, Andr\u00e9s Mego<\/a>, neg\u00f3 que el lanzamiento de La construcci\u00f3n del milagro implicaba la salida de Milei del cat\u00e1logo de Planeta <a href=\"https:\/\/www.lanacion.com.ar\/cultura\/rumbo-a-las-elecciones-de-octubre-se-reimprimen-los-libros-de-y-sobre-javier-milei-nid17082023\/\" target=\"_self\" title=\"https:\/\/www.lanacion.com.ar\/cultura\/rumbo-a-las-elecciones-de-octubre-se-reimprimen-los-libros-de-y-sobre-javier-milei-nid17082023\/\" class=\"com-link break-word\" data-mrf-recirculation=\"n_link_parrafo\" rel=\"nofollow noopener\">(donde el Presidente public\u00f3 Capitalismo, socialismo y la trampa neocl\u00e1sica, El fin de la inflaci\u00f3n y El camino del libertario)<\/a>. \u201cHay autores que sacan sus libros en distintas editoriales\u201d, explic\u00f3. De la presentaci\u00f3n del libro de Milei en el Movistar Arena participar\u00e1 otro autor del sello, <a href=\"https:\/\/www.lanacion.com.ar\/politica\/quien-es-agustin-laje-el-intelectual-ligado-a-milei-que-el-gobierno-eligio-para-su-spot-por-el-dia-nid24032025\/\" target=\"_self\" title=\"https:\/\/www.lanacion.com.ar\/politica\/quien-es-agustin-laje-el-intelectual-ligado-a-milei-que-el-gobierno-eligio-para-su-spot-por-el-dia-nid24032025\/\" class=\"com-link break-word\" data-mrf-recirculation=\"n_link_parrafo\" rel=\"nofollow noopener\">el director ejecutivo de la Fundaci\u00f3n Faro, Agust\u00edn Laje<\/a>.<\/p>\n","protected":false},"excerpt":{"rendered":"En octubre y en el sello pionero de la \u201cbatalla cultural\u201d, Hojas del Sur, el Presidente lanza un&hellip;\n","protected":false},"author":2,"featured_media":131038,"comment_status":"","ping_status":"","sticky":false,"template":"","format":"standard","meta":{"footnotes":""},"categories":[172],"tags":[229,224,146,147,25,24,225,23,42010],"class_list":{"0":"post-131037","1":"post","2":"type-post","3":"status-publish","4":"format-standard","5":"has-post-thumbnail","7":"category-libros","8":"tag-arte","9":"tag-books","10":"tag-entertainment","11":"tag-entretenimiento","12":"tag-es","13":"tag-espana","14":"tag-libros","15":"tag-spain","16":"tag-wpp"},"share_on_mastodon":{"url":"","error":""},"_links":{"self":[{"href":"https:\/\/www.europesays.com\/es\/wp-json\/wp\/v2\/posts\/131037","targetHints":{"allow":["GET"]}}],"collection":[{"href":"https:\/\/www.europesays.com\/es\/wp-json\/wp\/v2\/posts"}],"about":[{"href":"https:\/\/www.europesays.com\/es\/wp-json\/wp\/v2\/types\/post"}],"author":[{"embeddable":true,"href":"https:\/\/www.europesays.com\/es\/wp-json\/wp\/v2\/users\/2"}],"replies":[{"embeddable":true,"href":"https:\/\/www.europesays.com\/es\/wp-json\/wp\/v2\/comments?post=131037"}],"version-history":[{"count":0,"href":"https:\/\/www.europesays.com\/es\/wp-json\/wp\/v2\/posts\/131037\/revisions"}],"wp:featuredmedia":[{"embeddable":true,"href":"https:\/\/www.europesays.com\/es\/wp-json\/wp\/v2\/media\/131038"}],"wp:attachment":[{"href":"https:\/\/www.europesays.com\/es\/wp-json\/wp\/v2\/media?parent=131037"}],"wp:term":[{"taxonomy":"category","embeddable":true,"href":"https:\/\/www.europesays.com\/es\/wp-json\/wp\/v2\/categories?post=131037"},{"taxonomy":"post_tag","embeddable":true,"href":"https:\/\/www.europesays.com\/es\/wp-json\/wp\/v2\/tags?post=131037"}],"curies":[{"name":"wp","href":"https:\/\/api.w.org\/{rel}","templated":true}]}}