{"id":131043,"date":"2025-09-22T04:51:17","date_gmt":"2025-09-22T04:51:17","guid":{"rendered":"https:\/\/www.europesays.com\/es\/131043\/"},"modified":"2025-09-22T04:51:17","modified_gmt":"2025-09-22T04:51:17","slug":"todos-pensaron-que-estaba-loco","status":"publish","type":"post","link":"https:\/\/www.europesays.com\/es\/131043\/","title":{"rendered":"Todos pensaron que estaba loco"},"content":{"rendered":"<p class=\"c-paragraph\"><b\/>La idea de jubilarse ha sido tanteada seriamente por <b>Sylvester Stallone<\/b>. Le empez\u00f3 a dar vueltas hace tiempo, a causa de una concatenaci\u00f3n de serios reveses en su carrera. Por un lado <b>Los mercen4rios<\/b> fue un fracaso absoluto en taquilla, y por otro la veterana estrella tuvo que ver c\u00f3mo le iban dejando de lado en sus dos grandes franquicias. Por un lado <b>Rocky<\/b>, que ahora mismo est\u00e1 en manos de <b>MGM<\/b> y solo hay ideas de centrarse en el personaje de <b>Michael B. Jordan<\/b>, y por otro <b>Rambo<\/b>. Que ahora mismo est\u00e1 desarrollando <b>una precuela<\/b> sobre la juventud del protagonista, ahora interpretado por <b>Noah Centineo<\/b>. Stallone est\u00e1 fuera.<\/p>\n<p class=\"c-paragraph\">A todo esto hay que sumarle otro sorprendente proyecto relacionado con el boxeador. <b>I Play Rocky<\/b><b> <\/b>es el t\u00edtulo de un film que prepara\u00a0<b>Peter Farrelly (<\/b><b>Green Book<\/b><b>) <\/b>y que recrea el inspirador rodaje de Rocky previo a su hist\u00f3rico estreno en 1976. La existencia de esta pel\u00edcula ha desconcertado bastante a Stallone, tal y como ha contado en el podcast <a href=\"https:\/\/theplaylist.net\/sylvester-stallone-says-he-wanted-to-direct-a-young-rambo-movie-himself-as-an-ai-movie-talks-new-memoir-20250918\/\" rel=\"nofollow noreferrer noopener\" target=\"_blank\">Bingeworthy de The Playlist<\/a>. \u201cMe sorprendi\u00f3 leerlo, <b>no tengo nada que ver con esto<\/b>\u201d, dijo.<\/p>\n<p class=\"c-paragraph\">\u201cComo yo lo viv\u00ed, pensaba que podr\u00eda participar y aportarles algo de informaci\u00f3n\u201d, apuntaba Stallone, pero al parecer ya es tarde para poder contribuir a la pel\u00edcula. Lo curioso es que su desarrollo coincide con Stallone escribiendo sus propias memorias (<b>The Steps<\/b>, llamar\u00eda al libro), donde otras cosas repasa sus vivencias una vez lleg\u00f3 a Nueva York en 1969, y todo lo que le llevar\u00eda a escribir el guion de Rocky.\u00a0<\/p>\n<p class=\"c-paragraph\">La cuesti\u00f3n es que son cosas del pasado, pero igualmente Stallone ha terminado dejando de lado la jubilaci\u00f3n: el gran motivo de esa entrevista es el \u00e9xito asombroso que est\u00e1 teniendo <b>Tulsa King<\/b>.<\/p>\n<p class=\"c-paragraph\">Tulsa King es el motivo de que Stallone no se haya retirado finalmente. Una serie de g\u00e1ngsters que ha arrasado en<b> Paramount+ <\/b>y, mientras prepara un spin-off con <b>Samuel L. Jackson<\/b>, acaba de ser renovada por una cuarta temporada. Stallone lo celebra, y tambi\u00e9n ha aprovechado para referirse a la precuela de <b>Rambo<\/b> con<b> Noah Centineo<\/b> reconociendo lo dif\u00edcil que debe ser plantear un proyecto as\u00ed.\u00a0<\/p>\n<p class=\"c-paragraph\">\u201cPuede hacer un trabajo estelar pero yo me met\u00ed en algo parecido con <b>Get Carter<\/b>. A todo el mundo le encanta la original, siempre has de luchar contra ese prejuicio\u201d. Stallone se refiere al remake de <b>Asesino implacable<\/b> que protagoniz\u00f3 en el a\u00f1o 2000 sucediendo a <b>Michael Caine<\/b>, sin lograr al parecer igualar su impronta.<\/p>\n<p class=\"c-paragraph\">En ese sentido compara este esfuerzo con ser <b>\u201cel hijo de Tarz\u00e1n\u201d <\/b>o<b> \u201cel hijo de King Kong\u201d<\/b>. Lo m\u00e1s curioso de todo es que el planteamiento de una precuela de Rambo ya se le hab\u00eda ocurrido a Stallone antes. La estrella, que ha llegado a dirigir alguna entrega de la saga (<b>John Rambo<\/b>, en 2008) ha revelado as\u00ed que hace un pu\u00f1ado de a\u00f1os esto era justo lo que quer\u00eda hacer para renovar al personaje: dirigir una precuela. Una que tambi\u00e9n estar\u00eda protagonizada\u00a0por \u00e9l, pero rejuveneci\u00e9ndose a s\u00ed mismo\u2026 <b>utilizando Inteligencia Artificial<\/b>.<\/p>\n<p class=\"c-paragraph\">Tal parece que Stallone fue una de las primeras estrellas de Hollywood en confiar en las posibilidades de esta herramienta. \u201c<b>Todos pensaron que estaba loco<\/b>. La inteligencia artificial es lo bastante sofisticada como para recorrer Saig\u00f3n y verlo c\u00f3mo era hace 18 a\u00f1os y, b\u00e1sicamente, usar la misma imagen. No es tan descabellado\u201d.\u00a0<\/p>\n<p class=\"c-paragraph\">En su d\u00eda la idea no cuaj\u00f3 y se ha preferido coger a un actor m\u00e1s joven para ser Rambo, pero tal y como est\u00e1 el tema tampoco podemos descartar que se utilicen m\u00e9todos as\u00ed en pr\u00f3ximos proyectos.<\/p>\n","protected":false},"excerpt":{"rendered":"La idea de jubilarse ha sido tanteada seriamente por Sylvester Stallone. Le empez\u00f3 a dar vueltas hace tiempo,&hellip;\n","protected":false},"author":2,"featured_media":131044,"comment_status":"","ping_status":"","sticky":false,"template":"","format":"standard","meta":{"footnotes":""},"categories":[169],"tags":[177,20808,146,147,25,24,176,175,41111,8325,23,12673,20877],"class_list":{"0":"post-131043","1":"post","2":"type-post","3":"status-publish","4":"format-standard","5":"has-post-thumbnail","7":"category-cine","8":"tag-cine","9":"tag-dirigir","10":"tag-entertainment","11":"tag-entretenimiento","12":"tag-es","13":"tag-espana","14":"tag-film","15":"tag-movies","16":"tag-precuela","17":"tag-quiso","18":"tag-spain","19":"tag-stallone","20":"tag-una"},"share_on_mastodon":{"url":"","error":""},"_links":{"self":[{"href":"https:\/\/www.europesays.com\/es\/wp-json\/wp\/v2\/posts\/131043","targetHints":{"allow":["GET"]}}],"collection":[{"href":"https:\/\/www.europesays.com\/es\/wp-json\/wp\/v2\/posts"}],"about":[{"href":"https:\/\/www.europesays.com\/es\/wp-json\/wp\/v2\/types\/post"}],"author":[{"embeddable":true,"href":"https:\/\/www.europesays.com\/es\/wp-json\/wp\/v2\/users\/2"}],"replies":[{"embeddable":true,"href":"https:\/\/www.europesays.com\/es\/wp-json\/wp\/v2\/comments?post=131043"}],"version-history":[{"count":0,"href":"https:\/\/www.europesays.com\/es\/wp-json\/wp\/v2\/posts\/131043\/revisions"}],"wp:featuredmedia":[{"embeddable":true,"href":"https:\/\/www.europesays.com\/es\/wp-json\/wp\/v2\/media\/131044"}],"wp:attachment":[{"href":"https:\/\/www.europesays.com\/es\/wp-json\/wp\/v2\/media?parent=131043"}],"wp:term":[{"taxonomy":"category","embeddable":true,"href":"https:\/\/www.europesays.com\/es\/wp-json\/wp\/v2\/categories?post=131043"},{"taxonomy":"post_tag","embeddable":true,"href":"https:\/\/www.europesays.com\/es\/wp-json\/wp\/v2\/tags?post=131043"}],"curies":[{"name":"wp","href":"https:\/\/api.w.org\/{rel}","templated":true}]}}