{"id":131049,"date":"2025-09-22T04:54:11","date_gmt":"2025-09-22T04:54:11","guid":{"rendered":"https:\/\/www.europesays.com\/es\/131049\/"},"modified":"2025-09-22T04:54:11","modified_gmt":"2025-09-22T04:54:11","slug":"no-me-afecta-lo-que-diga-llevo-toda-la-vida-sin-el-como-para-que-ahora-me-importe","status":"publish","type":"post","link":"https:\/\/www.europesays.com\/es\/131049\/","title":{"rendered":"\u201cNo me afecta lo que diga. Llevo toda la vida sin \u00e9l, como para que ahora me importe\u00bb"},"content":{"rendered":"<p>Kiko Rivera se encontraba de forma inesperado con su hermano Fran. Despu\u00e9s de a\u00f1os sin hablarse y de cruces de acusaciones dur\u00edsimos entre ambos, las c\u00e1maras captaban a los hijos de Paquirri juntos. Una imagen que nadie pod\u00eda esperar, ni siquiera los propios protagonistas.<\/p>\n<p>Hace un tiempo, Kiko se sinceraba en las p\u00e1ginas de la revista Lecturas sobre la relaci\u00f3n con su hermano Fran. Duro y muy firme, aseguraba que no ten\u00eda nada que decirle y que, de encontr\u00e1rselo, no le saludar\u00eda. \u00bfQu\u00e9 ha cambiado para que ahora hayan estado juntos? Estas palabras del hijo de Isabel Pantoja cobran una relevancia inesperada.<\/p>\n<p>Recuperamos la entrevista al completo donde Kiko destap\u00f3 el origen de su mala relaci\u00f3n con su hermana Fran y c\u00f3mo ha afectado todo esto a Cayetano, el \u00fanico que ha tenido buen entendimiento con ambos.<\/p>\n<p>Kiko Rivera respond\u00eda a Fran<\/p>\n<p>Despu\u00e9s de que Fran Rivera rompiera definitivamente su relaci\u00f3n con Kiko, el hijo de Isabel Pantoja responde como nunca antes a su hermano en nuestras p\u00e1ginas. Explota para defenderse y evidenciar que no va a soportar m\u00e1s desprecios. Sincero como siempre, reitera su perd\u00f3n a su hermana Isa por la confesi\u00f3n en la que desvelaba: \u201cPegu\u00e9 a mi hermana una vez, cuando quiso cortarse las venas\u201d, y aclara que no minti\u00f3 al revelar aquel impactante episodio.<\/p>\n<p><img loading=\"lazy\" decoding=\"async\"   src=\"https:\/\/www.europesays.com\/es\/wp-content\/uploads\/2025\/09\/kiko-rivera_e5592a8b_250921145957_1200x800.webp.webp\" alt=\"Kiko Rivera\" class=\"lazyload\" width=\"1200\" height=\"800\" data-aspectratio=\"1200\/800\"\/>&#13;Gar\u00f3fano<\/p>\n<p><strong>Tu hermano Fran ha roto contigo totalmente.<\/strong><br \/>Mi relaci\u00f3n con \u00e9l era nula. \u00a1Rompe lo que ya est\u00e1 roto! Mi hermano me importa un carajo. \u00a1No quiero saber nada de \u00e9l!<\/p>\n<p><strong>La guerra estall\u00f3 porque \u00e9l dijo: \u201cA las personas malas es normal que les pasen cosas malas\u201d, mientras tu madre estaba siendo juzgada, y t\u00fa respondiste: \u201cSu madre no es ejemplo de nada\u201d. \u00bfTe arrepientes de tus palabras?<\/strong><br \/>Dije unas palabras que estaban fuera de lugar, igual que estaban fuera de lugar las que dijo mi hermano. No le quito la raz\u00f3n, pero no era el momento. Eso es como rematar al que est\u00e1 a punto de morirse. Por respeto a m\u00ed, deber\u00eda haber guardado silencio.<\/p>\n<p><strong>Con Cayetano tienes una relaci\u00f3n muy buena.<\/strong><br \/>Estupenda. \u00c9l ha estado preocupado por m\u00ed desde que me distanci\u00e9 de mi madre. \u00a1El \u00fanico! Al d\u00eda siguiente de mi comentario desafortunado sobre su madre lo llam\u00e9 y le ped\u00ed perd\u00f3n.<\/p>\n<p><strong>\u00bfY te comprendi\u00f3?<\/strong><br \/>[Suspira]. \u00a1Es su madre! Ah\u00ed no hay comprensi\u00f3n.<\/p>\n<p><strong>\u00bfLe hiciste da\u00f1o?<\/strong><br \/>Le hice da\u00f1o. Admit\u00ed mi error. Me arrepiento por \u00e9l y por Carmen, que en paz descanse, siempre fue superamable conmigo.<\/p>\n<p><strong>\u00bfY a Fran no le tendr\u00edas que pedir disculpas?<\/strong><br \/>No.<\/p>\n<p><img loading=\"lazy\" decoding=\"async\"   src=\"https:\/\/www.europesays.com\/es\/wp-content\/uploads\/2025\/09\/kiko-rivera_a0dfe178_250921150013_1200x800.webp.webp\" alt=\"Kiko Rivera\" class=\"lazyload\" width=\"1200\" height=\"800\" data-aspectratio=\"1200\/800\"\/>&#13;Gar\u00f3fano<\/p>\n<p><strong>\u00c9l afirma que, si hubiera sido t\u00fa, habr\u00eda tenido las narices de hablar con tu madre, coger los enseres de tu padre y d\u00e1rselos a ellos.<\/strong><br \/>Las mismas narices que le habr\u00edan hecho falta a \u00e9l para venir a verme cuando he estado mal. Francisco no me hace falta para nada.<\/p>\n<p><strong>\u00bfTe duele que diga que no quiere saber nada de ti?<\/strong><br \/>No.<\/p>\n<p><strong>Fran dice que hab\u00e9is recibido una educaci\u00f3n distinta, ni mejor ni peor. \u00bfTe suena a clasismo?<\/strong><br \/>[Risas]. Cuando alguien dice eso es porque piensa que la suya es mejor. Est\u00e1 menospreciando mi educaci\u00f3n. \u00bfPorque lleva chaqueta y corbata? \u00bfQu\u00e9 eres? \u00bfEl mu\u00f1eco del Monopoly vendiendo seguros? Deja mucho que desear que diga esas barbaridades.<\/p>\n<p><strong>\u00bfHas arremetido contra Francisco alguna vez?<\/strong><br \/>Yo no tengo la culpa de los malestares que pueda tener mi hermano con mi madre. Siempre ha arremetido contra ella y lo he sufrido todos esos a\u00f1os, antes de que me diera cuenta de todo, porque yo no sab\u00eda c\u00f3mo era mi madre. A \u00e9l le ha dado igual que yo fuera su hermano. El que no quiere a nadie es \u00e9l. A mis sobrinos peque\u00f1os no los conozco. Adoro a mi sobrina [Tana].<\/p>\n<p><strong>Lo que se percibe es que tu relaci\u00f3n con Cayetano es mejor que la que tiene Francisco. \u00bfEs as\u00ed?<\/strong><br \/>Desde hace un par de a\u00f1os estoy experimentando con Cayetano lo que es tener un hermano mayor, le pido consejo. Eso para m\u00ed es algo nuevo. Si de algo siento tristeza es de no haber disfrutado de \u00e9l de peque\u00f1o. Cayetano es mi hermano favorito.<\/p>\n<p><strong>Francisco afirma que no tiene nada que hablar contigo.<\/strong><br \/>Mejor. No lo aguanto. No me afecta lo que diga. Llevo toda la vida sin \u00e9l, como para que ahora me importe. \u00a1No tengo nada que hablar ni ahora ni nunca! Me he quitado un peso de encima, no tengo ya que disimular. No tengo un v\u00ednculo con \u00e9l. No tengo nada. No conoce a mis hijas. Ha venido dos veces a comer en navidades y me regal\u00f3 un pin o un llavero&#8230; Si mi hermano Francisco tuviera un problema con Cayetano probablemente no dir\u00eda estas tonter\u00edas. Para \u00e9l no soy su hermano.<\/p>\n<p><strong>Si ahora ves a Fran, \u00bfno os vais ni a saludar?<\/strong><br \/>No. Y si viene a saludarme le voy a negar el saludo. Si me lo encuentro, que no se acerque. No voy a iniciar una guerra con Francisco, pero que sepa que lo hago por Cayetano, me lo ha pedido y voy a seguir su consejo.<\/p>\n","protected":false},"excerpt":{"rendered":"Kiko Rivera se encontraba de forma inesperado con su hermano Fran. Despu\u00e9s de a\u00f1os sin hablarse y de&hellip;\n","protected":false},"author":2,"featured_media":131050,"comment_status":"","ping_status":"","sticky":false,"template":"","format":"standard","meta":{"footnotes":""},"categories":[91],"tags":[146,147,25,24,23],"class_list":{"0":"post-131049","1":"post","2":"type-post","3":"status-publish","4":"format-standard","5":"has-post-thumbnail","7":"category-entretenimiento","8":"tag-entertainment","9":"tag-entretenimiento","10":"tag-es","11":"tag-espana","12":"tag-spain"},"share_on_mastodon":{"url":"","error":""},"_links":{"self":[{"href":"https:\/\/www.europesays.com\/es\/wp-json\/wp\/v2\/posts\/131049","targetHints":{"allow":["GET"]}}],"collection":[{"href":"https:\/\/www.europesays.com\/es\/wp-json\/wp\/v2\/posts"}],"about":[{"href":"https:\/\/www.europesays.com\/es\/wp-json\/wp\/v2\/types\/post"}],"author":[{"embeddable":true,"href":"https:\/\/www.europesays.com\/es\/wp-json\/wp\/v2\/users\/2"}],"replies":[{"embeddable":true,"href":"https:\/\/www.europesays.com\/es\/wp-json\/wp\/v2\/comments?post=131049"}],"version-history":[{"count":0,"href":"https:\/\/www.europesays.com\/es\/wp-json\/wp\/v2\/posts\/131049\/revisions"}],"wp:featuredmedia":[{"embeddable":true,"href":"https:\/\/www.europesays.com\/es\/wp-json\/wp\/v2\/media\/131050"}],"wp:attachment":[{"href":"https:\/\/www.europesays.com\/es\/wp-json\/wp\/v2\/media?parent=131049"}],"wp:term":[{"taxonomy":"category","embeddable":true,"href":"https:\/\/www.europesays.com\/es\/wp-json\/wp\/v2\/categories?post=131049"},{"taxonomy":"post_tag","embeddable":true,"href":"https:\/\/www.europesays.com\/es\/wp-json\/wp\/v2\/tags?post=131049"}],"curies":[{"name":"wp","href":"https:\/\/api.w.org\/{rel}","templated":true}]}}