{"id":131055,"date":"2025-09-22T04:57:17","date_gmt":"2025-09-22T04:57:17","guid":{"rendered":"https:\/\/www.europesays.com\/es\/131055\/"},"modified":"2025-09-22T04:57:17","modified_gmt":"2025-09-22T04:57:17","slug":"tres-muertos-y-16-heridos-en-un-ataque-ucraniano-con-drones-en-crimea","status":"publish","type":"post","link":"https:\/\/www.europesays.com\/es\/131055\/","title":{"rendered":"Tres muertos y 16 heridos en un ataque ucraniano con drones en Crimea"},"content":{"rendered":"<p>MADRID 21 Sep. (EUROPA PRESS) &#8211;<\/p>\n<p>\u00a0 \u00a0Tres personas han muerto y 16 m\u00e1s han resultado heridas en un ataque de drones rusos cargados con explosivos en la pen\u00ednsula de Crimea, un territorio ucraniano anexionado por Rusia en 2014, seg\u00fan han informado las autoridades rusas.<\/p>\n<p>\u00a0 \u00a0As\u00ed lo ha indicado el gobernador de Crimea, Sergei Aksionov, en un mensaje en su canal de Telegram en el que ha expresado \u00ab(su) m\u00e1s sincero y profundo p\u00e9same a los familiares y allegados\u00bb de las v\u00edctimas. \u00abDeseo una pronta recuperaci\u00f3n a todos los heridos, a quienes se les prestar\u00e1 la asistencia y el apoyo necesarios\u00bb, ha agregado.<\/p>\n<p>\u00a0 \u00a0 \u00c9l mismo ha informado horas antes de que uno de los drones ha impactado sobre una escuela de la localidad de Foros y que tambi\u00e9n han resultado da\u00f1adas las instalaciones de un sanatario cercano. Adem\u00e1s los restos de un dron derribado causaron un incendio en una zona de pasto seco cerca de Yalta.<\/p>\n<p>\u00a0 \u00a0El Ministerio de Defensa ruso ha acusado al \u00abr\u00e9gimen de Kiev\u00bb de perpetrar lo que ha calificado como un \u00abataque terrorista deliberado contra objetivos civiles\u00bb, una acci\u00f3n que ha tenido lugar sobre las 19.30 hora de Mosc\u00fa (18.30 horas en la Espa\u00f1a peninsular) \u00aben una zona tur\u00edstica de la Rep\u00fablica de Crimea, donde no hay instalaciones militares\u00bb.<\/p>\n<p>\u00a0 \u00a0\u00abLas fuerzas armadas ucranianas llevaron a cabo un ataque terrorista utilizando veh\u00edculos a\u00e9reos no tripulados equipados con ojivas de alto poder explosivo\u00bb, ha explicado la cartera militar en un comunicado, despu\u00e9s de anunciar la intercepci\u00f3n de 22 drones entre las 16.00 y las 20.00 horas, 16 de ellos sobre el mar Negro y tres sobre la regiones de B\u00e9lgorod y de Crimea.<\/p>\n<p>\u00a0 \u00a0Tras el ataque, la portavoz del Ministerio de Asuntos Exteriores ruso, Maria Zajarova, ha emplazado a la OTAN y a la UE a \u00abmirarse en el espejo\u00bb cuando busquen el origen de la \u00abagresi\u00f3n\u00bb en el continente europeo, informa la agencia de noticias rusa TASS.<\/p>\n<p>\u00a0 \u00a0\u00abSon ellos quienes impulsan la desestabilizaci\u00f3n y la propagaci\u00f3n del terrorismo en Europa, patrocinando al r\u00e9gimen de Kiev y suministr\u00e1ndole armas\u00bb, ha indicado.<\/p>\n","protected":false},"excerpt":{"rendered":"MADRID 21 Sep. (EUROPA PRESS) &#8211; \u00a0 \u00a0Tres personas han muerto y 16 m\u00e1s han resultado heridas en&hellip;\n","protected":false},"author":2,"featured_media":131056,"comment_status":"","ping_status":"","sticky":false,"template":"","format":"standard","meta":{"footnotes":""},"categories":[42],"tags":[17,18,13,14,11,61,62,63,64,19,20,9,10,15,16,12,21,22,65,66,67],"class_list":{"0":"post-131055","1":"post","2":"type-post","3":"status-publish","4":"format-standard","5":"has-post-thumbnail","7":"category-internacional","8":"tag-breaking-news","9":"tag-breakingnews","10":"tag-featured-news","11":"tag-featurednews","12":"tag-headlines","13":"tag-internacional","14":"tag-international","15":"tag-international-news","16":"tag-internationalnews","17":"tag-latest-news","18":"tag-latestnews","19":"tag-news","20":"tag-noticias","21":"tag-noticias-destacadas","22":"tag-noticiasdestacadas","23":"tag-titulares","24":"tag-ultimas-noticias","25":"tag-ultimasnoticias","26":"tag-world","27":"tag-world-news","28":"tag-worldnews"},"share_on_mastodon":{"url":"","error":""},"_links":{"self":[{"href":"https:\/\/www.europesays.com\/es\/wp-json\/wp\/v2\/posts\/131055","targetHints":{"allow":["GET"]}}],"collection":[{"href":"https:\/\/www.europesays.com\/es\/wp-json\/wp\/v2\/posts"}],"about":[{"href":"https:\/\/www.europesays.com\/es\/wp-json\/wp\/v2\/types\/post"}],"author":[{"embeddable":true,"href":"https:\/\/www.europesays.com\/es\/wp-json\/wp\/v2\/users\/2"}],"replies":[{"embeddable":true,"href":"https:\/\/www.europesays.com\/es\/wp-json\/wp\/v2\/comments?post=131055"}],"version-history":[{"count":0,"href":"https:\/\/www.europesays.com\/es\/wp-json\/wp\/v2\/posts\/131055\/revisions"}],"wp:featuredmedia":[{"embeddable":true,"href":"https:\/\/www.europesays.com\/es\/wp-json\/wp\/v2\/media\/131056"}],"wp:attachment":[{"href":"https:\/\/www.europesays.com\/es\/wp-json\/wp\/v2\/media?parent=131055"}],"wp:term":[{"taxonomy":"category","embeddable":true,"href":"https:\/\/www.europesays.com\/es\/wp-json\/wp\/v2\/categories?post=131055"},{"taxonomy":"post_tag","embeddable":true,"href":"https:\/\/www.europesays.com\/es\/wp-json\/wp\/v2\/tags?post=131055"}],"curies":[{"name":"wp","href":"https:\/\/api.w.org\/{rel}","templated":true}]}}