{"id":131057,"date":"2025-09-22T04:59:18","date_gmt":"2025-09-22T04:59:18","guid":{"rendered":"https:\/\/www.europesays.com\/es\/131057\/"},"modified":"2025-09-22T04:59:18","modified_gmt":"2025-09-22T04:59:18","slug":"la-carroza-los-suenos-de-verne-de-la-pena-el-cebollon-se-impone-en-el-48o-desfile-de-las-fiestas-de-septiembre","status":"publish","type":"post","link":"https:\/\/www.europesays.com\/es\/131057\/","title":{"rendered":"La carroza \u201cLos sue\u00f1os de Verne\u201d, de la pe\u00f1a El Ceboll\u00f3n, se impone en el 48\u00ba Desfile de las Fiestas de Septiembre"},"content":{"rendered":"<p>                            <img decoding=\"async\" alt=\"\" class=\"w-100 img-box\" data-fileentryid=\"3841464\" src=\"https:\/\/www.europesays.com\/es\/wp-content\/uploads\/2025\/09\/e5d32434-5fa5-e197-eca3-1369290100b1\"\/><\/p>\n<p>La carroza \u201cLos sue\u00f1os de Verne\u201d, de El Ceboll\u00f3n, ganadora del Desfile. Fotograf\u00eda: Ayuntamiento de Azuqueca<\/p>\n<p>                            <img decoding=\"async\" alt=\"\" class=\"w-100 img-box\" data-fileentryid=\"3841455\" src=\"https:\/\/www.europesays.com\/es\/wp-content\/uploads\/2025\/09\/12656c17-9c6b-4f65-d358-0c6eb6b08395\"\/><\/p>\n<p>La carroza \u201cPiratas del Caribe\u201d, de El Bollo, finalista del Desfile. Fotograf\u00eda: Ayuntamiento de Azuqueca<\/p>\n<p>                            <img decoding=\"async\" alt=\"\" class=\"w-100 img-box\" data-fileentryid=\"3841473\" src=\"https:\/\/www.europesays.com\/es\/wp-content\/uploads\/2025\/09\/40113aad-ac84-85c8-413a-39c3d7fef699\"\/><\/p>\n<p>La carroza \u201cCasa de Dragones\u201d, de Los Chupichusky\u2019s, finalista del Desfile. Fotograf\u00eda: Ayuntamiento de Azuqueca<\/p>\n<p>Tambi\u00e9n se han premiado los dise\u00f1os El Bollo, Chupichusky\u2019s, Las Torres y la 22<\/p>\n<p>La Pe\u00f1a P\u00fablica El Ceboll\u00f3n, con una propuesta titulada \u201cLos sue\u00f1os de Verne\u201d, ha logrado el primer puesto en la edici\u00f3n n\u00famero 48 del Desfile de Carrozas, declarado de Inter\u00e9s Tur\u00edstico Regional y acto central de las Fiestas de Septiembre 2025 de Azuqueca de Henares. \u201cDe nuevo, nuestros y nuestras pe\u00f1istas han vuelto a sorprendernos y nos han hecho disfrutar con unos dise\u00f1os de calidad y llenos de colorido\u201d, ha destacado el alcalde, Miguel \u00d3scar Aparicio, quien ha querido destacar \u201cel trabajo, la ilusi\u00f3n y la dedicaci\u00f3n de las Pe\u00f1as P\u00fablicas para seguir super\u00e1ndose\u201d.<\/p>\n<p>El jurado, compuesto por profesionales del periodismo, la comunicaci\u00f3n y la cultura, as\u00ed como del sector empresarial local, junto con el voto del p\u00fablico, han premiado tambi\u00e9n otras cuatro carrozas, elaboradas por las pe\u00f1as El Bollo (\u201cPiratas del Caribe\u201d), Chupichusky\u2019s (\u201cCasa de Dragones\u201d), Las Torres (\u201c20.000 leguas de viaje submarino\u201d) y La 22 (\u201cDuendes y hadas, Un mundo de fantas\u00eda\u201d). El cine y la televisi\u00f3n, la literatura, lugares del mundo o la celebraci\u00f3n de 50 a\u00f1os de historia son algunas de las tem\u00e1ticas escogidas. \u201cNo solo se valora la idea y el dise\u00f1o, sino tambi\u00e9n la originalidad y la puesta en escena, en la que participan pe\u00f1istas de todas las edades, m\u00e1s de 2.000, caracterizados seg\u00fan el tema elegido y con coreograf\u00edas y bailes\u201d, aclara la concejala de Fiestas, Charo Mart\u00edn.<\/p>\n<p>El p\u00fablico ha seguido el desfile desde su salida, en la calle R\u00edo Henares, hasta su finalizaci\u00f3n en la plaza de La Constituci\u00f3n, donde se ha dado a conocer el nombre de las carrozas ganadoras. \u201cEn esta edici\u00f3n, como novedad, se han instalado las vallas inclinadas adquiridas por el Ayuntamiento\u201d, recuerda la edil.<\/p>\n<p>Numerosas autoridades locales, provinciales y regionales, con el azudense Pablo Bellido, presidente de las Cortes de Castilla-La Mancha a la cabeza, han querido presenciar el Desfile de Carrozas desde el balc\u00f3n del Ayuntamiento.\u00a0<\/p>\n<p><strong>Concurso fotogr\u00e1fico<\/strong><\/p>\n<p>El martes 23 se abre el plazo para el env\u00edo de im\u00e1genes en el 16\u00ba Concurso Fotogr\u00e1fico de Carrozas de las Fiestas de Septiembre 2025, que convocan el Ayuntamiento y la empresa local Saint Gobain Isover Ib\u00e9rica, S.L. Cada participante podr\u00e1 presentar un m\u00e1ximo de tres fotos, originales e in\u00e9ditas, en formato digital, con cualquier t\u00e9cnica y a color o blanco y negro. Deben reflejar \u201cla esencia del desfile, las comparsas y\/o las carrozas\u201d y tomadas en esta edici\u00f3n del Desfile.<\/p>\n<p>El jurado valorar\u00e1 la calidad de las im\u00e1genes, la idea expresada y la expresi\u00f3n art\u00edstica y se conceder\u00e1n un total de tres premios econ\u00f3micos por un importe de 500, 300 y 150 euros, respectivamente, acompa\u00f1ados de un diploma. Las fotograf\u00edas se deben enviar por correo electr\u00f3nico a <a href=\"https:\/\/www.azuqueca.es\/-\/mailto:concursofotografico@azuqueca.net\" rel=\"nofollow noopener\" target=\"_blank\">concursofotografico@azuqueca.net<\/a>. Se conceden tres premios econ\u00f3micos, de 500, 300 y 150 euros, a las tres mejores fotograf\u00edas. El jurado se reunir\u00e1 el 6 de octubre a las 19 horas en la Casa de la Cultura y el fallo es p\u00fablico. La entrega de premios e inauguraci\u00f3n de la exposici\u00f3n con las im\u00e1genes ganadoras y seleccionadas se ha programado para el 13 de octubre, tambi\u00e9n a las 19 horas, en el Centro de Ocio R\u00edo Henares.<\/p>\n<p><a target=\"_blank\" href=\"https:\/\/www.facebook.com\/media\/set\/?vanity=AyuntamientoAzuqueca&amp;set=a.1165261195649100\" rel=\"nofollow noopener\">GALER\u00cdA FOTOGR\u00c1FICA DEL 48\u00ba DESFILE DE CARROZAS<\/a><\/p>\n<p>Programa completo de las Fiestas de Septiembre de Azuqueca de Henares 2025, pinchando <a target=\"_blank\" href=\"https:\/\/www.azuqueca.es\/documents\/37218\/3586086\/programa_Fiestas_Septiembre_2025.pdf\/db34cdfe-161f-c385-895d-53d8b9950ee2?t=1757500800407\" rel=\"nofollow noopener\">AQU\u00cd<\/a>.<\/p>\n","protected":false},"excerpt":{"rendered":"La carroza \u201cLos sue\u00f1os de Verne\u201d, de El Ceboll\u00f3n, ganadora del Desfile. Fotograf\u00eda: Ayuntamiento de Azuqueca La carroza&hellip;\n","protected":false},"author":2,"featured_media":131058,"comment_status":"","ping_status":"","sticky":false,"template":"","format":"standard","meta":{"footnotes":""},"categories":[8],"tags":[4109,17,18,25,24,13,14,43,11,19,20,9,10,15,16,23,12,21,22],"class_list":{"0":"post-131057","1":"post","2":"type-post","3":"status-publish","4":"format-standard","5":"has-post-thumbnail","7":"category-espana","8":"tag-alcaldia","9":"tag-breaking-news","10":"tag-breakingnews","11":"tag-es","12":"tag-espana","13":"tag-featured-news","14":"tag-featurednews","15":"tag-fiestas","16":"tag-headlines","17":"tag-latest-news","18":"tag-latestnews","19":"tag-news","20":"tag-noticias","21":"tag-noticias-destacadas","22":"tag-noticiasdestacadas","23":"tag-spain","24":"tag-titulares","25":"tag-ultimas-noticias","26":"tag-ultimasnoticias"},"share_on_mastodon":{"url":"","error":""},"_links":{"self":[{"href":"https:\/\/www.europesays.com\/es\/wp-json\/wp\/v2\/posts\/131057","targetHints":{"allow":["GET"]}}],"collection":[{"href":"https:\/\/www.europesays.com\/es\/wp-json\/wp\/v2\/posts"}],"about":[{"href":"https:\/\/www.europesays.com\/es\/wp-json\/wp\/v2\/types\/post"}],"author":[{"embeddable":true,"href":"https:\/\/www.europesays.com\/es\/wp-json\/wp\/v2\/users\/2"}],"replies":[{"embeddable":true,"href":"https:\/\/www.europesays.com\/es\/wp-json\/wp\/v2\/comments?post=131057"}],"version-history":[{"count":0,"href":"https:\/\/www.europesays.com\/es\/wp-json\/wp\/v2\/posts\/131057\/revisions"}],"wp:featuredmedia":[{"embeddable":true,"href":"https:\/\/www.europesays.com\/es\/wp-json\/wp\/v2\/media\/131058"}],"wp:attachment":[{"href":"https:\/\/www.europesays.com\/es\/wp-json\/wp\/v2\/media?parent=131057"}],"wp:term":[{"taxonomy":"category","embeddable":true,"href":"https:\/\/www.europesays.com\/es\/wp-json\/wp\/v2\/categories?post=131057"},{"taxonomy":"post_tag","embeddable":true,"href":"https:\/\/www.europesays.com\/es\/wp-json\/wp\/v2\/tags?post=131057"}],"curies":[{"name":"wp","href":"https:\/\/api.w.org\/{rel}","templated":true}]}}