{"id":131059,"date":"2025-09-22T05:00:27","date_gmt":"2025-09-22T05:00:27","guid":{"rendered":"https:\/\/www.europesays.com\/es\/131059\/"},"modified":"2025-09-22T05:00:27","modified_gmt":"2025-09-22T05:00:27","slug":"fc-barcelona-getafe-cf-el-tiburon-manda-bajo-la-lluvia-3-0","status":"publish","type":"post","link":"https:\/\/www.europesays.com\/es\/131059\/","title":{"rendered":"FC Barcelona &#8211; Getafe CF: El tibur\u00f3n manda bajo la lluvia (3-0)"},"content":{"rendered":"<p>Nueva victoria en el<strong> Estadi Johan Cruyff<\/strong>. El <strong>FC Barcelona <\/strong>ha batido al <strong>Getafe <\/strong>en la quinta jornada de <strong>Liga <\/strong>por 3-0. Los de <strong>Hansi Flick<\/strong> han desplegado un gran f\u00fatbol para superar a un conjunto madrile\u00f1o que se presentaba en el feudo barcelonista en plena forma. <strong>Ferran Torres<\/strong>, con un doblete, y <strong>Dani Olmo <\/strong>han sido los goleadores culers en una noche lluviosa en Sant Joan Desp\u00ed.<\/p>\n<p>Hansi Flick ha presentado un once con cuatro novedades respecto al estreno europeo del jueves. El principal cambio se ha producido en la defensa, con las titularidades de <strong>Eric Garcia y Christensen<\/strong> como centrales. Tambi\u00e9n <strong>Dani Olmo<\/strong> y <strong>Ferran Torres <\/strong>han partido de inicio. La alineaci\u00f3n, pues, ha sido la siguiente: <strong>Joan Garcia, Kounde, Eric, Christensen, Gerard Mart\u00edn, Pedri, De Jong, Olmo, Raphinha, Ferran y Lewandowski.<\/strong><\/p>\n<p>                <img decoding=\"async\" src=\"https:\/\/www.europesays.com\/es\/wp-content\/uploads\/2025\/09\/_MGA3701.jpg\" alt=\"_MGA3701\" class=\"embeddable-photo__image\"\/><\/p>\n<p>Doblete de un tibur\u00f3n letal<\/p>\n<p>Desde el minuto uno, el Bar\u00e7a, con una gran intensidad, ha dominado el choque. La eficiente presi\u00f3n alta de los de Flick ha generado los primeros intentos culers. La primera ocasi\u00f3n clara ha llegado en el minuto ocho. Ha sido en una acci\u00f3n entre <strong>Pedri<\/strong>, <strong>Gerard Mart\u00edn<\/strong> y <strong>Ferran <\/strong>que la defensa azulona ha rechazado. Minutos despu\u00e9s, el tibur\u00f3n ha tenido una segunda. Y no la ha perdonado. <strong>Raphinha<\/strong>, <a href=\"https:\/\/www.fcbarcelona.es\/es\/futbol\/primer-equipo\/noticias\/4366903\/raphinha-llega-a-los-150-partidos-oficiales-con-el-fc-barcelona\" target=\"_blank\" rel=\"noopener nofollow\">que celebraba su partido 150 con el Bar\u00e7a<\/a>, ha conectado con <strong>Dani Olmo<\/strong>. El egarense, con un golpe de tac\u00f3n, ha asistido a Ferran Torres, quien <strong>ha batido a David Soria con un disparo al primer toque<\/strong> (1-0, min 15). Una aut\u00e9ntica obra de arte.<\/p>\n<p>Con la lata abierta, el partido ha entrado en una fase de, todav\u00eda, mayor control culer. <strong>Lewandowski <\/strong>se ha quedado a pocos cent\u00edmetros de rematar un centro raso de <strong>Pedri <\/strong>en el \u00e1rea peque\u00f1a para hacer un segundo gol que, finalmente, ha sido obra de <strong>Ferran Torres<\/strong>. Ya pasada la media hora de juego, <strong>Eric Garcia<\/strong> ha recuperado el esf\u00e9rico y ha encontrado en largo a Raphinha. El brasile\u00f1o ha esperado la desmarcada del valenciano, que, con sangre fr\u00eda, ha batido al portero visitante en el mano a mano (2-0, min 34). Doblete de un insaciable tibur\u00f3n.<\/p>\n<p>Muy cerca del hat-trick<\/p>\n<p>El guion en el tramo final del primer tiempo no ha variado. Los de Hansi Flick han mantenido el dominio, mientras que los madrile\u00f1os intentaban generar peligro con acciones de contraataque aisladas. La defensa culer las ha resuelto con solvencia. Ferran Torres se ha quedado a las puertas del hat-trick, cuando ha estrellado el bal\u00f3n en el travesa\u00f1o en un nuevo uno contra uno con Soria. Tambi\u00e9n se han vivido ciertos momentos de tensi\u00f3n, despu\u00e9s de que <strong>Kounde <\/strong>recibiera dos duras faltas consecutivas. Marcador de 2-0 al descanso.<\/p>\n<p>Olmo sentencia el choque<\/p>\n<p>En la reanudaci\u00f3n, el Getafe ha dado un paso adelante. <strong>Javi Mu\u00f1oz<\/strong>, quien hab\u00eda entrado en el descanso, ha podido marcar con un disparo que se ha marchado desviado. Era la primera ocasi\u00f3n para los madrile\u00f1os en todo el partido. Los azulones, sin embargo, sin la recompensa del gol, han bajado el ritmo. El Bar\u00e7a ha recuperado el control del duelo y Flick, que ya hab\u00eda sustituido a Raphinha por <strong>Rashford <\/strong>en el descanso, ha introducido dos cambios m\u00e1s. <strong>Casad\u00f3 <\/strong>y <strong>Ferm\u00edn <\/strong>han entrado en el lugar de De Jong y Ferran Torres. Precisamente, el de Sant Pere de Vilamajor ha buscado un desmarque de Rashford en la banda derecha. El ingl\u00e9s ha llegado a la l\u00ednea de fondo y, con un pase atr\u00e1s, <strong>ha dejado en bandeja de plata el gol a Olmo <\/strong>(3-0, min 62).<\/p>\n<p>A pesar de la ventaja de tres goles, los azulgranas no han cesado en el intento de marcar el cuarto. No es ninguna sorpresa que <strong>un estelar Pedri<\/strong> se haya marchado ovacionado por los <strong>5.711 espectadores que han llenado el Johan Cruyff<\/strong>, cuando ha sido sustituido por <strong>Roony Bardghji <\/strong>en el minuto 76. El canario ha sido el faro de los azulgranas en todo momento y ha liderado la sala de m\u00e1quinas culers un d\u00eda m\u00e1s. <strong>Ronald Araujo<\/strong> ha sido el \u00faltimo en entrar al terreno de juego, en lugar de <strong>Gerard Mart\u00edn<\/strong>.<\/p>\n<p>Tres puntos m\u00e1s<\/p>\n<p>Finalmente, el marcador no se ha movido en los instantes finales, a pesar de que Rashford, con mucha confianza despu\u00e9s de su doblete en St James&#8217; Park, y Roony han puesto a prueba a David Soria. Tres puntos m\u00e1s al saco para un Bar\u00e7a que encadena tres victorias consecutivas y que a\u00fan no conoce la derrota en la actual temporada. Noche redonda bajo la lluvia en el Johan Cruyff.<\/p>\n<p>\n            Anterior<\/p>\n<p>            label.aria.chevronleft\n        <\/p>\n<p>\n            Siguiente<\/p>\n<p>            label.aria.chevronright\n        <\/p>\n","protected":false},"excerpt":{"rendered":"Nueva victoria en el Estadi Johan Cruyff. El FC Barcelona ha batido al Getafe en la quinta jornada&hellip;\n","protected":false},"author":2,"featured_media":131060,"comment_status":"","ping_status":"","sticky":false,"template":"","format":"standard","meta":{"footnotes":""},"categories":[5],"tags":[17,18,25,24,13,14,11,19,20,9,10,15,16,23,2288,12,21,22],"class_list":{"0":"post-131059","1":"post","2":"type-post","3":"status-publish","4":"format-standard","5":"has-post-thumbnail","7":"category-titulares","8":"tag-breaking-news","9":"tag-breakingnews","10":"tag-es","11":"tag-espana","12":"tag-featured-news","13":"tag-featurednews","14":"tag-headlines","15":"tag-latest-news","16":"tag-latestnews","17":"tag-news","18":"tag-noticias","19":"tag-noticias-destacadas","20":"tag-noticiasdestacadas","21":"tag-spain","22":"tag-text","23":"tag-titulares","24":"tag-ultimas-noticias","25":"tag-ultimasnoticias"},"share_on_mastodon":{"url":"","error":""},"_links":{"self":[{"href":"https:\/\/www.europesays.com\/es\/wp-json\/wp\/v2\/posts\/131059","targetHints":{"allow":["GET"]}}],"collection":[{"href":"https:\/\/www.europesays.com\/es\/wp-json\/wp\/v2\/posts"}],"about":[{"href":"https:\/\/www.europesays.com\/es\/wp-json\/wp\/v2\/types\/post"}],"author":[{"embeddable":true,"href":"https:\/\/www.europesays.com\/es\/wp-json\/wp\/v2\/users\/2"}],"replies":[{"embeddable":true,"href":"https:\/\/www.europesays.com\/es\/wp-json\/wp\/v2\/comments?post=131059"}],"version-history":[{"count":0,"href":"https:\/\/www.europesays.com\/es\/wp-json\/wp\/v2\/posts\/131059\/revisions"}],"wp:featuredmedia":[{"embeddable":true,"href":"https:\/\/www.europesays.com\/es\/wp-json\/wp\/v2\/media\/131060"}],"wp:attachment":[{"href":"https:\/\/www.europesays.com\/es\/wp-json\/wp\/v2\/media?parent=131059"}],"wp:term":[{"taxonomy":"category","embeddable":true,"href":"https:\/\/www.europesays.com\/es\/wp-json\/wp\/v2\/categories?post=131059"},{"taxonomy":"post_tag","embeddable":true,"href":"https:\/\/www.europesays.com\/es\/wp-json\/wp\/v2\/tags?post=131059"}],"curies":[{"name":"wp","href":"https:\/\/api.w.org\/{rel}","templated":true}]}}