{"id":131061,"date":"2025-09-22T05:02:08","date_gmt":"2025-09-22T05:02:08","guid":{"rendered":"https:\/\/www.europesays.com\/es\/131061\/"},"modified":"2025-09-22T05:02:08","modified_gmt":"2025-09-22T05:02:08","slug":"mi-ilusion-es-ser-torero-y-ahora-veo-mas-cerca-que-nunca","status":"publish","type":"post","link":"https:\/\/www.europesays.com\/es\/131061\/","title":{"rendered":"\u00abMi ilusi\u00f3n es ser torero y ahora veo m\u00e1s cerca que nunca\u00bb"},"content":{"rendered":"<p class=\"voc-p\" style=\"\">El vuelo de su capote en la pasada <a href=\"https:\/\/www.abc.es\/espana\/andalucia\/cordoba\/zulueta-manuel-quintana-hombros-puerta-grande-califas-20250523221408-nts.html\" target=\"_self\" data-voc-vtm-id=\"in-text-traffic\" title=\"Feria de Nuestra Se\u00f1ora de la Salud\" data-mrf-link=\"www.abc.es\" rel=\"nofollow noopener\">Feria de Nuestra Se\u00f1ora de la Salud<\/a> a\u00fan se recuerda. El joven <strong>novillero<\/strong> sin caballos,<strong> Manuel Quintana<\/strong>, ejerce como la \u00faltima gran promesa del toreo cordob\u00e9s en una temporada prometedora. El chaval, tutelado como si de un hijo taurino se tratara por <strong>Antonio Tejero<\/strong>, apoderado, empresario y exsubalterno de \u00e9lite, contin\u00faa regalando esperanzas a qui\u00e9nes anhelan una figura cordobesa. Entrena a diario tras estudiar. En el fort\u00edn que Tejero le tiene preparado en su propia casa, Quintana se esfuerza \u00absin escatimar horas\u00bb porque, tal y c\u00f3mo explica a ABC, el sue\u00f1o de querer ser alguien en el toreo <strong>\u00ablo veo mucho m\u00e1s asequible ahora que nunca\u00bb<\/strong>. Con ilusi\u00f3n pero con la prudencia de quien ejerce \u00abcon humildad cada tarde\u00bb, este virtuoso chaval ha conseguido mantener encendida la luz torera. En apenas unos d\u00edas regresa en Pozoblanco ante los suyos. <\/p>\n<p class=\"voc-p\" style=\"\"><strong>-Suma una veintena de festejos. \u00bfSe imaginaba una temporada as\u00ed?<\/strong><\/p>\n<p class=\"voc-p\" style=\"\">-La deseaba pero no me pod\u00eda imaginar verme en tantos sitios. Tengo mucho que agradecerle a mi apoderado, Antonio Tejero. Sin \u00e9l no podr\u00eda estar consiguiendo lo que llevo recorrido. <\/p>\n<p class=\"voc-p\" style=\"\"><strong>-Mantiene una relaci\u00f3n paterno-filial en lo taurino, con \u00e9l, \u00bfno?<\/strong><\/p>\n<p class=\"voc-p\" style=\"\">-S\u00ed, s\u00ed. Es que es una persona muy importante en mi vida. Me ha ofrecido todo y conf\u00edo plenamente en \u00e9l. Le estoy muy agradecido, insisto, por todo. Y muy contento con \u00e9l. Porque s\u00e9 que todo lo que me dice es para ayudarme.<\/p>\n<p class=\"voc-pretitle\">Deb\u00fa con caballos<\/p>\n<p class=\"voc-title\">\u00abNosotros queremos hacer las cosas cuando se vayan dando pasos. Tenemos en la cabeza hacerlo la pr\u00f3xima temporada. Pero no es algo que me obsesione\u00bb<\/p>\n<p class=\"voc-p\" style=\"\"><strong>-Ilusion\u00f3 mucho en C\u00f3rdoba. En Bilbao, se ha hecho con el certamen Iv\u00e1n Fandi\u00f1o. En Dax (Francia), encandil\u00f3 a la afici\u00f3n. \u00bfQu\u00e9 m\u00e1s se puede pedir para un arranque?<\/strong><\/p>\n<p class=\"voc-p\" style=\"\">-Pues, no mucho. Pero tengo la pena de no haber cuajado en Sevilla. Porque fue una tarde de mucho ambiente y las cosas no salieron. Voy poco a poco y quiero seguir cumpliendo mis prop\u00f3sitos. Me considero un privilegiado por estar pisando plazas como las que ha citado. <\/p>\n<p class=\"voc-p\" style=\"\"><strong>-Antes de Pozoblanco, La Algaba y Algemes\u00ed. Imagino que con muchas ganas de volver torear en su tierra.<\/strong><\/p>\n<p class=\"voc-p\" style=\"\">-Much\u00edsimas. Para m\u00ed es toda una responsabilidad. Encima es la plaza que regenta mi apoderado. Es muy motivador que pueda estar en esa feria, tambi\u00e9n. <\/p>\n<p class=\"voc-p\" style=\"\"><strong>-\u00bfC\u00f3mo lleva que la afici\u00f3n cordobesa ya le coloque como el torero a seguir?<\/strong><\/p>\n<p class=\"voc-p\" style=\"\">-Es muy bonito. Es maravilloso saber que la gente va a verte con ganas, con ilusi\u00f3n y que espera de ti algo, que le respondas. Soy consciente del esfuerzo que eso supone. Un esfuerzo en kil\u00f3metros, en que se gasten dinero sigui\u00e9ndote, comprando entradas&#8230; Eso me obliga tambi\u00e9n a eso, a responder. Es una responsabilidad. Pero me gusta que sea as\u00ed.<\/p>\n<p><img decoding=\"async\" loading=\"lazy\" src=\"https:\/\/www.europesays.com\/es\/wp-content\/uploads\/2025\/09\/manuel-quintana(3)-U73027251715hLL-760x427@diario_abc.JPG\" class=\"voc-img\" width=\"760\" height=\"427\" alt=\"Quintana (derecha) junto a su apoderado Antonio Tejero\" data-voc-vtm-id=\"in-text-traffic\"\/><\/p>\n<p>Quintana (derecha) junto a su apoderado Antonio Tejero<\/p>\n<p>\u00c1NGEL RODR\u00cdGUEZ<\/p>\n<p class=\"voc-p\" style=\"\"><strong>-\u00bfSe ve debutando con caballos antes de que acabe la temporada?<\/strong><\/p>\n<p class=\"voc-p\" style=\"\">-Tenemos otra idea. Nosotros queremos hacer las cosas cuando se vayan dando pasos. Tenemos en la cabeza hacerlo la pr\u00f3xima temporada. Pero no es algo que me obsesione. Conf\u00edo ciegamente en lo que me dice Antonio y s\u00e9 que ahora todav\u00eda no es el momento. <\/p>\n<p class=\"voc-p\" style=\"\"><strong>-Lo importante que es tener cerca a una persona que te tutele en el toreo&#8230;<\/strong><\/p>\n<p class=\"voc-p\" style=\"\">-Lo es, lo es. No es f\u00e1cil encontrar a personas como Antonio, que te hablan de verdad. Que buscan tu evoluci\u00f3n y que se preocupan por ti. Sabiendo las dificultades que presenta el toreo, en general, ya le digo que es una suerte la m\u00eda. Antonio tiene unos valores taurinos muy importantes. Es un privilegio escucharle por sus conocimientos y manera de entender esto. <\/p>\n<p class=\"voc-p\" style=\"\"><strong>-En este tramo que lleva recorrido, \u00bfqu\u00e9 se le ha hecho m\u00e1s duro?<\/strong><\/p>\n<p class=\"voc-p\" style=\"\">-El calor (r\u00ede). No escatimo esfuerzos. Pero es verdad que llevamos un verano de mucho calor. Por la ma\u00f1anas me dedico a estudiar y por las tardes, a entrenar. Pienso en las pr\u00f3ximas citas y as\u00ed transcurre el tiempo. Estoy muy ilusionado en todo lo que hago. <\/p>\n<p class=\"voc-p\" style=\"\"><strong>-\u00bfHay mucha competencia tambi\u00e9n en el escalaf\u00f3n inferior?<\/strong><\/p>\n<p class=\"voc-p\" style=\"\">-Bastante. Nada m\u00e1s que hay que ver las novilladas de promoci\u00f3n, la calidad de los compa\u00f1eros que se presentan. A principios de a\u00f1o, me vino muy bien entrar en bolsines, se aprende mucho y te sirve para prep\u00e1rate. Creo que hoy en d\u00eda hay mucho nivel.<\/p>\n<p class=\"voc-title\">\u00abPoder debutar en Los Califas es un sue\u00f1o. Pero hay que ir paso a paso\u00bb<\/p>\n<p class=\"voc-p\" style=\"\"><strong>-\u00bfLe da tiempo a mirar al escal\u00f3n superior?<\/strong><\/p>\n<p class=\"voc-p\" style=\"\">S\u00ed, estoy pendiente y s\u00e9 c\u00f3mo funciona. Pero para eso a\u00fan queda. Ser\u00e1 la pr\u00f3xima temporada. Nosotros quer\u00edamos antes un rodaje y es lo que estamos haciendo. <\/p>\n<p class=\"voc-p\" style=\"\"><strong>-\u00bfSu deb\u00fa con caballos, en C\u00f3rdoba?<\/strong><\/p>\n<p class=\"voc-p\" style=\"\">-Tenemos que ver a\u00fan c\u00f3mo organizar la temporada. Poder debutar en Los Califas es un sue\u00f1o. Pero hay que ir paso a paso. <\/p>\n<p class=\"voc-p\" style=\"\"><strong>-\u00bfEst\u00e1 preparado para coger, entonces, el testigo de la afici\u00f3n?<\/strong><\/p>\n<p class=\"voc-p\" style=\"\">-Estoy preparado y convencido. Tengo muy claro lo que significa C\u00f3rdoba y lo que ha sido en el toreo. A d\u00eda de hoy, veo cada vez m\u00e1s cerca la posibilidad de poder lograr ser torero. Es mi ilusi\u00f3n, mi meta. Es como una obsesi\u00f3n que tengo y que creo que lo voy a conseguir. Pero tenemos que ser humildes y seguir en esta l\u00ednea.<\/p>\n<p>Reportar un error<\/p>\n","protected":false},"excerpt":{"rendered":"El vuelo de su capote en la pasada Feria de Nuestra Se\u00f1ora de la Salud a\u00fan se recuerda.&hellip;\n","protected":false},"author":2,"featured_media":131062,"comment_status":"","ping_status":"","sticky":false,"template":"","format":"standard","meta":{"footnotes":""},"categories":[277],"tags":[373,3570,168,25,24,3814,841,1050,27011,23,167,374,1570,24115],"class_list":{"0":"post-131061","1":"post","2":"type-post","3":"status-publish","4":"format-standard","5":"has-post-thumbnail","7":"category-toreo","8":"tag-bullfighting","9":"tag-cerca","10":"tag-deportes","11":"tag-es","12":"tag-espana","13":"tag-ilusion","14":"tag-manuel","15":"tag-nunca","16":"tag-quintana","17":"tag-spain","18":"tag-sports","19":"tag-toreo","20":"tag-torero","21":"tag-veo"},"share_on_mastodon":{"url":"","error":""},"_links":{"self":[{"href":"https:\/\/www.europesays.com\/es\/wp-json\/wp\/v2\/posts\/131061","targetHints":{"allow":["GET"]}}],"collection":[{"href":"https:\/\/www.europesays.com\/es\/wp-json\/wp\/v2\/posts"}],"about":[{"href":"https:\/\/www.europesays.com\/es\/wp-json\/wp\/v2\/types\/post"}],"author":[{"embeddable":true,"href":"https:\/\/www.europesays.com\/es\/wp-json\/wp\/v2\/users\/2"}],"replies":[{"embeddable":true,"href":"https:\/\/www.europesays.com\/es\/wp-json\/wp\/v2\/comments?post=131061"}],"version-history":[{"count":0,"href":"https:\/\/www.europesays.com\/es\/wp-json\/wp\/v2\/posts\/131061\/revisions"}],"wp:featuredmedia":[{"embeddable":true,"href":"https:\/\/www.europesays.com\/es\/wp-json\/wp\/v2\/media\/131062"}],"wp:attachment":[{"href":"https:\/\/www.europesays.com\/es\/wp-json\/wp\/v2\/media?parent=131061"}],"wp:term":[{"taxonomy":"category","embeddable":true,"href":"https:\/\/www.europesays.com\/es\/wp-json\/wp\/v2\/categories?post=131061"},{"taxonomy":"post_tag","embeddable":true,"href":"https:\/\/www.europesays.com\/es\/wp-json\/wp\/v2\/tags?post=131061"}],"curies":[{"name":"wp","href":"https:\/\/api.w.org\/{rel}","templated":true}]}}