{"id":131081,"date":"2025-09-22T05:16:08","date_gmt":"2025-09-22T05:16:08","guid":{"rendered":"https:\/\/www.europesays.com\/es\/131081\/"},"modified":"2025-09-22T05:16:08","modified_gmt":"2025-09-22T05:16:08","slug":"guia-para-seguir-la-gala-del-balon-de-oro-2025-el-pais-expres","status":"publish","type":"post","link":"https:\/\/www.europesays.com\/es\/131081\/","title":{"rendered":"Gu\u00eda para seguir la gala del Bal\u00f3n de Oro 2025 | El PA\u00cdS Expr\u00e9s"},"content":{"rendered":"<p><img fetchpriority=\"high\" alt=\"Premio balon de Oro 2024\" decoding=\"auto\" class=\"_re  a_m-h\" height=\"414\"  width=\"414\"  src=\"https:\/\/www.europesays.com\/es\/wp-content\/uploads\/2025\/09\/WJXKKQWH7NDF3MEYVWOYX4LUJE.jpg\" loading=\"eager\"\/>PARIS, FRANCE &#8211; OCTOBER 30: A general view of the Ballon D&#8217;Or trophy at the 67th Ballon D&#8217;Or Ceremony at Theatre Du Chatelet on October 30, 2023 in Paris, France. (Photo by Pascal Le Segretain\/Getty Images)Pascal Le Segretain (Getty Images)<\/p>\n<p class=\"\">El Th\u00e9\u00e2tre du Ch\u00e2telet de Par\u00eds (Francia) acoge este lunes la 69\u00aa gala del Bal\u00f3n de Oro.<\/p>\n<p class=\"\"><b>\u00bfQui\u00e9nes son los favoritos?<\/b><\/p>\n<ol>\n<li><b>Ousmane Demb\u00e9l\u00e9.<\/b> El franc\u00e9s, delantero del PSG, parte como favorito al haber metido 33 goles en 45 jornadas y ganar los t\u00edtulos de liga, copa y Champions, la primera del equipo parisino.<\/li>\n<li><b>Lamine Yamal, Pedri y Raphinha.<\/b> Los jugadores del Bar\u00e7a apuntan a ser los m\u00e1ximos competidores de Demb\u00e9l\u00e9, tras la gran campa\u00f1a que hizo el equipo catal\u00e1n la temporada pasada ganando la Liga y la Copa del Rey.<\/li>\n<\/ol>\n<p class=\"\"><b>El Real Madrid tambi\u00e9n tiene nominados.<\/b> Vinicius Jr, Bellingham y Mbapp\u00e9 tambi\u00e9n est\u00e1n entre los candidatos a obtener el m\u00e1ximo galard\u00f3n, a pesar de no haber logrado ning\u00fan t\u00edtulo.<\/p>\n<p class=\"\"><b>\u00bfY en la categor\u00eda femenina?<\/b> Hay seis espa\u00f1olas nominadas: las ya ganadoras del Bal\u00f3n de Oro del Bar\u00e7a Aitana Bonmat\u00ed y Alexia Putellas; sus compa\u00f1eras de equipo Cl\u00e0udia Pina y Patri Guijarro; Esther Gonz\u00e1lez, jugadora del equipo estadounidense Gotham FC, y Mariona Caldentey, del Arsenal. <\/p>\n<p class=\"\"><b>\u00bfCu\u00e1ndo y d\u00f3nde ver la gala?<\/b> El evento se podr\u00e1 ver a partir de las 21.00 horas a trav\u00e9s de Movistar Plus.<\/p>\n<p class=\"\">\u00a9Foto: Getty Images<\/p>\n<p class=\"\"><a href=\"https:\/\/elpais.com\/deportes\/futbol\/2025-09-22\/gala-del-balon-de-oro-donde-y-cuando-ver-los-premios-a-los-mejores-del-futbol.html\" target=\"_self\" rel=\"nofollow noopener\" title=\"https:\/\/elpais.com\/deportes\/futbol\/2025-09-22\/gala-del-balon-de-oro-donde-y-cuando-ver-los-premios-a-los-mejores-del-futbol.html\">Si quieres saber m\u00e1s, puedes leer aqu\u00ed<\/a>.<\/p>\n","protected":false},"excerpt":{"rendered":"PARIS, FRANCE &#8211; OCTOBER 30: A general view of the Ballon D&#8217;Or trophy at the 67th Ballon D&#8217;Or&hellip;\n","protected":false},"author":2,"featured_media":131082,"comment_status":"","ping_status":"","sticky":false,"template":"","format":"standard","meta":{"footnotes":""},"categories":[93],"tags":[168,25,24,282,8138,16808,532,23,167],"class_list":{"0":"post-131081","1":"post","2":"type-post","3":"status-publish","4":"format-standard","5":"has-post-thumbnail","7":"category-deportes","8":"tag-deportes","9":"tag-es","10":"tag-espana","11":"tag-futbol","12":"tag-lamine-yamal","13":"tag-ousmane-dembele","14":"tag-premios","15":"tag-spain","16":"tag-sports"},"share_on_mastodon":{"url":"","error":""},"_links":{"self":[{"href":"https:\/\/www.europesays.com\/es\/wp-json\/wp\/v2\/posts\/131081","targetHints":{"allow":["GET"]}}],"collection":[{"href":"https:\/\/www.europesays.com\/es\/wp-json\/wp\/v2\/posts"}],"about":[{"href":"https:\/\/www.europesays.com\/es\/wp-json\/wp\/v2\/types\/post"}],"author":[{"embeddable":true,"href":"https:\/\/www.europesays.com\/es\/wp-json\/wp\/v2\/users\/2"}],"replies":[{"embeddable":true,"href":"https:\/\/www.europesays.com\/es\/wp-json\/wp\/v2\/comments?post=131081"}],"version-history":[{"count":0,"href":"https:\/\/www.europesays.com\/es\/wp-json\/wp\/v2\/posts\/131081\/revisions"}],"wp:featuredmedia":[{"embeddable":true,"href":"https:\/\/www.europesays.com\/es\/wp-json\/wp\/v2\/media\/131082"}],"wp:attachment":[{"href":"https:\/\/www.europesays.com\/es\/wp-json\/wp\/v2\/media?parent=131081"}],"wp:term":[{"taxonomy":"category","embeddable":true,"href":"https:\/\/www.europesays.com\/es\/wp-json\/wp\/v2\/categories?post=131081"},{"taxonomy":"post_tag","embeddable":true,"href":"https:\/\/www.europesays.com\/es\/wp-json\/wp\/v2\/tags?post=131081"}],"curies":[{"name":"wp","href":"https:\/\/api.w.org\/{rel}","templated":true}]}}