{"id":131101,"date":"2025-09-22T05:31:12","date_gmt":"2025-09-22T05:31:12","guid":{"rendered":"https:\/\/www.europesays.com\/es\/131101\/"},"modified":"2025-09-22T05:31:12","modified_gmt":"2025-09-22T05:31:12","slug":"un-bronce-en-el-mundial-u23-como-gran-broche-de-la-temporada","status":"publish","type":"post","link":"https:\/\/www.europesays.com\/es\/131101\/","title":{"rendered":"Un bronce en el Mundial U23 como gran broche de la temporada"},"content":{"rendered":"<p>El 3&#215;3 espa\u00f1ol sigue creciendo. Oro de la Selecci\u00f3n Masculina en la Copa del Mundo, plata en la Champions Cup y bronce en el Europeo de la Selecci\u00f3n Femenina\u2026 y la temporada se cierra con el bronce de la U23 Femenina 3&#215;3 en la Copa del Mundo de China, venciendo a Jap\u00f3n en el partido decisivo.<\/p>\n<p>\u00c1REA DE COMUNICACI\u00d3N FEB<\/p>\n<p>No ha sido f\u00e1cil. La semi se perdi\u00f3 en los \u00faltimos segundos, Bego de Santiago no pudo jugar el partido por el bronce\u2026 y un rival peligroso como Jap\u00f3n. Pero Alicia Fl\u00f3rez, Bego de Santiago, Elena Moreno y Marta Garc\u00eda, dirigidas por Paula Palomares y con la supervisi\u00f3n de Nuria Mart\u00ednez han conseguido un bronce tan meritorio como sufrido.<\/p>\n<p>La primera fase fue inmaculada. Victorias ante Chile y M\u00e9xico el primer d\u00eda, y ante Filipinas y Estados Unidos el segundo. El triunfo ante las americanas se logr\u00f3 con las se\u00f1as de identidad de este equipo: defensa, calidad en ataque y buena preparaci\u00f3n de los partidos.<\/p>\n<p>Marta Garc\u00eda ha sido un pilar cerca del aro, Alicia Fl\u00f3rez era capaz de generarse sus propios tiros, Bego de Santiago pon\u00eda la mu\u00f1eca y la competitividad y Elena Moreno se convert\u00eda en esa pieza que engrasaba todo aportando en todas las facetas del juego.<\/p>\n<p>El \u00faltimo d\u00eda, con tres partidos consecutivos, marcaba la l\u00ednea del \u00e9xito. Victoria s\u00f3lida ante Rep\u00fablica Checa en cuartos de final, la semifinal ante Francia estaba controlada hasta la lesi\u00f3n de Bego de Santiago y se perdi\u00f3 por un solo punto, con todo a favor para llevar el partido a la pr\u00f3rroga.<\/p>\n<p>Tocaba levantarse y con tan solo tres jugadoras, Espa\u00f1a se enfrentaba una hora despu\u00e9s a Jap\u00f3n, uno de los favoritos al t\u00edtulo. Competitividad y car\u00e1cter para volver a Espa\u00f1a con una meritoria medalla de bronce.<\/p>\n<p>RESULTADOS<br \/>&#13;<br \/>\n Espa\u00f1a \u2013 Chile 21-6<br \/>&#13;<br \/>\n Espa\u00f1a \u2013 M\u00e9xico 22-11<br \/>&#13;<br \/>\n Espa\u00f1a \u2013 Estados Unidos 18-12<br \/>&#13;<br \/>\n Espa\u00f1a \u2013 Filipinas 18-11<br \/>&#13;<br \/>\n Cuartos: Espa\u00f1a \u2013 Rep. Checa 21-17<br \/>&#13;<br \/>\n Semis: Espa\u00f1a-Francia\u00a0 17-18<br \/>&#13;<br \/>\n 3\u00ba\/4\u00ba Puesto: Espa\u00f1a-Jap\u00f3n 18-12<\/p>\n","protected":false},"excerpt":{"rendered":"El 3&#215;3 espa\u00f1ol sigue creciendo. Oro de la Selecci\u00f3n Masculina en la Copa del Mundo, plata en la&hellip;\n","protected":false},"author":2,"featured_media":131102,"comment_status":"","ping_status":"","sticky":false,"template":"","format":"standard","meta":{"footnotes":""},"categories":[269],"tags":[4605,299,1918,298,4597,4613,4616,4609,4608,4610,168,4603,4606,25,24,4120,4598,4614,2713,4601,830,4599,4600,4602,4615,4617,4607,4604,23,167,4611,4612],"class_list":{"0":"post-131101","1":"post","2":"type-post","3":"status-publish","4":"format-standard","5":"has-post-thumbnail","7":"category-baloncesto","8":"tag-arbitros-baloncesto","9":"tag-baloncesto","10":"tag-basket","11":"tag-basketball","12":"tag-basquet","13":"tag-canalfeb","14":"tag-clasificacion","15":"tag-copa-princesa","16":"tag-copa-principe","17":"tag-copa-reina","18":"tag-deportes","19":"tag-eba","20":"tag-entrenadores-baloncesto","21":"tag-es","22":"tag-espana","23":"tag-estadisticas","24":"tag-federacion-baloncesto","25":"tag-jornada-virtual","26":"tag-jugadores","27":"tag-laeb-plata","28":"tag-leb-oro","29":"tag-liga-espana","30":"tag-liga-espanola-baloncesto","31":"tag-liga-femenina","32":"tag-marcadores-baloncesto","33":"tag-rankings","34":"tag-reglas-baloncesto","35":"tag-seleccion-baloncesto","36":"tag-spain","37":"tag-sports","38":"tag-supercopa","39":"tag-television-baloncesto"},"share_on_mastodon":{"url":"","error":""},"_links":{"self":[{"href":"https:\/\/www.europesays.com\/es\/wp-json\/wp\/v2\/posts\/131101","targetHints":{"allow":["GET"]}}],"collection":[{"href":"https:\/\/www.europesays.com\/es\/wp-json\/wp\/v2\/posts"}],"about":[{"href":"https:\/\/www.europesays.com\/es\/wp-json\/wp\/v2\/types\/post"}],"author":[{"embeddable":true,"href":"https:\/\/www.europesays.com\/es\/wp-json\/wp\/v2\/users\/2"}],"replies":[{"embeddable":true,"href":"https:\/\/www.europesays.com\/es\/wp-json\/wp\/v2\/comments?post=131101"}],"version-history":[{"count":0,"href":"https:\/\/www.europesays.com\/es\/wp-json\/wp\/v2\/posts\/131101\/revisions"}],"wp:featuredmedia":[{"embeddable":true,"href":"https:\/\/www.europesays.com\/es\/wp-json\/wp\/v2\/media\/131102"}],"wp:attachment":[{"href":"https:\/\/www.europesays.com\/es\/wp-json\/wp\/v2\/media?parent=131101"}],"wp:term":[{"taxonomy":"category","embeddable":true,"href":"https:\/\/www.europesays.com\/es\/wp-json\/wp\/v2\/categories?post=131101"},{"taxonomy":"post_tag","embeddable":true,"href":"https:\/\/www.europesays.com\/es\/wp-json\/wp\/v2\/tags?post=131101"}],"curies":[{"name":"wp","href":"https:\/\/api.w.org\/{rel}","templated":true}]}}