{"id":131113,"date":"2025-09-22T05:38:04","date_gmt":"2025-09-22T05:38:04","guid":{"rendered":"https:\/\/www.europesays.com\/es\/131113\/"},"modified":"2025-09-22T05:38:04","modified_gmt":"2025-09-22T05:38:04","slug":"acabo-de-descubrir-que-la-nina-de-del-reves-tuvo-su-primer-cameo-en-pixar-hace-22-anos-noticias-de-cine","status":"publish","type":"post","link":"https:\/\/www.europesays.com\/es\/131113\/","title":{"rendered":"Acabo de descubrir que la ni\u00f1a de &#8216;Del rev\u00e9s&#8217; tuvo su primer cameo en Pixar hace 22 a\u00f1os &#8211; Noticias de cine"},"content":{"rendered":"<p class=\"bo-p\">Es bien sabido que en Pixar preparan sus pel\u00edculas con much\u00edsima antelaci\u00f3n. Tanta, que a las pel\u00edculas les da tiempo a cambiar, modificarse, volver a cambiar y convertirse en algo totalmente distinto&#8230; \u00a1Y a introducir cameos de sus futuras producciones! <b>Como siempre hacen tres o cuatro pel\u00edculas al mismo tiempo, pueden poner peque\u00f1os detalles de fondo<\/b>. Por ejemplo, en <a href=\"https:\/\/www.sensacine.com\/peliculas\/pelicula-26862\/\" class=\"bo-link\" rel=\"nofollow noopener\" target=\"_blank\">Monstruos SA<\/a> podemos ver que Boo tiene un mu\u00f1eco de Nemo y en la propia <a href=\"https:\/\/www.sensacine.com\/peliculas\/pelicula-29057\/\" class=\"bo-link\" rel=\"nofollow noopener\" target=\"_blank\">Buscando a Nemo<\/a>, una ni\u00f1a lee un c\u00f3mic de Mr. Incre\u00edble. Ayuda a la teor\u00eda de que todo en Pixar est\u00e1 unido, pero, adem\u00e1s, da una satisfactoria sensaci\u00f3n cuando vuelves a ver las pel\u00edculas un tiempo despu\u00e9s.<\/p>\n<p>Riley, \u00bferes t\u00fa?<\/p>\n<p class=\"bo-p\">Obviamente, <a href=\"https:\/\/www.sensacine.com\/peliculas\/pelicula-196960\/\" class=\"bo-link\" rel=\"nofollow noopener\" target=\"_blank\">Del Rev\u00e9s<\/a> no iba a ser una excepci\u00f3n en esta tradici\u00f3n de Pixar. Aunque en esta ocasi\u00f3n hay que finar el ojo, porque, en este caso, el cameo no fue en su pel\u00edcula anterior. Ver\u00e9is: originalmente, a <a href=\"https:\/\/www.sensacine.com\/peliculas\/pelicula-109572\/\" class=\"bo-link\" rel=\"nofollow noopener\" target=\"_blank\">Monstruos University<\/a> le iba a seguir <a href=\"https:\/\/www.sensacine.com\/peliculas\/pelicula-195350\/\" class=\"bo-link\" rel=\"nofollow noopener\" target=\"_blank\">The good dinosaur<\/a>, pero en el \u00faltimo segundo decidieron hacer el cambio de fechas, con la pel\u00edcula ya terminada: <b>en lugar de un cameo de RIley, lo que nos encontramos es&#8230; con un dinosaurio de juguete.<\/b> Ups.<\/p>\n<p class=\"bo-p\">S\u00ed <b>hubo un cameo de Riley, pero&#8230; \u00a1Un a\u00f1o despu\u00e9s del estreno!<\/b> Para subsanar este error y que Del Rev\u00e9s tuviera su aparici\u00f3n estelar de rigor, cogieron su gran estreno de 2016, Buscando a Dory, e introdujeron a Riley como una de las ni\u00f1as que est\u00e1n viendo a los peces en el acuario. Y as\u00ed, la sagrada l\u00ednea de tiempo de Pixar se subsan\u00f3 del todo.<\/p>\n<p>                                <img loading=\"lazy\" decoding=\"async\" class=\"article-figure-img\" src=\"https:\/\/www.europesays.com\/es\/wp-content\/uploads\/2025\/09\/6bef24cc363e2381d434987ebf39babb.jpg\" width=\"640\" height=\"320\" alt=\"\"\/><\/p>\n<p>                                    Pixar<\/p>\n<p class=\"bo-p\">Por supuesto, en <a href=\"https:\/\/www.sensacine.com\/peliculas\/pelicula-307991\/\" class=\"bo-link\" rel=\"nofollow noopener\" target=\"_blank\">Del Rev\u00e9s 2<\/a> vuelve a cumplirse esta magia y en una de las bolas de recuerdo podemos ver al protagonista de <a href=\"https:\/\/www.sensacine.com\/peliculas\/pelicula-289168\/\" class=\"bo-link\" rel=\"nofollow noopener\" target=\"_blank\">Elio<\/a>, adem\u00e1s de varios gui\u00f1os a cortos como Pajaritos o Luxo Jr. Por su parte, en <a href=\"https:\/\/www.sensacine.com\/peliculas\/pelicula-279115\/\" class=\"bo-link\" rel=\"nofollow noopener\" target=\"_blank\">Elemental<\/a> tuvimos la consabida presentaci\u00f3n de Del Rev\u00e9s 2 en un p\u00f3ster. <b>\u00bfHabremos conocido ya en <\/b><b>Elio<\/b><b> un detalle de <\/b><a href=\"https:\/\/www.sensacine.com\/peliculas\/pelicula-1000009065\/\" class=\"bo-link\" rel=\"nofollow noopener\" target=\"_blank\"><b>Hoppers<\/b><\/a><b>? Lo sabremos el a\u00f1o que viene.<\/b><\/p>\n","protected":false},"excerpt":{"rendered":"Es bien sabido que en Pixar preparan sus pel\u00edculas con much\u00edsima antelaci\u00f3n. Tanta, que a las pel\u00edculas les&hellip;\n","protected":false},"author":2,"featured_media":131114,"comment_status":"","ping_status":"","sticky":false,"template":"","format":"standard","meta":{"footnotes":""},"categories":[169],"tags":[42022,177,42021,146,147,25,24,176,175,4932,23],"class_list":{"0":"post-131113","1":"post","2":"type-post","3":"status-publish","4":"format-standard","5":"has-post-thumbnail","7":"category-cine","8":"tag-buscando_a_nemo","9":"tag-cine","10":"tag-del_reves","11":"tag-entertainment","12":"tag-entretenimiento","13":"tag-es","14":"tag-espana","15":"tag-film","16":"tag-movies","17":"tag-pixar","18":"tag-spain"},"share_on_mastodon":{"url":"","error":""},"_links":{"self":[{"href":"https:\/\/www.europesays.com\/es\/wp-json\/wp\/v2\/posts\/131113","targetHints":{"allow":["GET"]}}],"collection":[{"href":"https:\/\/www.europesays.com\/es\/wp-json\/wp\/v2\/posts"}],"about":[{"href":"https:\/\/www.europesays.com\/es\/wp-json\/wp\/v2\/types\/post"}],"author":[{"embeddable":true,"href":"https:\/\/www.europesays.com\/es\/wp-json\/wp\/v2\/users\/2"}],"replies":[{"embeddable":true,"href":"https:\/\/www.europesays.com\/es\/wp-json\/wp\/v2\/comments?post=131113"}],"version-history":[{"count":0,"href":"https:\/\/www.europesays.com\/es\/wp-json\/wp\/v2\/posts\/131113\/revisions"}],"wp:featuredmedia":[{"embeddable":true,"href":"https:\/\/www.europesays.com\/es\/wp-json\/wp\/v2\/media\/131114"}],"wp:attachment":[{"href":"https:\/\/www.europesays.com\/es\/wp-json\/wp\/v2\/media?parent=131113"}],"wp:term":[{"taxonomy":"category","embeddable":true,"href":"https:\/\/www.europesays.com\/es\/wp-json\/wp\/v2\/categories?post=131113"},{"taxonomy":"post_tag","embeddable":true,"href":"https:\/\/www.europesays.com\/es\/wp-json\/wp\/v2\/tags?post=131113"}],"curies":[{"name":"wp","href":"https:\/\/api.w.org\/{rel}","templated":true}]}}