{"id":131115,"date":"2025-09-22T05:39:08","date_gmt":"2025-09-22T05:39:08","guid":{"rendered":"https:\/\/www.europesays.com\/es\/131115\/"},"modified":"2025-09-22T05:39:08","modified_gmt":"2025-09-22T05:39:08","slug":"lamine-o-dembele-recogeran-esta-noche-el-testigo-de-rodri","status":"publish","type":"post","link":"https:\/\/www.europesays.com\/es\/131115\/","title":{"rendered":"Lamine o Demb\u00e9l\u00e9 recoger\u00e1n esta noche el testigo de Rodri"},"content":{"rendered":"<p style=\"\"><a href=\"https:\/\/www.abc.es\/deportes\/futbol\/favoritos-ganar-balon-oro-2025-20250922060000-nt.html\" target=\"_self\" data-voc-vtm-id=\"in-text-traffic\" title=\"Ousmane Demb\u00e9l\u00e9 y Lamine Yamal parten como favoritos\" rel=\"nofollow noopener\">Ousmane Demb\u00e9l\u00e9 y Lamine Yamal parten como favoritos<\/a> esta noche para recoger el testigo de Rodri, mejor jugador del mundo de 2024. Parte con ligera ventaja el franc\u00e9s para alzar su primer Bal\u00f3n de Oro. Sus cifras le avalan. 35 goles y 16 asistencias  &#8230; en 53 partidos que han ayudado a sumar <strong>cinco trofeos<\/strong>: Champions League, Ligue 1, Supercopa y Copa de Francia, y Supercopa de Europa. Aunque las de <strong>Yamal no se quedan atr\u00e1s<\/strong>: 18 tantos y 25 participaciones directas en 55 apariciones para conquistar la Nations League con Espa\u00f1a y la Liga, Copa y Supercopa con el Barcelona. El tercero con alguna opci\u00f3n es Mbapp\u00e9.<\/p>\n<p class=\"voc-p\" style=\"\">De los tres, el \u00fanico que estar\u00e1 en el <a href=\"https:\/\/www.abc.es\/deportes\/futbol\/balon-oro-2025-horario-donde-ver-television-online-gala-20250922183938-nt.html\" target=\"_self\" data-voc-vtm-id=\"in-text-traffic\" title=\"Teatre du Chatelet\" rel=\"nofollow noopener\">Teatre du Chatelet<\/a> esta noche<strong> (21.00 horas\/Movistar+)<\/strong> ser\u00e1 Lamine Yamal, que formar\u00e1 parte de una amplia representaci\u00f3n del Barcelona, cuya delegaci\u00f3n estar\u00e1 encabezada por Joan Laporta. Ni Madrid ni PSG participar\u00e1n en el prestigioso acontecimiento. El equipo franc\u00e9s estar\u00e1 disputando el partido ante el <strong>Olympique de Marsella<\/strong>, que ayer fue aplazado por cuestiones meteorol\u00f3gicas (la lesi\u00f3n de Demb\u00e9l\u00e9 le podr\u00eda permitir acudir a la gala), y <strong>el club blanco sigue enfrentado a la UEFA<\/strong> despu\u00e9s de que el a\u00f1o pasado el galard\u00f3n no fuera otorgado a Vinicius.<\/p>\n<p class=\"voc-p\" style=\"\">La decisi\u00f3n del Madrid contin\u00faa generando controversias y en las palabras de <strong>Hansi Flick<\/strong> en la previa ante el Getafe se intuy\u00f3 un cierto toque de atenci\u00f3n cuando le preguntaron por la posibilidad de que Lamine ganara el Bal\u00f3n de Oro: \u00abAlg\u00fan d\u00eda lo veremos. Yo creo que Lamine recibir\u00e1 este trofeo, pero <strong>estar ah\u00ed es tener respeto<\/strong>. Estamos nominados, y cualquiera que reciba ese trofeo se lo merece. Hay que ir ah\u00ed, disfrutarlo, demostrar respeto a los ganadores, un respeto que se merecen, y eso es de vital importancia\u00bb.<\/p>\n<p class=\"voc-p\" style=\"\">Prueba de ello es la ampl\u00edsima convocatoria que certifica la importancia que le da el club azulgrana al evento. No obstante, llama la atenci\u00f3n la <strong>ausencia de Pedri<\/strong>, al que las quinielas le colocan en un lugar de privilegio. El canario ha priorizado el <strong>descanso<\/strong> tras el gran n\u00famero de partidos que deber\u00e1 afrontar y la cantidad de minutos y desplazamientos que ya acumula.<\/p>\n<p class=\"voc-p\" style=\"\">Del primer equipo masculino viajar\u00e1n <strong>Lamine<\/strong>, <strong>Raphinha<\/strong>, que podr\u00eda estar entre los cinco primeros, y <strong>Cubars\u00ed<\/strong>, candidato al Premio Kopa al mejor joven junto a Yamal (competir\u00e1n con el madridista Dean Huijsen). Tambi\u00e9n estar\u00e1 Hansi Flick, candidato al mejor entrenador, aunque el gran favorito es <strong>Luis Enrique<\/strong>, que consigui\u00f3 el triplete y que alcanz\u00f3 la final del Mundial de Clubes, que perdi\u00f3 ante el Chelsea. El Madrid tiene a tres jugadores en la lista de 30 finalistas: <strong>Mbapp\u00e9, Vinicius y Bellingham<\/strong>.<\/p>\n<p class=\"voc-p\" style=\"\">El Bal\u00f3n de Oro femenino tambi\u00e9n se presenta apretado con la pugna entre las espa\u00f1olas <strong>Aitana Bonmat\u00ed, Alexia Putellas<\/strong> (ambas del Barcelona) y <strong>Mariona Caldentey<\/strong> (Arsenal). No obstante, la favorita es Alessia Russo, que gan\u00f3 la Champions con el Arsenal y la Eurocopa con Inglaterra. Las azulgranas Claudia Pina y Patri Guijarro, y la internacional del Gotham Esther Gonz\u00e1lez tambi\u00e9n est\u00e1n en la lista de nominadas al m\u00e1ximo galard\u00f3n, mientras que <strong>Vicky L\u00f3pez<\/strong> opta al trofeo Kopa, que premia a la mejor joven de la temporada.<\/p>\n<p class=\"voc-p\" style=\"\">La representaci\u00f3n espa\u00f1ola se completa con <strong>David Raya<\/strong> (Arsenal) y <strong>Cata Coll<\/strong> (Barcelona). Ambos optan a ganar el trofeo Yashin, que reconoce al mejor portero y portera. En el caso del internacional espa\u00f1ol, deber\u00e1 competir con <strong>Courtois<\/strong> (Real Madrid), <strong>Oblak<\/strong> (Atl\u00e9tico de Madrid) y el italiano Gianluigi Donnarumma, h\u00e9roe del PSG que este verano ha firmado por el City.<\/p>\n<p class=\"voc-p\" style=\"\">El Barcelona tendr\u00e1 al PSG y al Chelsea como rivales para ser el mejor equipo masculino, y al <strong>Arsenal<\/strong> para ganar en la categor\u00eda femenina. El premio principal, el Bal\u00f3n de Oro, lo entregar\u00e1 <strong>Ronaldinho<\/strong>, que milit\u00f3 en el Barcelona y en el PSG, lo que aumenta la incertidumbre sobre qui\u00e9n ser\u00e1 el ganador final: Lamine Yamal o Demb\u00e9l\u00e9.<\/p>\n","protected":false},"excerpt":{"rendered":"Ousmane Demb\u00e9l\u00e9 y Lamine Yamal parten como favoritos esta noche para recoger el testigo de Rodri, mejor jugador&hellip;\n","protected":false},"author":2,"featured_media":131116,"comment_status":"","ping_status":"","sticky":false,"template":"","format":"standard","meta":{"footnotes":""},"categories":[93],"tags":[4711,37111,168,25,24,11680,193,3371,42023,35098,23,167,4798],"class_list":{"0":"post-131115","1":"post","2":"type-post","3":"status-publish","4":"format-standard","5":"has-post-thumbnail","7":"category-deportes","8":"tag-balon","9":"tag-dembele","10":"tag-deportes","11":"tag-es","12":"tag-espana","13":"tag-lamine","14":"tag-noche","15":"tag-oro","16":"tag-recogeran","17":"tag-rodri","18":"tag-spain","19":"tag-sports","20":"tag-testigo"},"share_on_mastodon":{"url":"","error":""},"_links":{"self":[{"href":"https:\/\/www.europesays.com\/es\/wp-json\/wp\/v2\/posts\/131115","targetHints":{"allow":["GET"]}}],"collection":[{"href":"https:\/\/www.europesays.com\/es\/wp-json\/wp\/v2\/posts"}],"about":[{"href":"https:\/\/www.europesays.com\/es\/wp-json\/wp\/v2\/types\/post"}],"author":[{"embeddable":true,"href":"https:\/\/www.europesays.com\/es\/wp-json\/wp\/v2\/users\/2"}],"replies":[{"embeddable":true,"href":"https:\/\/www.europesays.com\/es\/wp-json\/wp\/v2\/comments?post=131115"}],"version-history":[{"count":0,"href":"https:\/\/www.europesays.com\/es\/wp-json\/wp\/v2\/posts\/131115\/revisions"}],"wp:featuredmedia":[{"embeddable":true,"href":"https:\/\/www.europesays.com\/es\/wp-json\/wp\/v2\/media\/131116"}],"wp:attachment":[{"href":"https:\/\/www.europesays.com\/es\/wp-json\/wp\/v2\/media?parent=131115"}],"wp:term":[{"taxonomy":"category","embeddable":true,"href":"https:\/\/www.europesays.com\/es\/wp-json\/wp\/v2\/categories?post=131115"},{"taxonomy":"post_tag","embeddable":true,"href":"https:\/\/www.europesays.com\/es\/wp-json\/wp\/v2\/tags?post=131115"}],"curies":[{"name":"wp","href":"https:\/\/api.w.org\/{rel}","templated":true}]}}