{"id":131119,"date":"2025-09-22T05:41:10","date_gmt":"2025-09-22T05:41:10","guid":{"rendered":"https:\/\/www.europesays.com\/es\/131119\/"},"modified":"2025-09-22T05:41:10","modified_gmt":"2025-09-22T05:41:10","slug":"de-activar-el-protocolo-de-abandono-a-la-llamada-de-su-novio","status":"publish","type":"post","link":"https:\/\/www.europesays.com\/es\/131119\/","title":{"rendered":"de activar el protocolo de abandono, a la llamada de su novio"},"content":{"rendered":"<p class=\"article-text\">\n        Hace dos d\u00edas, en plena emisi\u00f3n de <strong>\u00a1De Viernes!<\/strong> paralizaban la escaleta para <a href=\"https:\/\/www.eldiario.es\/vertele\/noticias\/de-viernes-entrevista-carlo-costanzia-angela-portero-antena3-telecinco-sonsoles-onega_1_12618675.html\" target=\"_blank\" data-mrf-recirculation=\"links-noticia\" class=\"link\" rel=\"nofollow noopener\">informar en directo<\/a> que en <strong>Supervivientes All Stars 2<\/strong>, <strong>Adara Molinero hab\u00eda activado el protocolo de abandono<\/strong>. Una situaci\u00f3n que se resolver\u00eda este domingo, en Conexi\u00f3n Honduras.\n    <\/p>\n<p>    <a href=\"https:\/\/www.eldiario.es\/entrevistas\/laura-madrueno-habla-camaras-supervivientes-tension-estreno-afectan-audiencias_1_12615942.html\" data-mrf-recirculation=\"saber-mas\" data-dl-event=\"saber-mas\" rel=\"nofollow noopener\" target=\"_blank\"><\/p>\n<p class=\"know-more__title\">Laura Madrue\u00f1o habla tras las c\u00e1maras de &#8216;Supervivientes&#8217;: de la \u00abtensi\u00f3n\u00bb del estreno a lo que \u00abafectan\u00bb las audiencias<\/p>\n<p>            <img decoding=\"async\" class=\"lazy\" loading=\"lazy\" data-src=\"https:\/\/static.eldiario.es\/clip\/eaf90ef4-4bda-4715-b12b-e02b0fc5a18e_16-9-aspect-ratio_default_0.jpg\" src=\"data:image\/svg+xml,%3Csvg xmlns=\" http:=\"\" viewbox=\"0 0 880 495\" alt=\"Laura Madrue\u00f1o habla tras las c\u00e1maras de 'Supervivientes': de la &quot;tensi\u00f3n&quot; del estreno a lo que &quot;afectan&quot; las audiencias\"\/><\/p>\n<p>                        <\/a><\/p>\n<p class=\"article-text\">\n        Por ello, <strong>Sandra Barneda <\/strong>arranc\u00f3 esta tercera entrega con la imagen de la joven apartada del resto del grupo y pensando en su decisi\u00f3n final sobre continuar o no en el reality, y acab\u00f3 con un giro radical en su relaci\u00f3n con Miri y hasta una llamada de su novio.\n    <\/p>\n<p class=\"article-text\">\n        Adem\u00e1s, el programa mostr\u00f3 los porcentajes ciegos de las cuatro nominadas de la semana, <strong>Fani Carbajo, Jessica Bueno, Adara y Gloria Camila, <\/strong>que concentran los siguientes votos: <strong>36&#8217;1%, 31&#8217;9%, 24&#8217;3% y 7&#8217;7%. <\/strong>\n    <\/p>\n<p>    Las \u201cdur\u00edsimas im\u00e1genes\u201d de la desesperaci\u00f3n de Adara<\/p>\n<p class=\"article-text\">\n        Barneda conect\u00f3 con Adara para saber c\u00f3mo estaba de \u00e1nimos, tras activar el protocolo de abandono: \u201c<strong>Me siento saturada, desbordada y d\u00e9bil\u201d<\/strong>, dijo recordando que pocos d\u00edas antes hab\u00eda visto marchar a su madre, tras <a href=\"https:\/\/www.eldiario.es\/vertele\/noticias\/supervivientes-all-stars-vivio-expulsion-dura-adara-madre-cuatro-nominadas_1_12614879.html\" target=\"_blank\" data-mrf-recirculation=\"links-noticia\" class=\"link\" rel=\"nofollow noopener\">la expulsi\u00f3n<\/a>.\n    <\/p>\n<blockquote class=\"twitter-tweet\" data-lang=\"es\"><p><a href=\"https:\/\/twitter.com\/X\/status\/1969868114394497166?ref_src=twsrc%5Etfw\" rel=\"nofollow noopener\" target=\"_blank\"><\/p><\/blockquote>\n<p class=\"article-text\">\n        Una salida, que se le junt\u00f3 con la tormenta nocturna, y eso le hizo explotar, como mostraron en las \u201cdur\u00edsimas im\u00e1genes\u201d que acabaron con la paciencia de la concursante: <strong>\u201c\u00a1No quiero seguir m\u00e1s aqu\u00ed, no quiero dormir m\u00e1s en el suelo, he llegado a mi l\u00edmite!\u201d,<\/strong> gritaba mientras los compa\u00f1eros la intentaban calmar sin \u00e9xito.\n    <\/p>\n<p class=\"article-text\">\n        Barneda le entendi\u00f3, pero a la vez le se\u00f1al\u00f3 que ya \u201csab\u00eda a lo que ven\u00eda\u201d. Sin embargo, Adara argument\u00f3 lo siguiente: \u201cTe haces una idea, recuerdas c\u00f3mo fue mi otro paso, pero <strong>esto lo triplica por todos lados, es much\u00edsimo peor, mucho m\u00e1s duro\u201d,<\/strong> asegur\u00f3.\n    <\/p>\n<blockquote class=\"twitter-tweet\" data-lang=\"es\"><p><a href=\"https:\/\/twitter.com\/X\/status\/1969868606554189908?ref_src=twsrc%5Etfw\" rel=\"nofollow noopener\" target=\"_blank\"><\/p><\/blockquote>\n<p class=\"article-text\">\n        \u201cDesde casa no se puede llegar a ver la dureza. Esa noche nos hab\u00edan quitado todo lo que hab\u00edamos ganado, ten\u00edamos que dormir en el suelo encharcado, toda la ropa mojada, ven\u00eda llena de barro, me tuve que meter en el mar, calada hasta arriba. <strong>Me entr\u00f3 una crisis muy fuerte de querer irme y no hab\u00eda escapatoria\u201d<\/strong>, a\u00f1adi\u00f3 sobre la raz\u00f3n de pedir abandonar.\n    <\/p>\n<p class=\"article-text\">\n        Por lo que la presentadora le hizo la pregunta directa: \u201cAdara, \u00bfquieres abandonar Supervivientes All Stars?\u201d. Y a\u00f1adi\u00f3 una frase clave que hizo que a la robinsona le cambiara el rostro: <strong>\u201cMe dijiste que no aguantar en el primer<\/strong><strong> All stars<\/strong><strong> te doli\u00f3 much\u00edsimo, as\u00ed que quiero que te lo pienses bien.<\/strong> No hay nada de lo que avergonzarse, si abandonas, abandonas, solo necesitaba decirte esto. Si contin\u00faas quiero que demuestres como el resto que sois All Stars\u201d.\n    <\/p>\n<blockquote class=\"twitter-tweet\" data-lang=\"es\"><p><a href=\"https:\/\/twitter.com\/X\/status\/1969871243168866695?ref_src=twsrc%5Etfw\" rel=\"nofollow noopener\" target=\"_blank\"><\/p><\/blockquote>\n<p class=\"article-text\">\n        Adara esper\u00f3 unos segundos y acab\u00f3 decidiendo: <strong>\u201cSi me caigo, me levanto. Esta vez me he ca\u00eddo y me quiero volver a levantar, quiero seguir<\/strong>\u201d, el p\u00fablico estall\u00f3 en aplausos en plat\u00f3, mientras algunas colaboradoras se quedaban con gesto de hast\u00edo ante las idas y venidas de la concursante.\n    <\/p>\n<p class=\"article-text\">\n        \u201cEste es el esp\u00edritu de Supervivientes y el de la vida, nos caemos y nos levantamos\u201d, agradeci\u00f3 la presentadora que, minutos despu\u00e9s anunci\u00f3 la llamada del novio de Adara.\n    <\/p>\n<p>    De comer una pizza a recibir el mensaje de su novio<\/p>\n<p class=\"article-text\">\n        Si Adara llega a abandonar no hubiera vivido una de sus mejores noches del reality. Al volver con sus compa\u00f1eros, su equipo gan\u00f3 la prueba de recompensa y pudieron comer pizza. Torres fue el primero en coger un trozo y escoger a Miri para que siguiera con el siguiente.\n    <\/p>\n<p class=\"article-text\">\n        Lo m\u00e1s llamativo fue que<strong> Miri, de todos sus compa\u00f1eros, escogi\u00f3 a Adara para que fuera la siguiente en comer. <\/strong>Decisi\u00f3n que la segunda le agradeci\u00f3 en numerosas ocasiones, con el est\u00f3mago lleno, y que pareci\u00f3 destensar su enemistad de las \u00faltimas semanas.\n    <\/p>\n<p class=\"article-text\">\n        Pero no fue la \u00fanica alegr\u00eda de la noche, tambi\u00e9n recibi\u00f3 el mensaje de su novio, \u201cel canario\u201d como ella le llama, con el que mantiene una relaci\u00f3n desde hace un mes. <strong>\u201cMe paso cada minuto del d\u00eda pensando en ti, fuera est\u00e1 todo perfecto, te juro que mis sentimientos no han dejado de crecer por ti. <\/strong>Te esperar\u00e9 lo que haga falta\u201d, dec\u00eda.\n    <\/p>\n<blockquote class=\"twitter-tweet\" data-lang=\"es\"><p><a href=\"https:\/\/twitter.com\/X\/status\/1969912775855243463?ref_src=twsrc%5Etfw\" rel=\"nofollow noopener\" target=\"_blank\"><\/p><\/blockquote>\n<p class=\"article-text\">\n        Y a\u00f1adi\u00f3 habl\u00e1ndole de \u201cdeportista a deportista\u201d: \u201cNo sabes lo que me gusta verte competir, en el concurso, con el apoyo que tienes fuera.<strong> Me gustar\u00eda que llegaras a la final, eres una guerrera, demu\u00e9stralo<\/strong>. T\u00fa eres mi elecci\u00f3n, mis ojos y mi coraz\u00f3n est\u00e1n contigo en Honduras, piensa en todos los planes que tenemos mi guerrera\u201d.\n    <\/p>\n<p>    <a href=\"https:\/\/www.eldiario.es\/vertele\/series\/la-que-se-avecina-duracion-capitulos-temporada-16-amazon-prime-video-telecinco-laura-caballero_1_12620084.html\" data-mrf-recirculation=\"saber-mas-abajo\" data-dl-event=\"saber-mas-abajo\" rel=\"nofollow noopener\" target=\"_blank\"><\/p>\n<p class=\"know-more__title\">&#8216;La que se avecina&#8217; reducir\u00e1 la duraci\u00f3n de sus cap\u00edtulos con el estreno de la temporada 16: \u201cEs una bendici\u00f3n\u201d<\/p>\n<p>            <img decoding=\"async\" class=\"lazy\" loading=\"lazy\" data-src=\"https:\/\/static.eldiario.es\/clip\/b003c3f4-59b1-4d8d-aa52-6b82aa905653_16-9-aspect-ratio_default_0.jpg\" src=\"data:image\/svg+xml,%3Csvg xmlns=\" http:=\"\" viewbox=\"0 0 880 495\" alt=\"'La que se avecina' reducir\u00e1 la duraci\u00f3n de sus cap\u00edtulos con el estreno de la temporada 16: &quot;Es una bendici\u00f3n&quot;\"\/><\/p>\n<p>                        <\/a><\/p>\n<p class=\"article-text\">\n        Sus palabras le llenaron de emoci\u00f3n, le grit\u00f3 \u201cte quiero\u201d y asegur\u00f3 que necesitaba esas palabras. Tambi\u00e9n vio im\u00e1genes de su peque\u00f1o que acabaron de redondear su gran noche.\n    <\/p>\n<p>                                    <script async src=\"https:\/\/platform.twitter.com\/widgets.js\" charset=\"utf-8\"><\/script><\/p>\n","protected":false},"excerpt":{"rendered":"Hace dos d\u00edas, en plena emisi\u00f3n de \u00a1De Viernes! paralizaban la escaleta para informar en directo que en&hellip;\n","protected":false},"author":2,"featured_media":131120,"comment_status":"","ping_status":"","sticky":false,"template":"","format":"standard","meta":{"footnotes":""},"categories":[91],"tags":[10903,20624,24893,11286,7280,346,31462,146,147,25,24,20580,7279,1791,23,11287,3947],"class_list":{"0":"post-131119","1":"post","2":"type-post","3":"status-publish","4":"format-standard","5":"has-post-thumbnail","7":"category-entretenimiento","8":"tag-10903","9":"tag-abandonar","10":"tag-adara","11":"tag-all","12":"tag-barneda","13":"tag-contundente","14":"tag-decidio","15":"tag-entertainment","16":"tag-entretenimiento","17":"tag-es","18":"tag-espana","19":"tag-frase","20":"tag-sandra","21":"tag-seguir","22":"tag-spain","23":"tag-stars","24":"tag-supervivientes"},"share_on_mastodon":{"url":"","error":""},"_links":{"self":[{"href":"https:\/\/www.europesays.com\/es\/wp-json\/wp\/v2\/posts\/131119","targetHints":{"allow":["GET"]}}],"collection":[{"href":"https:\/\/www.europesays.com\/es\/wp-json\/wp\/v2\/posts"}],"about":[{"href":"https:\/\/www.europesays.com\/es\/wp-json\/wp\/v2\/types\/post"}],"author":[{"embeddable":true,"href":"https:\/\/www.europesays.com\/es\/wp-json\/wp\/v2\/users\/2"}],"replies":[{"embeddable":true,"href":"https:\/\/www.europesays.com\/es\/wp-json\/wp\/v2\/comments?post=131119"}],"version-history":[{"count":0,"href":"https:\/\/www.europesays.com\/es\/wp-json\/wp\/v2\/posts\/131119\/revisions"}],"wp:featuredmedia":[{"embeddable":true,"href":"https:\/\/www.europesays.com\/es\/wp-json\/wp\/v2\/media\/131120"}],"wp:attachment":[{"href":"https:\/\/www.europesays.com\/es\/wp-json\/wp\/v2\/media?parent=131119"}],"wp:term":[{"taxonomy":"category","embeddable":true,"href":"https:\/\/www.europesays.com\/es\/wp-json\/wp\/v2\/categories?post=131119"},{"taxonomy":"post_tag","embeddable":true,"href":"https:\/\/www.europesays.com\/es\/wp-json\/wp\/v2\/tags?post=131119"}],"curies":[{"name":"wp","href":"https:\/\/api.w.org\/{rel}","templated":true}]}}