{"id":131137,"date":"2025-09-22T05:54:13","date_gmt":"2025-09-22T05:54:13","guid":{"rendered":"https:\/\/www.europesays.com\/es\/131137\/"},"modified":"2025-09-22T05:54:13","modified_gmt":"2025-09-22T05:54:13","slug":"diakite-ingresado-en-un-hospital-de-vigo-tras-sufrir-un-proceso-febril","status":"publish","type":"post","link":"https:\/\/www.europesays.com\/es\/131137\/","title":{"rendered":"Diakite, ingresado en un hospital de Vigo tras sufrir un proceso febril"},"content":{"rendered":"<p><a class=\"v-mdl-ath__fig-a\" href=\"https:\/\/www.elcorreo.com\/autor\/carlos-perez-de-arrilucea-80.html\" title=\"Carlos P\u00e9rez de Arrilucea\" rel=\"nofollow noopener\" target=\"_blank\"><br \/>\n<img decoding=\"async\" class=\"v-mdl-ath__img\" src=\"https:\/\/www.europesays.com\/es\/wp-content\/uploads\/2025\/08\/autor-80-foto-2.jpeg\" alt=\"Carlos P\u00e9rez de Arrilucea\"\/><br \/>\n<\/a><\/p>\n<p class=\"v-mdl-ath__p v-mdl-ath__p--6\">\nDomingo, 21 de septiembre 2025, 14:43<\/p>\n<p class=\"v-p\">Los contratiempos de salud no paran en el Baskonia. Seg\u00fan ha informado este domingo el club azulgrana, Mamadi Diakite se encuentra ingresado en un hospital  &#8230; de Vigo, donde se va a someter a diferentes pruebas m\u00e9dicas para conocer el alcance exacto del proceso febril que le impidi\u00f3 disputar el amistoso ante el Real Madrid. El p\u00edvot de Queens fue, junto a Vit Hrabar, baja de \u00faltima hora de cara al choque amistoso con el que el equipo vitoriano cerr\u00f3 su participaci\u00f3n en el Torneo EncestaR\u00edas. <\/p>\n<p class=\"v-p\">Tras poner fin a un fin de semana en Pontevedra con una derrota ante los blancos por 87-80, la expedici\u00f3n azulgrana puso rumbo de vuelta casa sin el interior estadounidense en su pasaje. El estado de salud del p\u00edvot guineano recomendaba su ingreso hospitalario, que se produj\u00f3 durante la noche de ayer, lo que hizo imposible que se desplazara con el resto de sus compa\u00f1eros y cuerpo t\u00e9cnico en el vuelo de vuelta a la capital alavesa. Eso s\u00ed, Diakite que ha quedado en Vigo \u00abacompa\u00f1ado por los servicios m\u00e9dicos de club\u00bb, seg\u00fan apunta el Baskonia en su comunicado. La entidad de Zurbano subraya que el jugador se ha visto obligado a permanecer en el centro hospitalario \u00abpara la realizaci\u00f3n de pruebas y tratamiento del proceso\u00bb. <\/p>\n<p class=\"v-crt__t\"> L\u00edmite de sesiones alcanzadas<\/p>\n<p class=\"v-crt__p\">El acceso al contenido Premium est\u00e1 abierto por cortes\u00eda del establecimiento donde te encuentras, pero ahora mismo hay demasiados usuarios conectados a las vez.<\/p>\n<p class=\"v-crt__p\">Por favor, int\u00e9ntalo pasados unos minutos.<\/p>\n<p>\nVolver a intentar\n<\/p>\n<p class=\"v-crt__t\">Sesi\u00f3n cerrada<\/p>\n<p class=\"v-crt__p\">Al iniciar sesi\u00f3n desde un dispositivo distinto, por seguridad, se cerr\u00f3 la \u00faltima sesi\u00f3n en este.<\/p>\n<p class=\"v-crt__p\">Para continuar disfrutando de su suscripci\u00f3n digital, inicie sesi\u00f3n en este dispositivo.<\/p>\n<p>\nEste contenido es exclusivo para suscriptores\n<\/p>\n<p>Comenta<\/p>\n<p>Reporta un error<\/p>\n","protected":false},"excerpt":{"rendered":"Domingo, 21 de septiembre 2025, 14:43 Los contratiempos de salud no paran en el Baskonia. Seg\u00fan ha informado&hellip;\n","protected":false},"author":2,"featured_media":131138,"comment_status":"","ping_status":"","sticky":false,"template":"","format":"standard","meta":{"footnotes":""},"categories":[269],"tags":[299,298,168,23997,25,24,42027,3345,28852,8626,23,167,18389,575,1274],"class_list":{"0":"post-131137","1":"post","2":"type-post","3":"status-publish","4":"format-standard","5":"has-post-thumbnail","7":"category-baloncesto","8":"tag-baloncesto","9":"tag-basketball","10":"tag-deportes","11":"tag-diakite","12":"tag-es","13":"tag-espana","14":"tag-febril","15":"tag-hospital","16":"tag-ingresado","17":"tag-proceso","18":"tag-spain","19":"tag-sports","20":"tag-sufrir","21":"tag-tras","22":"tag-vigo"},"share_on_mastodon":{"url":"","error":""},"_links":{"self":[{"href":"https:\/\/www.europesays.com\/es\/wp-json\/wp\/v2\/posts\/131137","targetHints":{"allow":["GET"]}}],"collection":[{"href":"https:\/\/www.europesays.com\/es\/wp-json\/wp\/v2\/posts"}],"about":[{"href":"https:\/\/www.europesays.com\/es\/wp-json\/wp\/v2\/types\/post"}],"author":[{"embeddable":true,"href":"https:\/\/www.europesays.com\/es\/wp-json\/wp\/v2\/users\/2"}],"replies":[{"embeddable":true,"href":"https:\/\/www.europesays.com\/es\/wp-json\/wp\/v2\/comments?post=131137"}],"version-history":[{"count":0,"href":"https:\/\/www.europesays.com\/es\/wp-json\/wp\/v2\/posts\/131137\/revisions"}],"wp:featuredmedia":[{"embeddable":true,"href":"https:\/\/www.europesays.com\/es\/wp-json\/wp\/v2\/media\/131138"}],"wp:attachment":[{"href":"https:\/\/www.europesays.com\/es\/wp-json\/wp\/v2\/media?parent=131137"}],"wp:term":[{"taxonomy":"category","embeddable":true,"href":"https:\/\/www.europesays.com\/es\/wp-json\/wp\/v2\/categories?post=131137"},{"taxonomy":"post_tag","embeddable":true,"href":"https:\/\/www.europesays.com\/es\/wp-json\/wp\/v2\/tags?post=131137"}],"curies":[{"name":"wp","href":"https:\/\/api.w.org\/{rel}","templated":true}]}}