{"id":131139,"date":"2025-09-22T05:55:09","date_gmt":"2025-09-22T05:55:09","guid":{"rendered":"https:\/\/www.europesays.com\/es\/131139\/"},"modified":"2025-09-22T05:55:09","modified_gmt":"2025-09-22T05:55:09","slug":"iker-alvarez-y-vilarrasa-los-protagonistas-del-empate-del-cordoba-cf-ante-el-racing-diario-cordoba","status":"publish","type":"post","link":"https:\/\/www.europesays.com\/es\/131139\/","title":{"rendered":"Iker \u00c1lvarez y Vilarrasa, los protagonistas del empate del C\u00f3rdoba CF ante el Racing &#8211; Diario C\u00f3rdoba"},"content":{"rendered":"<ol>\n<li><a href=\"https:\/\/news.google.com\/rss\/articles\/CBMiuAFBVV95cUxNT2NLeDY2RzhHMlp6N1E2MHNsaEU0eDRudEdQVkluaXZXUVNKRFhZaFNyQmFLQWdRNFZTY1o4bms5TlpFWWM4UE1ybnVMdFR0Vzc0Y3U4RjljLVZ1c0NEZEh1OWpKVkRjbGsyekhpM2k3NVV3czdzb0JBSHl6OGNTbU43SnBzcTlxYnlrbkYyZ29YUTFUNThKWjBISEJUd1htbHdhQUMxXzYzMlhSZF8zYTFURW04a0V00gG-AUFVX3lxTE1pVXVxNXF4VWhzRzBzVU9qakx0UUxPdHpJdDVOYlVjLXNMVy1nMWpvOHZTUFZwY3RuTkpEc2pBMG1Lc0xHWHNBYjJicUhIajBlWU5kRHh1N2poOFp4SjFZcGRHamg0UnlfMWRQUWt1M2s5eXRZcVhnQ1RTQmx5M3prU1VPSE5CS0FQMS1lOUZibElFOXNvOExDQ2FaMWJsYzNlSTN1R2FLS2pOUGN1eTBaMy12UnlidHlpOTN6T0E?oc=5\" target=\"_blank\" rel=\"nofollow noopener\">Iker \u00c1lvarez y Vilarrasa, los protagonistas del empate del C\u00f3rdoba CF ante el Racing<\/a>&nbsp;&nbsp;Diario C\u00f3rdoba<\/li>\n<li><a href=\"https:\/\/news.google.com\/rss\/articles\/CBMi2wFBVV95cUxPN0Exd2Z5Y3kwN2RjTjhxbHQzd2FZbHlvYmwySGU1VG5pUDJMQ0N3ZUphMTZDQ29DUVpaNHdfMWZaV0VSUElTOUlBTklrWmRsZHYxNE5qVFJJNENLRHNCU20zcDNVR211bU9EOGN6MVJWMHFPM3BGUDVQLVBCNERHN2hvQzRTbWtmcTVQMDI1LVRnZlEzTVNDZE5ycHhyLU91MVJDdXhlLThTZmRnRmNDWi00SzBrc0g0S1RTNzBfYlJueGttVENKcEZFS3EyQXI0Tk9xZnFIbGtlaFHSAfcBQVVfeXFMT0txYWRydGl4VHJqQkVYUDJrTDM2Zy1aOEdVN0Z6SFNuVjljY0VQS1JWc3FncXItUkI2WjlwcDE5bVdENklWaEF0UERPUk1UWkY2X0twMjFla2RabGRYR3p6UUhLUVM3Q2t2TmtnWUY1a0FfZFBxUWRFaEgtbXMzQk1PRXZXSnFEWUNrZURtblRSOS1yb1R6Q2k4VkJQWlVfemoxcGpHekE5b1BldlRXX082Qm5nWVZyWElLbXV4RzJ6cFlJZml1UzdMNG5wTjZzNi1BQWNXWElvRmZFQTdzVV94bXRFZ2hjVHFJYTNxbncwT3hBZVdGMA?oc=5\" target=\"_blank\" rel=\"nofollow noopener\">Un penalti en el 97 refrenda el liderato del D\u00e9por, once a\u00f1os despu\u00e9s<\/a>&nbsp;&nbsp;La Voz de Galicia<\/li>\n<li><a href=\"https:\/\/news.google.com\/rss\/articles\/CBMilwFBVV95cUxOc3BTSTdiWmxVX0FZd2d4M1JoZjlWU2FTWjlZNUxaM0szcmtlaUNnQVROTGlSXzFyN2JZY2tORE91bFhjZG80cjJ1dDQxTExwT2FmQmdzWGwyanA4SFBSVUp0dW5tRUhydU5zYlg5WjBzalJHWFJ1NUhoR0RMQ0plZ2FiZTlfU1hxbWhmSTRhdkhKMFhxV2VZ0gGrAUFVX3lxTE9lLXV6ZG1xUWFIdnkxQkJ1TnlxTE03SFpESTUtb3hxNUNuMmJpLXFRQmlVc3EzTTNCWXFBOXFDc0RhU2VXdWZOLXEwSEpSRGREWnF1OXI5VHBhdkdScDhWX3Q2eHd1ZTB5Q09oN0xibWpXWHd2bHBDa3ItR1JCY1ZTY1lramNBOXdCOG81d19OdnNFVVVTZEtyS3FqMWY2Nkh4WHRHeHFkT1hnUQ?oc=5\" target=\"_blank\" rel=\"nofollow noopener\">C\u00f3rdoba CF 2 &#8211; 2 Racing: resumen, goles y resultado<\/a>&nbsp;&nbsp;Diario AS<\/li>\n<li><a href=\"https:\/\/news.google.com\/rss\/articles\/CBMioAFBVV95cUxOZWZ1a1pzYUVGelVHWk5iS183ZlZhMVhzVmFKTXVnMDFiSGJucnpDUVF4MGxwV0lLTUlNcGtiSDZMWkRPeVlKMFhaQ1o0QnN3SG1YSExtZFJObVpTMHBoNFh6RDlsREh4dnZaTXc1bXhXUFozZVBCU1R3Z25GQ3JzUkZOQ3BtX1dDU0VyN0g4V1M1czFseTBrRzJqMHZ3T3Mz?oc=5\" target=\"_blank\" rel=\"nofollow noopener\">As\u00ed te hemos contado el partido minuto a minuto<\/a>&nbsp;&nbsp;El Diario Monta\u00f1\u00e9s<\/li>\n<li><a href=\"https:\/\/news.google.com\/rss\/articles\/CBMiywFBVV95cUxPNkFWb3dwTmFDSUtpbVhzbmtOVUFQQmtZaW5UV1FPaHBGaEVibVlqemtYY2NfdmZfNlp1dnRxTFU1YXN6aFh6d3FIcWM4bnlTVHZtVFBoUWVhd1p3YkVxQ2RVRThaeVp1b1RKQUw2VXVtQmxweC1YQno2a0RpOGJLdjZRb29qcVQ1T3BkcFl1djloUEFCM0RNWTE3SFN3VmRlOFZleHpKX0tZV2JxcGRFVkN5M2lZMEdEZHZDNE9DOUdwSy04SkVFWWNhQdIBywFBVV95cUxQdWZNbmNCT2pIbnVuNTZEa3FjNF9xbWNCUGV0NVF6SUN1cGU0T3NNbDRpN1dCS1pXeWtDWDVxMFlzVFB3U2hDcm9wWnJ4RV9IeGR5LWVPRkRWN0dUUk0yNktoa2tCZHVlTzZrR2htYTUtcUUxVHVabXBDR0pSLWtjSEhNTHpZZHFSeDk4T1lzR0p4UXFPRVphY3dUNWNMazdmcWNzYVhWNHc1dzZJMHhTRzh6dlZmdmNRdGllOU8zMkZxYkVmNjlBZWpnSQ?oc=5\" target=\"_blank\" rel=\"nofollow noopener\">C\u00f3rdoba &#8211; Racing Santander en directo<\/a>&nbsp;&nbsp;El Mundo<\/li>\n<\/ol>\n","protected":false},"excerpt":{"rendered":"Iker \u00c1lvarez y Vilarrasa, los protagonistas del empate del C\u00f3rdoba CF ante el Racing&nbsp;&nbsp;Diario C\u00f3rdoba Un penalti en&hellip;\n","protected":false},"author":2,"featured_media":131140,"comment_status":"","ping_status":"","sticky":false,"template":"","format":"standard","meta":{"footnotes":""},"categories":[268],"tags":[4458,3332,168,5192,25,24,280,282,12929,28425,28564,6874,7640,281,23,167,42028],"class_list":{"0":"post-131139","1":"post","2":"type-post","3":"status-publish","4":"format-standard","5":"has-post-thumbnail","7":"category-futbol","8":"tag-alvarez","9":"tag-cordoba-cf","10":"tag-deportes","11":"tag-empate","12":"tag-es","13":"tag-espana","14":"tag-football","15":"tag-futbol","16":"tag-iker","17":"tag-liga-hypermotion","18":"tag-notas-cordoba-cf","19":"tag-protagonistas","20":"tag-segunda-division","21":"tag-soccer","22":"tag-spain","23":"tag-sports","24":"tag-vilarrasa"},"share_on_mastodon":{"url":"","error":""},"_links":{"self":[{"href":"https:\/\/www.europesays.com\/es\/wp-json\/wp\/v2\/posts\/131139","targetHints":{"allow":["GET"]}}],"collection":[{"href":"https:\/\/www.europesays.com\/es\/wp-json\/wp\/v2\/posts"}],"about":[{"href":"https:\/\/www.europesays.com\/es\/wp-json\/wp\/v2\/types\/post"}],"author":[{"embeddable":true,"href":"https:\/\/www.europesays.com\/es\/wp-json\/wp\/v2\/users\/2"}],"replies":[{"embeddable":true,"href":"https:\/\/www.europesays.com\/es\/wp-json\/wp\/v2\/comments?post=131139"}],"version-history":[{"count":0,"href":"https:\/\/www.europesays.com\/es\/wp-json\/wp\/v2\/posts\/131139\/revisions"}],"wp:featuredmedia":[{"embeddable":true,"href":"https:\/\/www.europesays.com\/es\/wp-json\/wp\/v2\/media\/131140"}],"wp:attachment":[{"href":"https:\/\/www.europesays.com\/es\/wp-json\/wp\/v2\/media?parent=131139"}],"wp:term":[{"taxonomy":"category","embeddable":true,"href":"https:\/\/www.europesays.com\/es\/wp-json\/wp\/v2\/categories?post=131139"},{"taxonomy":"post_tag","embeddable":true,"href":"https:\/\/www.europesays.com\/es\/wp-json\/wp\/v2\/tags?post=131139"}],"curies":[{"name":"wp","href":"https:\/\/api.w.org\/{rel}","templated":true}]}}