{"id":131143,"date":"2025-09-22T05:58:16","date_gmt":"2025-09-22T05:58:16","guid":{"rendered":"https:\/\/www.europesays.com\/es\/131143\/"},"modified":"2025-09-22T05:58:16","modified_gmt":"2025-09-22T05:58:16","slug":"el-circulo-el-thriller-juvenil-del-autor-super-ventas-roberto-santiago-suena-a-taylor-swift","status":"publish","type":"post","link":"https:\/\/www.europesays.com\/es\/131143\/","title":{"rendered":"\u2018El C\u00edrculo\u2019, el thriller juvenil del autor super ventas, Roberto Santiago: \u201cSuena a Taylor Swift\u201d"},"content":{"rendered":"<p>Raro es el ni\u00f1o de este pa\u00eds que no conozca a <b>Roberto Santiago<\/b>, o por lo menos, alguno de sus libros de sagas de tanto \u00e9xito como Los Futbol\u00edsimos, Los Once o Los forasteros del tiempo. Son solo algunos ejemplos de las <b>95 novelas que ha publicado<\/b> y que le han convertido en el autor m\u00e1s vendido en el \u00e1rea infantil. Tambi\u00e9n escribe para adultos y ahora, incluso, se ha atrevido con los adolescentes.<\/p>\n<p>Acaba de lanzar <a href=\"https:\/\/los40.com\/2025\/09\/17\/roberto-santiago-denuncia-el-bullying-en-el-circulo-partiendo-de-su-experiencia-propia-vi-como-le-cogian-y-le-colgaban-de-la-ventana-boca-abajo\/\" target=\"_blank\" rel=\"nofollow noopener\" title=\"https:\/\/los40.com\/2025\/09\/17\/roberto-santiago-denuncia-el-bullying-en-el-circulo-partiendo-de-su-experiencia-propia-vi-como-le-cogian-y-le-colgaban-de-la-ventana-boca-abajo\/\"><b>El C\u00edrculo<\/b>,<\/a> una novela escrita a base de frases cortas y directas que entroncan con el narrador, un joven de 16 a\u00f1os que tras quedarse hu\u00e9rfano llega a un nuevo instituto donde se encuentra una organizaci\u00f3n criminal de abusones. <b>Un thriller juvenil donde nada es lo que parece<\/b> y donde las im\u00e1genes no est\u00e1n suavizadas sino mostradas en su mayor crudeza.<\/p>\n<p><b>El bullying, que tan presente est\u00e1 en las aulas, es el tema central<\/b> en esta novela de lectura r\u00e1pida que te deja reflexiones interesantes para compartir con los m\u00e1s j\u00f3venes. Hemos hablado unos minutos con su autor para conocer m\u00e1s detalles, tambi\u00e9n los musicales.<\/p>\n<p><img decoding=\"async\" src=\"https:\/\/los40.com\/pf\/resources\/img\/logo-40-v-c.svg?d=879\" alt=\"LOS40\" class=\"i-pro\" width=\"68\" height=\"68\" loading=\"lazy\"\/><\/p>\n<p><b>Pregunta: <\/b><b>Los futbol\u00edsimos<\/b><b>, <\/b><b>Los once<\/b><b>, <\/b><b>Los forasteros del tiempo<\/b><b>\u2026 son muchas las sagas para ni\u00f1os con las que has triunfado. Tambi\u00e9n con tus novelas para adultos. Ahora te adentras al mundo adolescente, \u00bfc\u00f3mo ha sido meterse en su piel?<\/b><\/p>\n<p>Respuesta: Antes me preguntaban si ten\u00eda hijos, que no los tengo. Tengo la sensaci\u00f3n, para bien y para mal, que sigo con mi adolescente muy cerca, aunque tenga una edad que est\u00e1 muy lejos en el tiempo. Pero tengo la sensaci\u00f3n de que fue ayer, de que las cosas que me ocurrieron como adolescente me pasaron ayer. Si estuviera aqu\u00ed mi pareja dir\u00eda que eso me hace inmaduro en muchos aspectos, pero a la hora de escribir, me conecta de una manera muy f\u00e1cil. Han cambiado muchas cosas. Hemos hablado de las redes, del ciberbullying, pero las emociones, siento que son las mismas. Cuando he trabajado con adolescentes en el grupo de teatro, esas emociones exacerbadas, donde todo cada d\u00eda es el primero y el \u00faltimo, donde cada cosa que te pasa parece que es lo mejor y lo peor que te ha pasado nunca, es algo que da mucho juego literario. Me ha encantado el viaje de reconectar con los adolescentes. Es un p\u00fablico muy dif\u00edcil, incluso hay estad\u00edsticas que dicen que muchas veces los ni\u00f1os leen y cuando llegan a la adolescencia dejan de leer. Ojal\u00e1 El C\u00edrculo sirva para dar un empuj\u00f3n a la lectura.<\/p>\n<p><b>P: \u00bfCrees que el bullying est\u00e1 entre sus mayores preocupaciones?<\/b><\/p>\n<p>R: En mi peque\u00f1o muestreo, que no es cient\u00edfico, sino de los adolescentes con los que he hablado \u2013s\u00ed que es verdad que he hablado con m\u00e1s chicas que chicos-, s\u00ed que les preocupa y lo tienen presentes. No s\u00e9 si tanto a los ni\u00f1os, pero a los adolescentes s\u00ed, creo que es un tema que tienen presente. Con la novela ya terminada se la dej\u00e9 leer a tres adolescentes en la urbanizaci\u00f3n donde estaba con mi familia y luego lleg\u00f3 un cuarto, y es un tema que para ellos es muy cotidiano del que hablan. En qu\u00e9 t\u00e9rminos hablan cuando no estamos presentes los adultos, nunca lo sabremos, pero s\u00ed, noto que es algo que les resulta muy cercano.<\/p>\n<p><b>P: Antes de hablar del tema central de la novela me gustar\u00eda hablar de m\u00fasica. Hay alg\u00fan gui\u00f1o cuando introduces un tema de Anitta y otro de Kali Uchis, \u00bfde d\u00f3nde salen las referencias?<\/b><\/p>\n<p>R: Mis sobrinos adolescentes me guiaban. Al final utilizas las referencias m\u00e1s cercanas. Es curioso, pero Kali Uchis, al final, me ha terminado gustando mucho. Tiene esta cosa, aparentemente tan fr\u00edvola y tan superficial que luego rascas y debajo hay m\u00e1s. Debajo de este pop tan ligero hay cosa de soul, de jazz. Me ha gustado mucho y creo que la novela, si sonara a algo, sonar\u00eda a esto. El v\u00eddeo en el que aparece ella embarazad\u00edsima (Tu Coraz\u00f3n Es M\u00edo) me parece que es muy provocativo, muy sensual y, al mismo tiempo, muy empoderado. En la urbanizaci\u00f3n me dec\u00eda una de las chicas que ley\u00f3 la novela, que suena a Taylor Swift. Nunca lo hubiera pensado.<\/p>\n<p><b>P: \u00bfTaylor Swift?<\/b><\/p>\n<p>R: Fui a ver a Taylor Swift cuando estuvo en Madrid porque me gusta estar cerca de estos fen\u00f3menos sociales donde los adolescentes y las adolescentes te gu\u00edan. Concierto que, por cierto, fue un estudio sociol\u00f3gico. Me sorprendi\u00f3 y me hizo gracia. La he escuchado mucho y me gusta mucho c\u00f3mo se curra sus letras.<\/p>\n<p><b>P: Ese estudio sociol\u00f3gico en el concierto de Taylor Swift, \u00bfa d\u00f3nde te llev\u00f3?<\/b><\/p>\n<p>R: M\u00e1s que respuestas lo que me dio fueron muchas im\u00e1genes sorprendentes de esa devoci\u00f3n que va m\u00e1s all\u00e1 de los racional y c\u00f3mo esos viajes y horas de acampada de adolescentes que parec\u00edan que iban a morirse en cada canci\u00f3n. Esa devoci\u00f3n es algo maravilloso, me daba envidia, yo quer\u00eda sentir esa emoci\u00f3n tan fuerte.<\/p>\n<p><b>P: Dices que cuando te pones a escribir una novela te gusta teclear porque las palabras van formando una melod\u00eda. La m\u00fasica, \u00bfqu\u00e9 papel juega en tu vida?<\/b><\/p>\n<p>R: Es verdad que no tengo estudios musicales, pero he dirigido varias pel\u00edculas y una de las partes que m\u00e1s disfruto es cuando me encierro en el estudio con el compositor. Me parece m\u00e1gico porque yo no s\u00e9 componer m\u00fasica, no s\u00e9 tocar ning\u00fan instrumento y de la nada empieza a sacar una melod\u00eda y para m\u00ed es algo muy emocionante. Me gusta mucho escuchar m\u00fasica, escucho muchas bandas sonoras, tambi\u00e9n para escribir. De pronto me hago s\u00faper fan de Rigoberta Bandini y durante unos d\u00edas solo la escucho a ella. Y me gusta mucho ver qu\u00e9 hay detr\u00e1s de estos fen\u00f3menos. Estuve tambi\u00e9n en el Benidorm Fest, consegu\u00ed que me invitaran, y vi que el 95% de los asistentes eran gays.<\/p>\n<p><b>P: Tambi\u00e9n sorprendi\u00f3 que en OT que empez\u00f3 el pasado lunes, hubiera tanto concursante del colectivo.<\/b><\/p>\n<p>R: No hay, no quedan o no los han encontrado, o no venden, no s\u00e9. La anterior OT me la beb\u00ed, me gusta mucho seguir estos fen\u00f3menos. Ese yo adolescente me trae cosas muy buenas como poder escribir esto y que los adolescentes, por el muestro que he hecho, El C\u00edrculo lo sienten como algo muy cercano.<\/p>\n<p><b>P: En lo que no tienes nada de adolescente es en haber podido pasar un mes de agosto completamente desconectado de las redes. \u00bfCu\u00e1l ha sido el balance? \u00bfY lo ves posible para un adolescente?<\/b><\/p>\n<p>R: Creo que ser\u00eda muy bueno, que ser\u00eda muy dif\u00edcil. Necesito de vez en cuando desconectar de las redes. Cuando empec\u00e9 con las redes fueron las editoriales las que me dijeron, Roberto, tienes que estar en las redes \u2013hace bastante a\u00f1os- y si no est\u00e1n, van a hablar de ti y t\u00fa no lo vas a saber, con lo cu\u00e1l, m\u00e1s vale que est\u00e9s. Ahora no dir\u00eda que tengo un enganche, pero me divierte. Desconectarme ha sido muy purificador y muy saludable y los primeros d\u00edas ten\u00eda que vencer el instinto de entrar. Lo hablaba con mis sobrinos, que no son de los que est\u00e1n muy enganchados, pero me dec\u00edan que ellos en agosto segu\u00edan, que no iban a dejarlo.<\/p>\n<p><b>P: Esto de las redes nos ha llevado a perder un poco el valor de la intimidad. Todo se comparte, aunque lo que no se debe como le ocurre a Estrella, uno de tus personajes. \u00bfFalta educaci\u00f3n en valores?<\/b><\/p>\n<p>R: Falta toda la educaci\u00f3n del mundo en ese y otros valores. Son muchos temas juntos, pero desde tan peque\u00f1os tienen acceso a todo. No hay l\u00edmites para los j\u00f3venes en las redes. No s\u00e9 c\u00f3mo se puede hacer. Es muy dif\u00edcil, pero creo que no es imposible y que se podr\u00edan hacer muchas m\u00e1s cosas. A m\u00ed me produce escalofr\u00edos, sobre todo, cuando empec\u00e9 en Tik Tok, las im\u00e1genes de los v\u00eddeos semi pornogr\u00e1ficos de adolescentes. \u00bfEsto c\u00f3mo puede ser? \u00bfC\u00f3mo puede ser, primero, que la red social no los elimine? Y, \u00bfqu\u00e9 les pasa a esas adolescentes \u2013porque la mayor\u00eda son chicas- por la cabeza para compartir ese tipo de im\u00e1genes? Creo que falta mucha educaci\u00f3n, empezando en las aulas y terminando en las familias. S\u00e9 que es muy dif\u00edcil porque reciben unos imputs tan grandes y por no entrar en que la educaci\u00f3n sexual no viene de sus casas, de sus familias o de los institutos, viene del porno y eso es terrible y consideran normales cosas que no lo son.<\/p>\n<p><b>P: En la novela hay una conversaci\u00f3n de unos padres con su hijo de 12 a\u00f1os sobre sexo, \u00bfhay edad para tener esa conversaci\u00f3n?<\/b><\/p>\n<p>R: No tengo ni idea. Yo s\u00e9 que mis padres a m\u00ed me hablaron de sexo antes de los 12 a\u00f1os. Lo viv\u00ed de una manera buena, t3ngo mis complejos como todos, pero lo viv\u00ed de una manera muy natural. Recuerdo esas primeras conversaciones con verg\u00fcenza, l\u00f3gicamente, pero creo que me ayudaron mucho a normalizarlo. Creo que es bueno que las familias tomen la iniciativa y que no permitan que sean los v\u00eddeos, las redes, el porno, que sean los primeros imputs sobre sexo que reciban.<\/p>\n<p><b>P: En El C\u00edrculo metes un primer amor con sus primeras relaciones sexuales, \u00bfrecordando viejos tiempos o te has documentado sobre c\u00f3mo son ahora?<\/b><\/p>\n<p>R: Es una mezcla de ambas cosas. Por un lado, es inevitable que hable de mi propia adolescencia. Uno como escritor siempre habla de s\u00ed mismo y el que diga que no, es que no ha hecho un verdadero trabajo de introspecci\u00f3n, pero tambi\u00e9n intento siempre documentarme. A mis sobrinos les da mucha verg\u00fcenza todo esto, pero al final, cuentan. Y en Primera Toma que es donde yo dirig\u00eda aquel grupo de adolescentes, que es una escuela de teatro de adolescentes y ni\u00f1os, hicimos dos grupos de conversaci\u00f3n, uno sobre bullying y otro sobre sexo. Es verdad que los adolescentes que se apuntan a una escuela de teatro, quiz\u00e1s son un poco m\u00e1s abiertos, pero contaban muchas cosas que a m\u00ed me sorprend\u00edan. Ahora empiezan mucho antes y hacen muchas cosas y tienen menos complejos. Pero la primera vez es igual para todos.<\/p>\n<p><b>P: Por \u00faltimo, \u00bffinal ut\u00f3pico, idealista o realista?<\/b><\/p>\n<p>R: Final como un deseo de esperanza y luz. Un deseo que ojal\u00e1 fueran por ah\u00ed las cosas y ojal\u00e1 nos di\u00e9ramos la mano. El C\u00edrculo significa muchas cosas, tambi\u00e9n significa que a nivel individual puedes conseguir cosas, pero nunca tantas como en grupo. Creo mucho en el poder sanador del grupo y en intentar luchas por las cosas de manera colectiva. Ojal\u00e1 que no sea tan ut\u00f3pico y que esa esperanza se vaya convirtiendo m\u00e1s en realidad.<\/p>\n","protected":false},"excerpt":{"rendered":"Raro es el ni\u00f1o de este pa\u00eds que no conozca a Roberto Santiago, o por lo menos, alguno&hellip;\n","protected":false},"author":2,"featured_media":131144,"comment_status":"","ping_status":"","sticky":false,"template":"","format":"standard","meta":{"footnotes":""},"categories":[172],"tags":[224,146,147,25,24,225,23],"class_list":{"0":"post-131143","1":"post","2":"type-post","3":"status-publish","4":"format-standard","5":"has-post-thumbnail","7":"category-libros","8":"tag-books","9":"tag-entertainment","10":"tag-entretenimiento","11":"tag-es","12":"tag-espana","13":"tag-libros","14":"tag-spain"},"share_on_mastodon":{"url":"","error":""},"_links":{"self":[{"href":"https:\/\/www.europesays.com\/es\/wp-json\/wp\/v2\/posts\/131143","targetHints":{"allow":["GET"]}}],"collection":[{"href":"https:\/\/www.europesays.com\/es\/wp-json\/wp\/v2\/posts"}],"about":[{"href":"https:\/\/www.europesays.com\/es\/wp-json\/wp\/v2\/types\/post"}],"author":[{"embeddable":true,"href":"https:\/\/www.europesays.com\/es\/wp-json\/wp\/v2\/users\/2"}],"replies":[{"embeddable":true,"href":"https:\/\/www.europesays.com\/es\/wp-json\/wp\/v2\/comments?post=131143"}],"version-history":[{"count":0,"href":"https:\/\/www.europesays.com\/es\/wp-json\/wp\/v2\/posts\/131143\/revisions"}],"wp:featuredmedia":[{"embeddable":true,"href":"https:\/\/www.europesays.com\/es\/wp-json\/wp\/v2\/media\/131144"}],"wp:attachment":[{"href":"https:\/\/www.europesays.com\/es\/wp-json\/wp\/v2\/media?parent=131143"}],"wp:term":[{"taxonomy":"category","embeddable":true,"href":"https:\/\/www.europesays.com\/es\/wp-json\/wp\/v2\/categories?post=131143"},{"taxonomy":"post_tag","embeddable":true,"href":"https:\/\/www.europesays.com\/es\/wp-json\/wp\/v2\/tags?post=131143"}],"curies":[{"name":"wp","href":"https:\/\/api.w.org\/{rel}","templated":true}]}}