{"id":131145,"date":"2025-09-22T05:59:08","date_gmt":"2025-09-22T05:59:08","guid":{"rendered":"https:\/\/www.europesays.com\/es\/131145\/"},"modified":"2025-09-22T05:59:08","modified_gmt":"2025-09-22T05:59:08","slug":"morder-al-poder-opinion","status":"publish","type":"post","link":"https:\/\/www.europesays.com\/es\/131145\/","title":{"rendered":"Morder al poder | Opini\u00f3n"},"content":{"rendered":"<p class=\"\">No falla. Los aprendices de tirano siempre encuentran una coartada para debilitar los contrapoderes que les estorban. Lo hemos vuelto a ver con <a href=\"https:\/\/elpais.com\/internacional\/2025-09-21\/brendan-carr-jimmy-kimmel-y-las-contradicciones-del-discurso-de-trump-sobre-la-libertad-de-expresion.html\" target=\"_self\" rel=\"nofollow noopener\" title=\"https:\/\/elpais.com\/internacional\/2025-09-21\/brendan-carr-jimmy-kimmel-y-las-contradicciones-del-discurso-de-trump-sobre-la-libertad-de-expresion.html\">el caso de Jimmy Kimmel,<\/a> quien aprovech\u00f3 el execrable asesinato de Charlie Kirk para hacer bromas \u00e1cidas y leg\u00edtimas contra el Gobierno estadounidense. No tard\u00f3 en llegar la respuesta: <a href=\"https:\/\/elpais.com\/internacional\/2025-09-19\/trump-emplea-el-asesinato-de-charlie-kirk-para-intensificar-sus-ataques-a-la-prensa-y-a-libertad-de-expresion.html\" target=\"_self\" rel=\"nofollow noopener\" title=\"https:\/\/elpais.com\/internacional\/2025-09-19\/trump-emplea-el-asesinato-de-charlie-kirk-para-intensificar-sus-ataques-a-la-prensa-y-a-libertad-de-expresion.html\">el presidente de la Comisi\u00f3n Federal de Comunicaciones amenaz\u00f3 con tomar medidas contra la cadena ABC<\/a> y, acto seguido, el programa del c\u00f3mico fue cancelado.<\/p>\n<p class=\"\">Algunos conservadores llevaban a\u00f1os lamentando la cultura de la cancelaci\u00f3n y celebraron euf\u00f3ricos haberle arrebatado el juguete al adversario. Si jugamos \u2014pensaron\u2014, jugamos todos. Al mismo tiempo, progresistas acostumbrados a ejercer de \u00e1rbitros de la correcci\u00f3n pol\u00edtica quedaron noqueados al ver c\u00f3mo sus propias estrategias se volv\u00edan en su contra. Tan incoherente es una postura como la otra. Aunque, por fortuna, un pu\u00f1ado de liberales afianzaron los talones en el mismo lugar de siempre: <a href=\"https:\/\/elpais.com\/opinion\/2025-09-19\/una-nueva-caza-de-brujas.html\" target=\"_self\" rel=\"nofollow noopener\" title=\"https:\/\/elpais.com\/opinion\/2025-09-19\/una-nueva-caza-de-brujas.html\">del lado de la libertad de expresi\u00f3n,<\/a> sobre todo para proteger la circulaci\u00f3n de aquellas ideas que puedan parecernos est\u00fapidas, desagradables o incluso indeseables.<\/p>\n<p class=\"\">Que un Gobierno maniobre para <a href=\"https:\/\/elpais.com\/television\/2025-09-21\/trump-contra-kimmel-cuando-la-censura-es-absoluta.html\" target=\"_self\" rel=\"nofollow noopener\" title=\"https:\/\/elpais.com\/television\/2025-09-21\/trump-contra-kimmel-cuando-la-censura-es-absoluta.html\">cesar a un comunicador en una cadena p\u00fablica o privada<\/a> no es nada nuevo ni ocurre solo en EE UU. No busquen en desiertos ni en monta\u00f1as lejanas, ni piensen que esa pr\u00e1ctica transversal pertenece a una ideolog\u00eda concreta. Voten a quien voten, su partido tambi\u00e9n lo ha hecho porque esta es una tentaci\u00f3n compartida. Es casi una forma de justicia po\u00e9tica el que toda concesi\u00f3n iliberal que aceptemos acabar\u00e1 utiliz\u00e1ndose en nuestra contra. <\/p>\n<p class=\"\">El poder, pol\u00edtico o financiero, excepcionalmente act\u00faa de forma tosca y grosera, pero suele ejercer con modos m\u00e1s discretos. Foucault lo describi\u00f3 con tino al hablar de la microf\u00edsica del poder. Hay mil maneras de ejercer una coerci\u00f3n sutil: a veces basta un incentivo publicitario; otras, un simple wasap ambiguo o una palmada en la espalda en el momento justo. El juego es tan viejo que lo conocemos todos.<\/p>\n<p class=\"\">All\u00ed donde haya un pol\u00edtico que se\u00f1ale a periodistas, un programa que admita contertulios sugeridos por un partido o un editor dispuesto a sonre\u00edr con complicidad servil al poder, se estar\u00e1 debilitando una garant\u00eda democr\u00e1tica esencial. Porque es un hecho: la calidad de una democracia est\u00e1 determinada por la independencia de sus contrapoderes; la de un medio, por su capacidad de desafiar a los propios; y la de un pensador o un periodista, por su disposici\u00f3n a morder la mano que le da de comer. <\/p>\n","protected":false},"excerpt":{"rendered":"No falla. Los aprendices de tirano siempre encuentran una coartada para debilitar los contrapoderes que les estorban. Lo&hellip;\n","protected":false},"author":2,"featured_media":128978,"comment_status":"","ping_status":"","sticky":false,"template":"","format":"standard","meta":{"footnotes":""},"categories":[171],"tags":[3374,37536,42029,4875,352,146,147,25,24,629,20754,40732,15698,2164,42030,1925,2151,4041,10758,23,214],"class_list":{"0":"post-131145","1":"post","2":"type-post","3":"status-publish","4":"format-standard","5":"has-post-thumbnail","7":"category-tv","8":"tag-censura","9":"tag-charlie-kirk","10":"tag-cultura-de-la-cancelacion","11":"tag-democracia","12":"tag-donald-trump","13":"tag-entertainment","14":"tag-entretenimiento","15":"tag-es","16":"tag-espana","17":"tag-estados-unidos","18":"tag-jimmy-kimmel","19":"tag-late-night","20":"tag-libertad-expresion","21":"tag-medios-comunicacion","22":"tag-medios-comunicacion-internacionales","23":"tag-opinion","24":"tag-periodismo","25":"tag-periodistas","26":"tag-presentadores-television","27":"tag-spain","28":"tag-tv"},"share_on_mastodon":{"url":"","error":""},"_links":{"self":[{"href":"https:\/\/www.europesays.com\/es\/wp-json\/wp\/v2\/posts\/131145","targetHints":{"allow":["GET"]}}],"collection":[{"href":"https:\/\/www.europesays.com\/es\/wp-json\/wp\/v2\/posts"}],"about":[{"href":"https:\/\/www.europesays.com\/es\/wp-json\/wp\/v2\/types\/post"}],"author":[{"embeddable":true,"href":"https:\/\/www.europesays.com\/es\/wp-json\/wp\/v2\/users\/2"}],"replies":[{"embeddable":true,"href":"https:\/\/www.europesays.com\/es\/wp-json\/wp\/v2\/comments?post=131145"}],"version-history":[{"count":0,"href":"https:\/\/www.europesays.com\/es\/wp-json\/wp\/v2\/posts\/131145\/revisions"}],"wp:featuredmedia":[{"embeddable":true,"href":"https:\/\/www.europesays.com\/es\/wp-json\/wp\/v2\/media\/128978"}],"wp:attachment":[{"href":"https:\/\/www.europesays.com\/es\/wp-json\/wp\/v2\/media?parent=131145"}],"wp:term":[{"taxonomy":"category","embeddable":true,"href":"https:\/\/www.europesays.com\/es\/wp-json\/wp\/v2\/categories?post=131145"},{"taxonomy":"post_tag","embeddable":true,"href":"https:\/\/www.europesays.com\/es\/wp-json\/wp\/v2\/tags?post=131145"}],"curies":[{"name":"wp","href":"https:\/\/api.w.org\/{rel}","templated":true}]}}