{"id":131152,"date":"2025-09-22T06:04:09","date_gmt":"2025-09-22T06:04:09","guid":{"rendered":"https:\/\/www.europesays.com\/es\/131152\/"},"modified":"2025-09-22T06:04:09","modified_gmt":"2025-09-22T06:04:09","slug":"el-partido-politico-que-ha-intentado-acabar-con-pablo-motos-y-el-hormiguero-van-a-por-ti","status":"publish","type":"post","link":"https:\/\/www.europesays.com\/es\/131152\/","title":{"rendered":"El partido pol\u00edtico que ha intentado acabar con Pablo Motos y \u2018El Hormiguero\u2019: \u201cVan a por ti\u201d"},"content":{"rendered":"<p class=\"\">El <b>despido de Jimmy Kimmel<\/b> en Estados Unidos, por unos comentarios del presentador sobre el <b>asesinato de Charlie Kirk<\/b>, se ha convertido en uno de los temas de debate de la \u00faltima semana.<\/p>\n<p class=\"\">Un tema sobre el que tambi\u00e9n han hablado en espacios espa\u00f1oles como <b>\u2018El Hormiguero\u2019<\/b>, donde <b>Pablo Motos<\/b>, acompa\u00f1ado de la mesa de actualidad, ha calificado esta noticia como<b> \u201cuna cosa grav\u00edsima para la libertad de expresi\u00f3n\u201d<\/b>.<\/p>\n<p class=\"\">Un acontecimiento en el que ha querido hablar desde su prisma, llegando a arremeter contra Donald Trump: \u201c<b>Se han cargado un show en Estados Unidos que es un show como el de \u2018El Hormiguero\u2019, que es el show de Jimmy Kimmel, por un chiste<\/b>. Y Donald Trump lleva ya tiempo a muerte a por los shows parecidos a \u2018El Hormiguero\u2019 en Estados Unidos\u201d.<\/p>\n<p class=\"\">En ese instante, <b>Cristina Pardo <\/b>ha querido incidir para se\u00f1alar que todo es parte de la cadena ABC, que es propiedad de Disney: \u201cPor lo visto, el organismo regulador estaba presionando con no renovarle la licencia. Lo graves es que Donald Trump salga en p\u00fablico a mentir, porque dice que se lo han cargado porque no ten\u00eda audiencia\u201d.<\/p>\n<p class=\"\">La presentadora de laSexta ha seguido opinando sobre este acto: \u201c<b>Es muy grave<\/b> que un mandatario como Donald Trump admita p\u00fablicamente que se ha cargado a un presentador y que va a por los que quedan\u201d.<\/p>\n<p class=\"\">\u201c<b>Aqu\u00ed en Espa\u00f1a tambi\u00e9n los pol\u00edticos presionan a los medios de comunicaci\u00f3n<\/b>, tambi\u00e9n les gustar\u00eda cargarse presentadores, tambi\u00e9n se habr\u00e1n cargado a alguno de las televisiones p\u00fablicas\u201d, ha a\u00f1adido, mientras se\u00f1alaba a Pablo Motos.<\/p>\n<p>La confesi\u00f3n de Pablo Motos<\/p>\n<p class=\"\">El presentador, entonces, ha revelado que tambi\u00e9n han intentado cancelarle de la televisi\u00f3n: \u201c<b>A m\u00ed se me ha intentado cargar, tanto desde el PP como desde el PSOE, en eso no hay una diferencia<\/b>\u201d.<\/p>\n<p class=\"\">Entonces, <b>Juan del Val<\/b> les ha secundado: \u201cEs verdad que <b>todos los dirigentes tienen la tentaci\u00f3n de intentar cargarse a los presentadores y a la gente que dice cosas inc\u00f3modas<\/b>. Es algo que no se hace de una manera tan expresa como hace Donald Trump, pero claro que se hace\u201d.<\/p>\n<p>Noticias relacionadas<a href=\"https:\/\/as.com\/tikitakas\/television\/de-convertirse-en-una-estrella-en-el-hormiguero-a-netflix-que-fue-del-abuelo-melquiades-iniesta-n\/\" class=\"s_m_w\" title=\"Se convirti\u00f3 en un ilustre nada m\u00e1s aparecer en el programa de Pablo Motos, y ahora incluso cuenta con un papel en \u2018Muertos S.L.\u2019.\" data-tb-link=\"\" rel=\"nofollow noopener\" target=\"_blank\"><img decoding=\"async\" src=\"https:\/\/www.europesays.com\/es\/wp-content\/uploads\/2025\/09\/TS6FQYTW7BBHPE5TJJBV3BNB64.png\" alt=\"De convertirse en una estrella en \u2018El Hormiguero\u2019, a Netflix: qu\u00e9 fue del abuelo Melqu\u00edades Iniesta\" class=\"\" height=\"1\" width=\"1\"   loading=\"lazy\" data-tb-thumbnail=\"\"\/><\/a><a href=\"https:\/\/as.com\/tikitakas\/famosos\/el-consejo-de-pablo-motos-para-la-vida-en-pareja-he-aprendido-a-callarme-la-boca-n\/\" class=\"s_m_w\" title=\"El presentador ha charlado con los actores Imanol Arias y Mar\u00eda Barranco sobre la obra de teatro \u2018Mejor no decirlo\u2019 y ha hablado de su vida \u00edntima.\" data-tb-link=\"\" rel=\"nofollow noopener\" target=\"_blank\"><img decoding=\"async\" src=\"https:\/\/www.europesays.com\/es\/wp-content\/uploads\/2025\/09\/1758521049_717_EITQ6HYIN5ASHKM4TH7X35626A.jpg\" alt=\"El consejo de Pablo Motos para la vida en pareja: \u201cHe aprendido a callarme la boca\u201d\" class=\"\" height=\"1\" width=\"1\"   loading=\"lazy\" data-tb-thumbnail=\"\"\/><\/a><\/p>\n<p class=\"\">\u201cLa cuesti\u00f3n no es poder decir lo que quieras,<b> en Espa\u00f1a se puede decir lo que quieras, el tema es lo que eso cuesta<\/b>. El precio es que van a por ti, de una manera o de otra. Te pueden hacer hasta una campa\u00f1a\u201d, ha a\u00f1adido el escritor.<\/p>\n<p class=\"\"><b>\u00a1Tus opiniones importan!<\/b> Comenta en los art\u00edculos y suscr\u00edbete gratis a nuestra <a href=\"https:\/\/asfan.as.com\/newsletters\/\" target=\"_blank\" rel=\"nofollow noopener\" title=\"https:\/\/asfan.as.com\/newsletters\/\">newsletter<\/a> y a las alertas informativas en la <a href=\"https:\/\/as.com\/aplicacion-de-as-n\/\" target=\"_blank\" rel=\"nofollow noopener\" title=\"https:\/\/as.com\/aplicacion-de-as-n\/\">App<\/a> o el canal de <a href=\"https:\/\/www.whatsapp.com\/channel\/0029VaAasdA7j6g745nz9M10\" target=\"_blank\" rel=\"nofollow noopener\" title=\"https:\/\/www.whatsapp.com\/channel\/0029VaAasdA7j6g745nz9M10\">WhatsApp<\/a>. \u00bfBuscas licenciar contenido? Haz clic <a href=\"https:\/\/profesional.elpais.com\/landing-sindicacion?utm_medium=interno&amp;utm_source=crosslinking&amp;utm_campaign=sindicacion_as_pie_articulos\" target=\"_blank\" rel=\"nofollow noopener\" title=\"https:\/\/profesional.elpais.com\/landing-sindicacion?utm_medium=interno&amp;utm_source=crosslinking&amp;utm_campaign=sindicacion_as_pie_articulos\">aqu\u00ed<\/a><\/p>\n","protected":false},"excerpt":{"rendered":"El despido de Jimmy Kimmel en Estados Unidos, por unos comentarios del presentador sobre el asesinato de Charlie&hellip;\n","protected":false},"author":2,"featured_media":76335,"comment_status":"","ping_status":"","sticky":false,"template":"","format":"standard","meta":{"footnotes":""},"categories":[91],"tags":[146,147,25,24,23],"class_list":{"0":"post-131152","1":"post","2":"type-post","3":"status-publish","4":"format-standard","5":"has-post-thumbnail","7":"category-entretenimiento","8":"tag-entertainment","9":"tag-entretenimiento","10":"tag-es","11":"tag-espana","12":"tag-spain"},"share_on_mastodon":{"url":"","error":""},"_links":{"self":[{"href":"https:\/\/www.europesays.com\/es\/wp-json\/wp\/v2\/posts\/131152","targetHints":{"allow":["GET"]}}],"collection":[{"href":"https:\/\/www.europesays.com\/es\/wp-json\/wp\/v2\/posts"}],"about":[{"href":"https:\/\/www.europesays.com\/es\/wp-json\/wp\/v2\/types\/post"}],"author":[{"embeddable":true,"href":"https:\/\/www.europesays.com\/es\/wp-json\/wp\/v2\/users\/2"}],"replies":[{"embeddable":true,"href":"https:\/\/www.europesays.com\/es\/wp-json\/wp\/v2\/comments?post=131152"}],"version-history":[{"count":0,"href":"https:\/\/www.europesays.com\/es\/wp-json\/wp\/v2\/posts\/131152\/revisions"}],"wp:featuredmedia":[{"embeddable":true,"href":"https:\/\/www.europesays.com\/es\/wp-json\/wp\/v2\/media\/76335"}],"wp:attachment":[{"href":"https:\/\/www.europesays.com\/es\/wp-json\/wp\/v2\/media?parent=131152"}],"wp:term":[{"taxonomy":"category","embeddable":true,"href":"https:\/\/www.europesays.com\/es\/wp-json\/wp\/v2\/categories?post=131152"},{"taxonomy":"post_tag","embeddable":true,"href":"https:\/\/www.europesays.com\/es\/wp-json\/wp\/v2\/tags?post=131152"}],"curies":[{"name":"wp","href":"https:\/\/api.w.org\/{rel}","templated":true}]}}