{"id":131153,"date":"2025-09-22T06:05:08","date_gmt":"2025-09-22T06:05:08","guid":{"rendered":"https:\/\/www.europesays.com\/es\/131153\/"},"modified":"2025-09-22T06:05:08","modified_gmt":"2025-09-22T06:05:08","slug":"el-sol-sorprendio-a-los-cientificos-de-la-nasa-con-un-aumento-continuo-en-su-actividad-durante-los-ultimos-anos","status":"publish","type":"post","link":"https:\/\/www.europesays.com\/es\/131153\/","title":{"rendered":"El Sol sorprendi\u00f3 a los cient\u00edficos de la NASA con un aumento continuo en su actividad durante los \u00faltimos a\u00f1os"},"content":{"rendered":"<p>El Sol y su actividad es un tema de especial inter\u00e9s para los expertos que vienen estudiando sus cambios y movimientos desde hace d\u00e9cadas. De hecho, se sabe que <strong><a href=\"https:\/\/noticiasambientales.com\/ciencia\/la-tierra-alcanzo-su-punto-mas-lejano-al-sol-el-afelio-de-2025-se-produjo-esta-semana\/\" rel=\"nofollow noopener\" target=\"_blank\">el Sol<\/a><\/strong> se volvi\u00f3 <strong>m\u00e1s activo<\/strong> desde el a\u00f1o 2008 gracias a un nuevo estudio realizado por la<strong> NASA<\/strong>.\u00a0<\/p>\n<p>Si bien ya hab\u00eda conocimiento de que la<strong> actividad solar<\/strong> fluct\u00faa en <strong>ciclos de 11 a\u00f1os<\/strong>, este nuevo informe revel\u00f3 que existen variaciones a largo plazo que pueden durar d\u00e9cadas. En este sentido, la<strong> baja cantidad de actividad solar<\/strong> que se dio entre la d\u00e9cada de <strong>1980 al 2008<\/strong>, a\u00f1o en el que se registr\u00f3 su nivel m\u00e1s bajo, y desconcert\u00f3 a los especialistas que esperaban que el sol entrar\u00e1 en un periodo de actividad hist\u00f3ricamente baja.\u00a0<\/p>\n<p>Sin embargo, el sol invirti\u00f3 su curso en ese momento y <strong>comenz\u00f3 a volverse m\u00e1s activo<\/strong>, seg\u00fan al art\u00edculo publicado en el sitio especializado <strong><a href=\"https:\/\/iopscience.iop.org\/journal\/2041-8205\" rel=\"nofollow noopener\" target=\"_blank\">The Astrophysical Journal Letter<\/a><\/strong>. De acuerdo con los investigadores, esta tendencia podr\u00eda ocasionar un repunte de <strong>fen\u00f3menos meteorol\u00f3gicos espaciales<\/strong> como las <strong>erupciones y tormentas solares<\/strong> o las eyecciones de masa coronal.\u00a0<\/p>\n<p>Estos fen\u00f3menos se vuelven importantes para la NASA, ya que pueden afectar a las naves espaciales, la seguridad de los astronautas, las comunicaciones por radio, el GPS y hasta las redes el\u00e9ctricas terrestres. Por estas razones, son rastreados por la NASA, que buscan comprender el <strong>entorno espacial<\/strong> para apoyar a las naves espaciales en su labor.\u00a0<\/p>\n<p><img fetchpriority=\"high\" decoding=\"async\" class=\" wp-image-116941\" src=\"https:\/\/www.europesays.com\/es\/wp-content\/uploads\/2025\/09\/actividad-solar-300x257.jpg.webp.webp\" alt=\"Un estudio de la NASA revel\u00f3 un aumento continuo de la actividad solar. Foto: Unsplash.\" width=\"826\" height=\"708\"\/>Un estudio de la NASA revel\u00f3 un aumento continuo de la actividad solar. Foto: Unsplash.<br \/>\nUna actividad que se observa desde la \u00e9poca de Galileo Galilei<\/p>\n<p>De acuerdo con los expertos, el registro m\u00e1s antiguo de la <strong>actividad solar<\/strong> comenz\u00f3 a principios del siglo XVII, con el trabajo de diferentes astr\u00f3nomos, entre ellos Galileo, quienes se encargaban de contar las manchas solares y documentar sus cambios. Estas manchas son regiones m\u00e1s fr\u00edas y oscuras de la superficie solar, producidas por la concentraci\u00f3n de l\u00edneas de <strong>campo magn\u00e9tico<\/strong>.\u00a0<\/p>\n<p>A su vez, las <strong>manchas solares<\/strong> tambi\u00e9n son asociadas con una mayor actividad solar, como las erupciones solares. Estas erupciones consisten en intensos estallidos de radiaci\u00f3n, mientras que las eyecciones de masa coronal son definidas como enormes burbujas de plasma que brotan de la <strong>superficie solar<\/strong> y se expanden por todo el <strong>sistema solar<\/strong>.\u00a0<\/p>\n<p>En cuanto a la actividad solar, los per\u00edodos de menor actividad ocurrieron <strong>entre 1645 y 1715<\/strong>, y luego de <strong>1790 y 1830<\/strong>, periodos que duraron cerca de unos 40 a\u00f1os. De acuerdo con los expertos, la tendencia a largo plazo, registrada en ambos periodos, a\u00fan siguen sin ser del todo comprensibles para la <strong>ciencia<\/strong>.\u00a0<\/p>\n<p><img loading=\"lazy\" decoding=\"async\" class=\" wp-image-116943\" src=\"https:\/\/www.europesays.com\/es\/wp-content\/uploads\/2025\/09\/actividad-solar-2-300x169.jpg.webp.webp\" alt=\"Un estudio de la NASA revel\u00f3 un aumento continuo de la actividad solar. Foto: Unsplash.\" width=\"845\" height=\"476\"\/>Un estudio de la NASA revel\u00f3 un aumento continuo de la actividad solar. Foto: Unsplash.<br \/>\n\u00bfPor qu\u00e9 es importante estudiar este fen\u00f3meno?<\/p>\n<p>La <strong>actividad solar<\/strong> influye directamente en la<strong> Tierra<\/strong>, desde el clima espacial hasta la estabilidad de las telecomunicaciones. Las <strong>erupciones solares y eyecciones de masa coronal<\/strong> pueden afectar sat\u00e9lites, sistemas de navegaci\u00f3n y redes el\u00e9ctricas, generando interrupciones a gran escala. Comprender estos fen\u00f3menos permite anticipar y reducir sus impactos.<\/p>\n<p>Adem\u00e1s, la <strong><a href=\"https:\/\/noticiasambientales.com\/ciencia\/la-nasa-confirma-que-el-sol-entro-en-su-maxima-actividad-en-este-ciclo\/\" rel=\"nofollow noopener\" target=\"_blank\">radiaci\u00f3n solar<\/a><\/strong> es la principal fuente de energ\u00eda para el planeta. Estudiar c\u00f3mo var\u00eda su intensidad y c\u00f3mo interact\u00faa con la <strong>atm\u00f3sfera terrestre<\/strong> es esencial para comprender <strong>patrones clim\u00e1ticos<\/strong> y proyectar cambios a largo plazo. As\u00ed, la<strong> investigaci\u00f3n solar<\/strong> se convierte en una herramienta clave frente al desaf\u00edo del cambio clim\u00e1tico.<\/p>\n<p>El conocimiento de la actividad solar tambi\u00e9n aporta al <strong>avance cient\u00edfico y tecnol\u00f3gico<\/strong>. Misiones espaciales y observatorios especializados generan datos que mejoran la predicci\u00f3n del <strong>clima espacial<\/strong> y fortalecen el desarrollo de nuevas tecnolog\u00edas. De esta manera, el estudio del Sol no solo protege infraestructuras cr\u00edticas, sino que impulsa la <strong>innovaci\u00f3n cient\u00edfica global<\/strong>.<\/p>\n","protected":false},"excerpt":{"rendered":"El Sol y su actividad es un tema de especial inter\u00e9s para los expertos que vienen estudiando sus&hellip;\n","protected":false},"author":2,"featured_media":131154,"comment_status":"","ping_status":"","sticky":false,"template":"","format":"standard","meta":{"footnotes":""},"categories":[81],"tags":[119,123,124,25,21512,24,1294,642,117,121,122,2829,23,118,120],"class_list":{"0":"post-131153","1":"post","2":"type-post","3":"status-publish","4":"format-standard","5":"has-post-thumbnail","7":"category-ciencia-y-tecnologia","8":"tag-ciencia","9":"tag-ciencia-y-tecnologia","10":"tag-cienciaytecnologia","11":"tag-es","12":"tag-espacio-exterior","13":"tag-espana","14":"tag-investigacion","15":"tag-nasa","16":"tag-science","17":"tag-science-and-technology","18":"tag-scienceandtechnology","19":"tag-sol","20":"tag-spain","21":"tag-technology","22":"tag-tecnologia"},"share_on_mastodon":{"url":"","error":""},"_links":{"self":[{"href":"https:\/\/www.europesays.com\/es\/wp-json\/wp\/v2\/posts\/131153","targetHints":{"allow":["GET"]}}],"collection":[{"href":"https:\/\/www.europesays.com\/es\/wp-json\/wp\/v2\/posts"}],"about":[{"href":"https:\/\/www.europesays.com\/es\/wp-json\/wp\/v2\/types\/post"}],"author":[{"embeddable":true,"href":"https:\/\/www.europesays.com\/es\/wp-json\/wp\/v2\/users\/2"}],"replies":[{"embeddable":true,"href":"https:\/\/www.europesays.com\/es\/wp-json\/wp\/v2\/comments?post=131153"}],"version-history":[{"count":0,"href":"https:\/\/www.europesays.com\/es\/wp-json\/wp\/v2\/posts\/131153\/revisions"}],"wp:featuredmedia":[{"embeddable":true,"href":"https:\/\/www.europesays.com\/es\/wp-json\/wp\/v2\/media\/131154"}],"wp:attachment":[{"href":"https:\/\/www.europesays.com\/es\/wp-json\/wp\/v2\/media?parent=131153"}],"wp:term":[{"taxonomy":"category","embeddable":true,"href":"https:\/\/www.europesays.com\/es\/wp-json\/wp\/v2\/categories?post=131153"},{"taxonomy":"post_tag","embeddable":true,"href":"https:\/\/www.europesays.com\/es\/wp-json\/wp\/v2\/tags?post=131153"}],"curies":[{"name":"wp","href":"https:\/\/api.w.org\/{rel}","templated":true}]}}