{"id":131155,"date":"2025-09-22T06:06:11","date_gmt":"2025-09-22T06:06:11","guid":{"rendered":"https:\/\/www.europesays.com\/es\/131155\/"},"modified":"2025-09-22T06:06:11","modified_gmt":"2025-09-22T06:06:11","slug":"bbva-mejora-un-10-la-opa-por-sabadell-y-evita-el-castigo-de-hacienda-a-los-accionistas","status":"publish","type":"post","link":"https:\/\/www.europesays.com\/es\/131155\/","title":{"rendered":"BBVA mejora un 10% la opa por Sabadell y evita el castigo de Hacienda a los accionistas"},"content":{"rendered":"\n<p> BBVA ha decidido mejorar la oferta por Banco Sabadell. La entidad presidida por Carlos Torres, que ten\u00eda hasta ma\u00f1ana para mejorar la opa si no ampliaba el periodo de aceptaci\u00f3n, ha comunicado al mercado este lunes la decisi\u00f3n de modificar el canje para incrementar la oferta en torno a un 10%, seg\u00fan el hecho relevante remitido a la Comisi\u00f3n Nacional del Mercado de Valores (CNMV). <\/p>\n<p> El nuevo canje propuesto es solo en acciones, con lo que se evita el castigo fiscal para los accionistas del Sabadell que decidieran acudir a la opa, porque ya no tendr\u00edan que tributar por las plusval\u00edas acumuladas. En concreto, el canje pasa de 5,5483 acciones del Sabadell por cada una de BBVA y 70 c\u00e9ntimos en efectivo, a ser una acci\u00f3n de BBVA por cada 4,8376 de Sabadell. <\/p>\n<p> El banco se\u00f1ala que el Consejo de Administraci\u00f3n ha decidido modificar las caracter\u00edsticas de la oferta, tanto en cuant\u00eda como en naturaleza, y que se ha tomado la decisi\u00f3n de renunciar a potenciales nuevas ofertas. El Consejo tambi\u00e9n ha rechazado ampliar el plazo de aceptaci\u00f3n una vez que se reanude cuando la CNMV d\u00e9 por buena la modificaci\u00f3n del canje. BBVA presentar\u00e1 este lunes la solicitud de autorizaci\u00f3n de la modificaci\u00f3n de la oferta, junto con el suplemento al folleto explicativo de la misma, y un informe de un experto independiente que acredita a mejora de la contraprestaci\u00f3n. <\/p>\n<p> El Consejo del Sabadell deber\u00e1 reunirse en los pr\u00f3ximos d\u00edas para valorar la nueva oferta y emitir una recomendaci\u00f3n para sus accionistas. Con la anterior oferta, el Consejo del banco catal\u00e1n, por unanimidad, recomend\u00f3 rechazarla, y emiti\u00f3 un informe muy cr\u00edtico con los c\u00e1lculos de BBVA que la sustentan. <\/p>\n<p> (AMPLIANDO) <\/p>\n<p> BBVA ha decidido mejorar la oferta por Banco Sabadell. La entidad presidida por Carlos Torres, que ten\u00eda hasta ma\u00f1ana para mejorar la opa si no ampliaba el periodo de aceptaci\u00f3n, ha comunicado al mercado este lunes la decisi\u00f3n de modificar el canje para incrementar la oferta en torno a un 10%, seg\u00fan el hecho relevante remitido a la Comisi\u00f3n Nacional del Mercado de Valores (CNMV). <\/p>\n","protected":false},"excerpt":{"rendered":"BBVA ha decidido mejorar la oferta por Banco Sabadell. La entidad presidida por Carlos Torres, que ten\u00eda hasta&hellip;\n","protected":false},"author":2,"featured_media":122298,"comment_status":"","ping_status":"","sticky":false,"template":"","format":"standard","meta":{"footnotes":""},"categories":[80],"tags":[82,95,94,25,24,23],"class_list":{"0":"post-131155","1":"post","2":"type-post","3":"status-publish","4":"format-standard","5":"has-post-thumbnail","7":"category-economia","8":"tag-business","9":"tag-economia","10":"tag-economy","11":"tag-es","12":"tag-espana","13":"tag-spain"},"share_on_mastodon":{"url":"","error":""},"_links":{"self":[{"href":"https:\/\/www.europesays.com\/es\/wp-json\/wp\/v2\/posts\/131155","targetHints":{"allow":["GET"]}}],"collection":[{"href":"https:\/\/www.europesays.com\/es\/wp-json\/wp\/v2\/posts"}],"about":[{"href":"https:\/\/www.europesays.com\/es\/wp-json\/wp\/v2\/types\/post"}],"author":[{"embeddable":true,"href":"https:\/\/www.europesays.com\/es\/wp-json\/wp\/v2\/users\/2"}],"replies":[{"embeddable":true,"href":"https:\/\/www.europesays.com\/es\/wp-json\/wp\/v2\/comments?post=131155"}],"version-history":[{"count":0,"href":"https:\/\/www.europesays.com\/es\/wp-json\/wp\/v2\/posts\/131155\/revisions"}],"wp:featuredmedia":[{"embeddable":true,"href":"https:\/\/www.europesays.com\/es\/wp-json\/wp\/v2\/media\/122298"}],"wp:attachment":[{"href":"https:\/\/www.europesays.com\/es\/wp-json\/wp\/v2\/media?parent=131155"}],"wp:term":[{"taxonomy":"category","embeddable":true,"href":"https:\/\/www.europesays.com\/es\/wp-json\/wp\/v2\/categories?post=131155"},{"taxonomy":"post_tag","embeddable":true,"href":"https:\/\/www.europesays.com\/es\/wp-json\/wp\/v2\/tags?post=131155"}],"curies":[{"name":"wp","href":"https:\/\/api.w.org\/{rel}","templated":true}]}}