{"id":131158,"date":"2025-09-22T06:08:20","date_gmt":"2025-09-22T06:08:20","guid":{"rendered":"https:\/\/www.europesays.com\/es\/131158\/"},"modified":"2025-09-22T06:08:20","modified_gmt":"2025-09-22T06:08:20","slug":"pedro-sanchez-acusa-a-aznar-de-ver-armas-de-destruccion-donde-no-existian-pero-no-la-barbarie-en-gaza","status":"publish","type":"post","link":"https:\/\/www.europesays.com\/es\/131158\/","title":{"rendered":"Pedro S\u00e1nchez acusa a Aznar de ver armas de destrucci\u00f3n donde no exist\u00edan pero no la \u201cbarbarie\u201d en Gaza"},"content":{"rendered":"<p>El presidente del Gobierno, Pedro S\u00e1nchez, respondi\u00f3 este domingo a las cr\u00edticas de Jos\u00e9 Mar\u00eda Aznar por su posici\u00f3n sobre Gaza e ironiz\u00f3 con que el expresidente del Gobierno \u201cve\u00eda armas de destrucci\u00f3n masiva donde no exist\u00edan y es incapaz de ver la barbarie que perpetra\u201d el presidente israel\u00ed Benjamin Netanyahu en Gaza. Lo dijo en su intervenci\u00f3n en la Festa de la Rosa, celebrada anualmente por el PSC en Gav\u00e0 (Barcelona), donde tambi\u00e9n intervinieron el presidente de la Generalitat, Salvador Illa; el alcalde de Barcelona, Jaume Collboni, y la alcaldesa de Gav\u00e0, Gemma Badia, y asisti\u00f3 el ministro de Industria y Turismo, Jordi Hereu, ante unas 15.000 personas seg\u00fan el PSC. S\u00e1nchez afirm\u00f3 que lo que la ciudadan\u00eda espera de Aznar son disculpas: \u201cDisculpas por su guerra de Irak, disculpas por su mentira con la guerra de Irak y tambi\u00e9n por el 11 de marzo\u201d, en referencia a los atentados de 2004 en Madrid.<\/p>\n<p>Considera vigente la estrategia del PP que, seg\u00fan \u00e9l, un d\u00eda expres\u00f3 el exministro de Hacienda del PP Crist\u00f3bal Montoro, ahora imputado por presuntamente beneficiar a empresas: \u201c\u2018Que caiga Espa\u00f1a, que ya vendremos nosotros a levantarla\u2019. \u00bfOs acord\u00e1is de que dijo eso? Bueno, ahora Montoro est\u00e1 preocupado por otras cosas, pero siguen con la misma estrategia\u201d. Adem\u00e1s, critic\u00f3 textualmente que los \u2018populares\u2019 aseguren que les duele Espa\u00f1a, que el pa\u00eds se rompe en Catalu\u00f1a, que vienen los inmigrantes, el colectivo LGTBI y los \u2018sanchistas\u2019, y a\u00f1adi\u00f3 que lo que realmente duele al PP es \u201cestar en la oposici\u00f3n\u201d. S\u00e1nchez afirm\u00f3 que la derecha tradicional est\u00e1 en un momento de \u201ccolapso pol\u00edtico e ideol\u00f3gico\u201d, lo que asegura que se empez\u00f3 a ver durante la crisis financiera, cuando rescataron a los bancos, subieron los impuestos a la clase media trabajadora, recortaron el Estado del Bienestar y aprobaron amnist\u00edas fiscales, dijo. \u201cSe han quedado solamente en el insulto. La derecha de hoy est\u00e1 instalada en el reino del insulto\u201d.<\/p>\n<p id=\"pvc_stats_10326559\" class=\"pvc_stats total_only  pvc_load_by_ajax_update\" data-element-id=\"10326559\" style=\"\"> <img loading=\"lazy\" class=\"lazy\" decoding=\"async\" width=\"16\" height=\"16\" alt=\"Loading\" src=\"https:\/\/www.europesays.com\/es\/wp-content\/uploads\/2025\/09\/ajax-loader-2x.gif\" border=\"0\"\/><\/p>\n<p> p:last-of-type {<br \/>\n\tdisplay: inline;<br \/>\n}<\/p>\n<p>.aioseo-author-bio-compact-right .aioseo-author-bio-compact-main .author-bio-link {<br \/>\n\tdisplay: inline-flex;<br \/>\n}<\/p>\n<p>.aioseo-author-bio-compact-right .aioseo-author-bio-compact-main .author-bio-link a {<br \/>\n\tdisplay: flex;<br \/>\n\talign-items: center;<br \/>\n}<\/p>\n<p>.aioseo-author-bio-compact-right .aioseo-author-bio-compact-main .author-bio-link a svg {<br \/>\n\tfill: black;<br \/>\n}<\/p>\n<p>.aioseo-author-bio-compact-right .aioseo-author-bio-compact-footer .author-expertises {<br \/>\n\tdisplay: flex;<br \/>\n\tflex-wrap: wrap;<br \/>\n\tgap: 10px;<br \/>\n}<\/p>\n<p>.aioseo-author-bio-compact-right .aioseo-author-bio-compact-footer .author-expertises .author-expertise {<br \/>\n\tpadding: 4px 8px;<\/p>\n<p>\tfont-size: 14px;<\/p>\n<p>\tborder-radius: 4px;<br \/>\n\tbackground-color: #DCDDE1;<br \/>\n\tcolor: inherit;<br \/>\n}<\/p>\n<p>.aioseo-author-bio-compact-right .aioseo-author-bio-compact-footer .author-socials {<br \/>\n\tmargin-top: 12px;<\/p>\n<p>\tdisplay: flex;<br \/>\n\tgap: 6px;<br \/>\n}<\/p>\n<p>.aioseo-author-bio-compact-right .aioseo-author-bio-compact-footer .author-socials .aioseo-social-icon-tumblrUrl {<br \/>\n\tmargin-left: -2px;<br \/>\n}<\/p>\n<p>.aioseo-author-bio-compact-site-editor-disclaimer {<br \/>\n\tcolor: black;<br \/>\n\tmargin-bottom: 12px;<br \/>\n\tfont-style: italic;<br \/>\n}<\/p>\n<p>@media screen and (max-width: 430px ) {<br \/>\n\t.aioseo-author-bio-compact {<br \/>\n\t\tflex-direction: column;<br \/>\n\t\tgap: 20px;<br \/>\n\t}<\/p>\n<p>\t.aioseo-author-bio-compact-left .aioseo-author-bio-compact-image {<br \/>\n\t\tdisplay: block;<br \/>\n\t\tmargin: 0 auto;<br \/>\n\t\twidth: 160px;<br \/>\n\t\theight: 160px;<br \/>\n\t}<\/p>\n<p>\t.aioseo-author-bio-compact-right {<br \/>\n\t\ttext-align: center;<br \/>\n\t}<\/p>\n<p>\t.aioseo-author-bio-compact-right .aioseo-author-bio-compact-header {<br \/>\n\t\tjustify-content: center;<br \/>\n\t}<\/p>\n<p>\t.aioseo-author-bio-compact-right .aioseo-author-bio-compact-footer .author-socials {<br \/>\n\t\tjustify-content: center;<br \/>\n\t}<br \/>\n}<br \/>\n]]><\/p>\n<p>\t\t\t<img decoding=\"async\" class=\"aioseo-author-bio-compact-image lazy\" src=\"https:\/\/www.europesays.com\/es\/wp-content\/uploads\/2025\/09\/dc69b908a162b1283e2e8938ce18d2b7d443a761baaa5a4d4f89ade55039b409\" alt=\"avatar de autor\"\/><\/p>\n","protected":false},"excerpt":{"rendered":"El presidente del Gobierno, Pedro S\u00e1nchez, respondi\u00f3 este domingo a las cr\u00edticas de Jos\u00e9 Mar\u00eda Aznar por su&hellip;\n","protected":false},"author":2,"featured_media":131159,"comment_status":"","ping_status":"","sticky":false,"template":"","format":"standard","meta":{"footnotes":""},"categories":[8],"tags":[17,18,25,24,13,14,11,19,20,9,10,15,16,23,12,21,22],"class_list":{"0":"post-131158","1":"post","2":"type-post","3":"status-publish","4":"format-standard","5":"has-post-thumbnail","7":"category-espana","8":"tag-breaking-news","9":"tag-breakingnews","10":"tag-es","11":"tag-espana","12":"tag-featured-news","13":"tag-featurednews","14":"tag-headlines","15":"tag-latest-news","16":"tag-latestnews","17":"tag-news","18":"tag-noticias","19":"tag-noticias-destacadas","20":"tag-noticiasdestacadas","21":"tag-spain","22":"tag-titulares","23":"tag-ultimas-noticias","24":"tag-ultimasnoticias"},"share_on_mastodon":{"url":"","error":""},"_links":{"self":[{"href":"https:\/\/www.europesays.com\/es\/wp-json\/wp\/v2\/posts\/131158","targetHints":{"allow":["GET"]}}],"collection":[{"href":"https:\/\/www.europesays.com\/es\/wp-json\/wp\/v2\/posts"}],"about":[{"href":"https:\/\/www.europesays.com\/es\/wp-json\/wp\/v2\/types\/post"}],"author":[{"embeddable":true,"href":"https:\/\/www.europesays.com\/es\/wp-json\/wp\/v2\/users\/2"}],"replies":[{"embeddable":true,"href":"https:\/\/www.europesays.com\/es\/wp-json\/wp\/v2\/comments?post=131158"}],"version-history":[{"count":0,"href":"https:\/\/www.europesays.com\/es\/wp-json\/wp\/v2\/posts\/131158\/revisions"}],"wp:featuredmedia":[{"embeddable":true,"href":"https:\/\/www.europesays.com\/es\/wp-json\/wp\/v2\/media\/131159"}],"wp:attachment":[{"href":"https:\/\/www.europesays.com\/es\/wp-json\/wp\/v2\/media?parent=131158"}],"wp:term":[{"taxonomy":"category","embeddable":true,"href":"https:\/\/www.europesays.com\/es\/wp-json\/wp\/v2\/categories?post=131158"},{"taxonomy":"post_tag","embeddable":true,"href":"https:\/\/www.europesays.com\/es\/wp-json\/wp\/v2\/tags?post=131158"}],"curies":[{"name":"wp","href":"https:\/\/api.w.org\/{rel}","templated":true}]}}