{"id":131160,"date":"2025-09-22T06:09:08","date_gmt":"2025-09-22T06:09:08","guid":{"rendered":"https:\/\/www.europesays.com\/es\/131160\/"},"modified":"2025-09-22T06:09:08","modified_gmt":"2025-09-22T06:09:08","slug":"cinco-comunidades-en-aviso-por-lluvias-y-tormentas","status":"publish","type":"post","link":"https:\/\/www.europesays.com\/es\/131160\/","title":{"rendered":"cinco comunidades en aviso por lluvias y tormentas"},"content":{"rendered":"<p>Parece que el abrigo y el paraguas han llegado para quedarse. Y es que la influencia de una vaguada atl\u00e1ntica en el extremo norte peninsular y la salida de un frente por el Mediterr\u00e1neo dejar\u00e1 lluvias en el <strong>norte, tercio oriental y Baleares <\/strong>este lunes. <\/p>\n<p>La Agencia Estatal de Meteorolog\u00eda (Aemet) ha activado avisos en el <strong>Principado de Asturias, Cantabria, Pa\u00eds Vasco, islas Baleares y Catalu\u00f1a <\/strong>por <strong>lluvias, fuertes tormentas y oleaje<\/strong>. Estas dos \u00faltimas estar\u00e1n en alerta hasta primeras horas de la ma\u00f1ana. <\/p>\n<p>En concreto, las lluvias ser\u00e1n las grandes protagonistas en el extremo norte, el nordeste peninsular y Baleares, sin descartarlos en el resto del tercio este. Estas podr\u00edan ser persistentes en el extremo norte, localmente fuertes en los litorales y con<strong> acumulados significativos en Asturias y Cantabria<\/strong>. As\u00ed mismo se esperan fuertes, incluso localmente muy fuertes, y acompa\u00f1adas de tormenta en el nordeste y en Baleares, remitiendo por la tarde. <\/p>\n<p>Mapa con la previsi\u00f3n del tiempo en la pen\u00ednsula e islas para el lunes 22 de septiembre.\u00a0TIEMPO TVE<\/p>\n<p>Se espera nubosidad baja matinal en el extremo norte peninsular y en Baleares, con probables bancos de niebla matinales, m\u00e1s persistentes en zonas de interior del Cant\u00e1brico. No se descarta<strong> por encima de 1800-2000 metros los primeros copos de nieve en los Pirineos<\/strong>. En Canarias, se prev\u00e9n intervalos nubosos con alg\u00fan chubasco d\u00e9bil en las islas monta\u00f1osas.<\/p>\n<p>Contin\u00faa el descenso generalizado en los term\u00f3metros <\/p>\n<p>Durante la jornada, el descenso generalizado de las temperaturas ser\u00e1 cada vez m\u00e1s evidente. En el caso de las m\u00e1ximas, ser\u00e1 notable en zonas de la<strong> Ib\u00e9rica sur y localmente en La Mancha<\/strong>, mientras que en litorales del noroeste y alto Ebro no se esperan cambios. Podr\u00edan darse heladas d\u00e9biles en el Pirineo y en cumbres de otras monta\u00f1as de la mitad norte.<\/p>\n<p>Soplar\u00e1n vientos moderados de componentes oeste y norte, con intervalos de fuerte y probables rachas muy fuertes de cierzo en el bajo Ebro y de tramontana en Ampurd\u00e1n. Tambi\u00e9n se esperan intervalos de fuerte en litorales del Cant\u00e1brico. Al final del d\u00eda rolar\u00e1 a nordeste. Se prev\u00e9 poniente moderado en Estrecho y Albor\u00e1n. En Canarias, soplar\u00e1 un alisio moderado con intervalos de fuerte en zonas expuestas.<\/p>\n<p>Pron\u00f3stico para los pr\u00f3ximos d\u00edas<\/p>\n<p>Se espera que las altas presiones del Atl\u00e1ntico se extiendan a la pen\u00ednsula, dejando cierta <strong>estabilidad <\/strong>durante el <strong>martes<\/strong>. No obstante, las<strong> lluvias permanecer\u00e1n en el \u00e1rea mediterr\u00e1nea <\/strong>por la presencia de una dana en el suroeste de Francia. Estas podr\u00edan ser m\u00e1s persistentes en los litorales, y en el este peninsular y Baleares, donde se esperan chubascos y tormentas localmente fuertes en el norte de Baleares y en litorales y zonas pr\u00f3ximas de Catalu\u00f1a y no se descarta que tambi\u00e9n en \u00e1reas del extremo sureste. En Canarias, se prev\u00e9n intervalos nubosos con alg\u00fan chubasco d\u00e9bil en las islas monta\u00f1osas. <\/p>\n<p>Podr\u00edan darse <strong>ligeros descensos de las m\u00e1ximas en la vertiente mediterr\u00e1nea<\/strong>, siendo m\u00e1s acusados en zonas del litoral, y en los archipi\u00e9lagos. En el resto predominar\u00e1n ligeros ascensos, m\u00e1s intensos en Galicia y Cordillera Cant\u00e1brica occidental. Las m\u00ednimas seguir\u00e1n en ligero descenso en todo el pa\u00eds, excepto en el oeste de la meseta, alto Ebro y norte de la Ib\u00e9rica, donde se esperan ligeros ascensos. Podr\u00edan darse tambi\u00e9n heladas d\u00e9biles en el Pirineo y en cumbres de otras monta\u00f1as de la mitad norte.<\/p>\n<p>Durante la jornada del <strong>mi\u00e9rcoles<\/strong>, se espera que la dana se desplace hacia el sureste de Francia y la llegada de una vaguada por el oeste deje lluvias en el Cant\u00e1brico oriental, siendo m\u00e1s persistentes en litorales. Tambi\u00e9n se esperan chubascos en <strong>Catalu\u00f1a, extremo este, sureste peninsular, litorales occidentales de Albor\u00e1n y Baleares. <\/strong>Las islas Canarias tendr\u00e1n una jornada pasada por agua solo en las m\u00e1s monta\u00f1osas.  En Canarias intervalos nubosos con alg\u00fan chubasco d\u00e9bil en las islas monta\u00f1osas.<\/p>\n<p>Las m\u00e1ximas ir\u00e1n en ligero descenso en la fachada mediterr\u00e1nea, depresiones del noreste y Canarias y en ligero o moderado ascenso en el resto. Por otro lado, las m\u00ednimas descender\u00e1n en el cuadrante noreste y norte peninsular as\u00ed como en los archipi\u00e9lagos, mientras que en el resto se esperan ascensos ligeros o moderados. Tambi\u00e9n podr\u00edan darse heladas d\u00e9biles en el Pirineo y en cumbres de otras monta\u00f1as de la mitad norte.<\/p>\n<p>*Sigue las \u00faltimas noticias sobre El tiempo y la previsi\u00f3n meteorol\u00f3gica en <a href=\"https:\/\/www.rtve.es\/\" target=\"_blank\" rel=\"nofollow noopener\">RTVE.es\/Noticias<\/a><\/p>\n","protected":false},"excerpt":{"rendered":"Parece que el abrigo y el paraguas han llegado para quedarse. Y es que la influencia de una&hellip;\n","protected":false},"author":2,"featured_media":131161,"comment_status":"","ping_status":"","sticky":false,"template":"","format":"standard","meta":{"footnotes":""},"categories":[5],"tags":[17,18,25,24,13,14,11,19,20,9,10,15,16,23,12,21,22],"class_list":{"0":"post-131160","1":"post","2":"type-post","3":"status-publish","4":"format-standard","5":"has-post-thumbnail","7":"category-titulares","8":"tag-breaking-news","9":"tag-breakingnews","10":"tag-es","11":"tag-espana","12":"tag-featured-news","13":"tag-featurednews","14":"tag-headlines","15":"tag-latest-news","16":"tag-latestnews","17":"tag-news","18":"tag-noticias","19":"tag-noticias-destacadas","20":"tag-noticiasdestacadas","21":"tag-spain","22":"tag-titulares","23":"tag-ultimas-noticias","24":"tag-ultimasnoticias"},"share_on_mastodon":{"url":"","error":""},"_links":{"self":[{"href":"https:\/\/www.europesays.com\/es\/wp-json\/wp\/v2\/posts\/131160","targetHints":{"allow":["GET"]}}],"collection":[{"href":"https:\/\/www.europesays.com\/es\/wp-json\/wp\/v2\/posts"}],"about":[{"href":"https:\/\/www.europesays.com\/es\/wp-json\/wp\/v2\/types\/post"}],"author":[{"embeddable":true,"href":"https:\/\/www.europesays.com\/es\/wp-json\/wp\/v2\/users\/2"}],"replies":[{"embeddable":true,"href":"https:\/\/www.europesays.com\/es\/wp-json\/wp\/v2\/comments?post=131160"}],"version-history":[{"count":0,"href":"https:\/\/www.europesays.com\/es\/wp-json\/wp\/v2\/posts\/131160\/revisions"}],"wp:featuredmedia":[{"embeddable":true,"href":"https:\/\/www.europesays.com\/es\/wp-json\/wp\/v2\/media\/131161"}],"wp:attachment":[{"href":"https:\/\/www.europesays.com\/es\/wp-json\/wp\/v2\/media?parent=131160"}],"wp:term":[{"taxonomy":"category","embeddable":true,"href":"https:\/\/www.europesays.com\/es\/wp-json\/wp\/v2\/categories?post=131160"},{"taxonomy":"post_tag","embeddable":true,"href":"https:\/\/www.europesays.com\/es\/wp-json\/wp\/v2\/tags?post=131160"}],"curies":[{"name":"wp","href":"https:\/\/api.w.org\/{rel}","templated":true}]}}