{"id":131164,"date":"2025-09-22T06:11:08","date_gmt":"2025-09-22T06:11:08","guid":{"rendered":"https:\/\/www.europesays.com\/es\/131164\/"},"modified":"2025-09-22T06:11:08","modified_gmt":"2025-09-22T06:11:08","slug":"dialogos-ilustres","status":"publish","type":"post","link":"https:\/\/www.europesays.com\/es\/131164\/","title":{"rendered":"Di\u00e1logos ilustres"},"content":{"rendered":"<p class=\"article-body__text article-body__text--entry article-body__text-middle\">\n        Mejor en la mesa que en ning\u00fan otro sitio para hablar. Solo que la tabla de di\u00e1logo de ETB2 es m\u00e1s alargada y los comensales se sit\u00faan frente a frente, sin cercan\u00eda. El nuevo espacio El otro lado de la mesa tiene el sentido de confrontarse sin negarse, al contrario que los pol\u00edticos incapaces de dialogar. Presentado por Garc\u00eda Ramsden, se limita a establecer el escenario de la charla en un sobrio restaurante y a hacer preguntas provocadoras para que la conversaci\u00f3n no se disperse. Tres temas para tres parejas. En la primera noche tauromaquia, cirug\u00eda est\u00e9tica y eutanasia. De las corridas de toros se ha dicho y redicho todo, pero es inagotable y, al final, queda la pat\u00e9tica apelaci\u00f3n de los taurinos a su libertad de gusto y la tradici\u00f3n festiva. Asier intent\u00f3 convencer y Raquel se puso a la defensiva con lo mucho que ama a los animales (\u00a1hay amores que matan, literalmente!) y afirmando que no hay maltrato animal, lo mismo que la atolondrada Maril\u00f3 Montero le dijo a Broncano en La Revuelta. \u00a1M\u00e1s corn\u00e1s da el fascismo! Lo de la cirug\u00eda pl\u00e1stica es asunto patol\u00f3gico, de lo que Tania dej\u00f3 constancia ante Guiomar al reconocer sus polioperaciones de orejas, nariz, labios, tetas y culo, a lo Kardashian. Y el di\u00e1logo subi\u00f3 a las alturas con la dram\u00e1tica cuesti\u00f3n de la eutanasia legal. Juanjo, en una noche excepcional de amor y humanidad, defendi\u00f3 esta compasiva salida para su esposa, enferma de ELA, a la que se opuso Itxaro. \u00bfC\u00f3mo una se\u00f1ora del Opus Dei puede entender el concepto de eutanasia si la vida para ella est\u00e1 en manos de su Dios? Solo acert\u00f3 a callarse, menos mal, y balbucear algo sobre lo sagrado de la vida. El formato deber\u00eda ser m\u00e1s audaz para evitar los di\u00e1logos artificiales y aceptar que haya gente \u2013m\u00e1s aut\u00e9ntica\u2013 que se levante y abandone la cena.<\/p>\n","protected":false},"excerpt":{"rendered":"Mejor en la mesa que en ning\u00fan otro sitio para hablar. Solo que la tabla de di\u00e1logo de&hellip;\n","protected":false},"author":2,"featured_media":131165,"comment_status":"","ping_status":"","sticky":false,"template":"","format":"standard","meta":{"footnotes":""},"categories":[277],"tags":[373,168,42031,25,24,13868,23,167,374],"class_list":{"0":"post-131164","1":"post","2":"type-post","3":"status-publish","4":"format-standard","5":"has-post-thumbnail","7":"category-toreo","8":"tag-bullfighting","9":"tag-deportes","10":"tag-dialogos","11":"tag-es","12":"tag-espana","13":"tag-ilustres","14":"tag-spain","15":"tag-sports","16":"tag-toreo"},"share_on_mastodon":{"url":"","error":""},"_links":{"self":[{"href":"https:\/\/www.europesays.com\/es\/wp-json\/wp\/v2\/posts\/131164","targetHints":{"allow":["GET"]}}],"collection":[{"href":"https:\/\/www.europesays.com\/es\/wp-json\/wp\/v2\/posts"}],"about":[{"href":"https:\/\/www.europesays.com\/es\/wp-json\/wp\/v2\/types\/post"}],"author":[{"embeddable":true,"href":"https:\/\/www.europesays.com\/es\/wp-json\/wp\/v2\/users\/2"}],"replies":[{"embeddable":true,"href":"https:\/\/www.europesays.com\/es\/wp-json\/wp\/v2\/comments?post=131164"}],"version-history":[{"count":0,"href":"https:\/\/www.europesays.com\/es\/wp-json\/wp\/v2\/posts\/131164\/revisions"}],"wp:featuredmedia":[{"embeddable":true,"href":"https:\/\/www.europesays.com\/es\/wp-json\/wp\/v2\/media\/131165"}],"wp:attachment":[{"href":"https:\/\/www.europesays.com\/es\/wp-json\/wp\/v2\/media?parent=131164"}],"wp:term":[{"taxonomy":"category","embeddable":true,"href":"https:\/\/www.europesays.com\/es\/wp-json\/wp\/v2\/categories?post=131164"},{"taxonomy":"post_tag","embeddable":true,"href":"https:\/\/www.europesays.com\/es\/wp-json\/wp\/v2\/tags?post=131164"}],"curies":[{"name":"wp","href":"https:\/\/api.w.org\/{rel}","templated":true}]}}