{"id":131168,"date":"2025-09-22T06:17:10","date_gmt":"2025-09-22T06:17:10","guid":{"rendered":"https:\/\/www.europesays.com\/es\/131168\/"},"modified":"2025-09-22T06:17:10","modified_gmt":"2025-09-22T06:17:10","slug":"el-cb-zamora-oficializa-el-regreso-de-toni-naspler","status":"publish","type":"post","link":"https:\/\/www.europesays.com\/es\/131168\/","title":{"rendered":"El CB Zamora oficializa el regreso de Toni Naspler"},"content":{"rendered":"<p class=\"paragraph-atom &#10;        A-500-300-700-N A-550-300-700-N--md  \">El CB Zamora ha oficializado en la tarde de este domingo el regreso de uno de los art\u00edfices del ascenso, en concreto, se trata de Toni Naspler. El base catal\u00e1n, reci\u00e9n desvinculado del BAXI Manresa de ACB, firma con el Caja Rural CB Zamora y estar\u00e1 disponible para la primera jornada de Liga Regular<\/p>\n<p class=\"paragraph-atom &#10;        A-500-300-700-N A-550-300-700-N--md  \">El Caja Rural CB Zamora anuncia la incorporaci\u00f3n inmediata de Tony Naspler (Manresa, 11\/07\/2003), base de 1,97 m. El jugador llega plenamente recuperado de sus recientes molestias f\u00edsicas y se pondr\u00e1 a las \u00f3rdenes de Sa\u00falo Hern\u00e1ndez. Su retorno era un movimiento muy esperado por la afici\u00f3n y por el cuerpo t\u00e9cnico, que considera a Naspler una pieza de confianza dentro del sistema. Naspler llega tras varias semanas a pleno rendimiento en din\u00e1mica profesional.<\/p>\n<p class=\"paragraph-atom &#10;        A-500-300-700-N A-550-300-700-N--md  \">La llegada de Naspler se produce a las puertas del inicio de la Primera FEB 2025\/26, con el debut del equipo este s\u00e1bado 27 de septiembre en la pista del Grupo Alega Cantabria.<\/p>\n<p class=\"paragraph-atom &#10;        A-500-300-700-N A-550-300-700-N--md  \">De confirmarse su ritmo competitivo, podr\u00eda debutar ya con el primer equipo y, en cualquier caso, el p\u00fablico zamorano podr\u00e1 verle en acci\u00f3n en el \u00c1ngel Nieto el s\u00e1bado 4 de octubre, en el estreno como locales en la visita del Grupo Tizona Burgos (17:30).<\/p>\n<p class=\"paragraph-atom &#10;        A-500-300-700-N A-550-300-700-N--md  \">Formado en la cantera del <strong>B\u00e0squet Manresa<\/strong>, donde firm\u00f3 su primer contrato profesional en 2021, Naspler creci\u00f3 deportivamente en posiciones interiores antes de reconducir su juego a la direcci\u00f3n desde la posici\u00f3n de <strong>base<\/strong>.<\/p>\n<ul class=\"list-atom ul  left left\">\n<li class=\"&#10;                   &#10;                   &#10;                   color-bWBlack\">\n            <strong>2020\/21 \u2013 Liga EBA (CB Art\u00e9s):<\/strong> 6 partidos; 12:12 min; 2,5 pts; 2,0 reb; 1,3 ast; 0,7 rob.\n        <\/li>\n<li class=\"&#10;                   &#10;                   &#10;                   color-bWBlack\">\n            <strong>2021\/22 \u2013 Zentro Basket Madrid (LEB Plata, cedido por BAXI Manresa):<\/strong> 25 partidos; 23:48 min; 6,0 pts; 3,4 reb; 4,3 ast; 1,6 rob; 8,5 val.\n        <\/li>\n<li class=\"&#10;                   &#10;                   &#10;                   color-bWBlack\">\n            En esa misma temporada <strong>debut\u00f3 en ACB<\/strong> con BAXI Manresa (5 partidos; 14:58 min; 3,6 pts; 55,6% T2; 1,2 reb; 2,4 ast; 0,8 rob).\n        <\/li>\n<li class=\"&#10;                   &#10;                   &#10;                   color-bWBlack\">\n            <strong>2022\u20132025 \u2013 CB Zamora (dos cursos en LEB Plata y uno en Primera FEB):<\/strong> 101 partidos; 2.383 minutos (23:36 de media); 641 pts (6,3); 334 reb (3,3); 453 ast (4,5); 132 rob (1,3); +415 en +\/- y 938 de valoraci\u00f3n.\n        <\/li>\n<\/ul>\n<p class=\"paragraph-atom &#10;        A-500-300-700-N A-550-300-700-N--md  \">Con el CB Zamora firm\u00f3 hitos relevantes: <strong>m\u00e1ximo asistente hist\u00f3rico del club en LEB Plata (313)<\/strong>; <strong>r\u00e9cord de asistencias en una final de Copa LEB Plata (10)<\/strong>; <strong>r\u00e9cord de asistencias en un partido del CB Zamora (12)<\/strong>; y <strong>mejor porcentaje en triples de la LEB Plata 2023\/24 (55,8%; 24\/43 en liga regular)<\/strong>. En el plano internacional, ha sido habitual en la <strong>selecci\u00f3n espa\u00f1ola de formaci\u00f3n (U13\u2013U20)<\/strong>, campe\u00f3n de Europa <strong>U16 (2019)<\/strong> y participante en la <strong>Basketball Champions League<\/strong> con BAXI Manresa (2022)<\/p>\n","protected":false},"excerpt":{"rendered":"El CB Zamora ha oficializado en la tarde de este domingo el regreso de uno de los art\u00edfices&hellip;\n","protected":false},"author":2,"featured_media":131169,"comment_status":"","ping_status":"","sticky":false,"template":"","format":"standard","meta":{"footnotes":""},"categories":[269],"tags":[299,298,2609,168,25,24,42032,2596,23,167,19182,2946],"class_list":{"0":"post-131168","1":"post","2":"type-post","3":"status-publish","4":"format-standard","5":"has-post-thumbnail","7":"category-baloncesto","8":"tag-baloncesto","9":"tag-basketball","10":"tag-cb","11":"tag-deportes","12":"tag-es","13":"tag-espana","14":"tag-oficializa","15":"tag-regreso","16":"tag-spain","17":"tag-sports","18":"tag-toni","19":"tag-zamora"},"share_on_mastodon":{"url":"","error":""},"_links":{"self":[{"href":"https:\/\/www.europesays.com\/es\/wp-json\/wp\/v2\/posts\/131168","targetHints":{"allow":["GET"]}}],"collection":[{"href":"https:\/\/www.europesays.com\/es\/wp-json\/wp\/v2\/posts"}],"about":[{"href":"https:\/\/www.europesays.com\/es\/wp-json\/wp\/v2\/types\/post"}],"author":[{"embeddable":true,"href":"https:\/\/www.europesays.com\/es\/wp-json\/wp\/v2\/users\/2"}],"replies":[{"embeddable":true,"href":"https:\/\/www.europesays.com\/es\/wp-json\/wp\/v2\/comments?post=131168"}],"version-history":[{"count":0,"href":"https:\/\/www.europesays.com\/es\/wp-json\/wp\/v2\/posts\/131168\/revisions"}],"wp:featuredmedia":[{"embeddable":true,"href":"https:\/\/www.europesays.com\/es\/wp-json\/wp\/v2\/media\/131169"}],"wp:attachment":[{"href":"https:\/\/www.europesays.com\/es\/wp-json\/wp\/v2\/media?parent=131168"}],"wp:term":[{"taxonomy":"category","embeddable":true,"href":"https:\/\/www.europesays.com\/es\/wp-json\/wp\/v2\/categories?post=131168"},{"taxonomy":"post_tag","embeddable":true,"href":"https:\/\/www.europesays.com\/es\/wp-json\/wp\/v2\/tags?post=131168"}],"curies":[{"name":"wp","href":"https:\/\/api.w.org\/{rel}","templated":true}]}}