{"id":131170,"date":"2025-09-22T06:18:09","date_gmt":"2025-09-22T06:18:09","guid":{"rendered":"https:\/\/www.europesays.com\/es\/131170\/"},"modified":"2025-09-22T06:18:09","modified_gmt":"2025-09-22T06:18:09","slug":"1-1-leo-roman-y-muriqi-desvian-el-camino-de-redencion-del-atletico","status":"publish","type":"post","link":"https:\/\/www.europesays.com\/es\/131170\/","title":{"rendered":"(1-1). Leo Rom\u00e1n y Muriqi desv\u00edan el camino de redenci\u00f3n del Atl\u00e9tico"},"content":{"rendered":"<p data-gtm-element-container=\"modulo-texto-link\" class=\"paragraph\">En la previa del partido en <strong>Son Moix<\/strong>, <strong>Diego Pablo Simeone<\/strong>, hab\u00eda desgranado las l\u00edneas generales que deb\u00eda seguir el <strong>Atl\u00e9tico de Madrid <\/strong>para despegar, definitivamente, en un inicio de temporada muy mediocre. S\u00f3lo una victoria en cinco partidos, tres empates, una derrota. M\u00e1s otra en la <strong>Champions<\/strong>. Precisamente el partido de <strong>Liverpool <\/strong>hab\u00eda sido el ejemplo que hab\u00eda usado el <strong>Cholo <\/strong>para se\u00f1alar la senda a seguir.\u00a0\u00a0\u00abEl camino es el que atravesamos el otro d\u00eda, pero saliendo m\u00e1s centrado, competir, mejorar la parcela defensiva, ser m\u00e1s contundentes y crecer individualmente para que el colectivo sea mejor\u00bb, hab\u00eda comentado.<\/p>\n<p>[+] Mira el resumen en datos del partido:<\/p>\n<p>            <img decoding=\"async\" alt=\"(1-1). Leo Rom\u00e1n y Muriqi desv\u00edan el camino de redenci\u00f3n del Atl\u00e9tico\" heigth=\"3000\" width=\"544\" src=\"https:\/\/www.europesays.com\/es\/wp-content\/uploads\/2025\/09\/68d02a1fe2957.jpeg\" class=\"lazy\"\/><\/p>\n<p>                 Video<\/p>\n<p class=\"caption-title video-caption-title \">Empate a uno entre Mallorca y Atl\u00e9tico en Son Moix<\/p>\n<p>            <video data-source=\"jwplatform\" video-id=\"CVGTg6kJ\"\/><\/p>\n<p data-gtm-element-container=\"modulo-texto-link\" class=\"paragraph\">\u00bfSe cumpli\u00f3? A medias. El <strong>Atl\u00e9tico <\/strong>sali\u00f3 m\u00e1s centrado, gener\u00f3 un mont\u00f3n de ocasiones, pero no tuvo contundencia ni ofensiva -12 remates y un penalti fallado-; ni defensiva -volvi\u00f3 a encajar y en seis partidos en este curso, s\u00f3lo ha dejado de recibir goles en uno-. Y en lo de crecer individualmente, todav\u00eda falta. No ayuda que jugadores como <strong>Sorloth <\/strong>dejasen al equipo en inferioridad num\u00e9rica en una acci\u00f3n evitable. Tampoco que los delanteros est\u00e9n secos en este arranque de curso. Y por supuesto, uno puede tener claro el camino a seguir, pero si en \u00e9l te encuentras una piedra del tama\u00f1o del\u00a0<strong>Monte Rushmore<\/strong>, con la cara cincelada de <strong>Leo Rom\u00e1n<\/strong>, pues no hay mucho m\u00e1s de lo que hablar. Partidazo del portero local -seis paradas, una de ellas la del penalti-. La recuperaci\u00f3n colchonera tendr\u00e1 que esperar.\u00a0<\/p>\n<p data-gtm-element-container=\"modulo-texto-link\" class=\"paragraph\">Arranc\u00f3 el <strong>Atl\u00e9tico de Madrid <\/strong>con las ideas claras, queriendo ser el protagonista del partido, un equipo que, a diferencia de lo que hab\u00eda sucedido hace unos d\u00edas en <strong>Anfield Road<\/strong>, ante el <strong>Liverpool<\/strong>, no saliese desconectado del encuentro, para encontrarse por debajo en el marcador a las primeras de cambio.<\/p>\n<p>        Lee tambi\u00e9n<\/p>\n<p>    Javier G. G\u00f3mara<\/p>\n<p>             <img loading=\"lazy\" decoding=\"async\" data-full-src=\"https:\/\/www.mundodeportivo.com\/uploads\/2025\/09\/21\/68d01718ee7bd.jpeg\" alt=\"Horizontal\" width=\"334\" height=\"164\" src=\"https:\/\/www.europesays.com\/es\/wp-content\/uploads\/2025\/09\/68d01718ee7bd.r_d.1549-1033.jpeg\" class=\"lazy\"\/><\/p>\n<p data-gtm-element-container=\"modulo-texto-link\" class=\"paragraph\">Una de las noticias del once era la presencia de un <strong>Raspadori<\/strong>, que arrancaba las hostilidades. Un saque de esquina que intent\u00f3 cerrar al m\u00e1ximo, qui\u00e9n sabe si queriendo sorprender con un gol ol\u00edmpico, casi sorprend\u00eda a <strong>Leo Rom\u00e1n<\/strong>, que ten\u00eda que hacer un extra\u00f1o para enviarlo fuera.<\/p>\n<p>                     Galer\u00eda<\/p>\n<p>                <img loading=\"lazy\" decoding=\"async\" data-full-src=\"https:\/\/www.mundodeportivo.com\/uploads\/2025\/09\/21\/68d01bba7871c.jpeg\" alt=\"Horizontal\" src=\"https:\/\/www.europesays.com\/es\/wp-content\/uploads\/2025\/09\/68d01bba7871c.jpeg\" class=\"lazy\" width=\"449\" height=\"299\"\/><\/p>\n<p>                    <a class=\"caption-title \" href=\"https:\/\/www.mundodeportivo.com\/futbol\/laliga\/20250921\/1002536311\/mallorca-atletico-imagenes.html\" rel=\"nofollow noopener\" target=\"_blank\">Mallorca &#8211; Atl\u00e9tico, en im\u00e1genes<\/a><\/p>\n<p>                    CATI CLADERA \/ EFE<\/p>\n<p data-gtm-element-container=\"modulo-texto-link\" class=\"paragraph\">El meta local, que fue una de las opciones que el <strong>Atl\u00e9tico <\/strong>tante\u00f3 este pasado verano, cuando parec\u00eda que lo de <strong>Juan Musso<\/strong> no se iba a hacer, era el que manten\u00eda a los de <strong>Arrasate <\/strong>en el partido en los primeros 15 minutos. Lo demostraba en las siguientes acciones, un disparo de <strong>Barrios <\/strong>desde fuera del \u00e1rea que tocaba lo justo para que, entre \u00e9l y el palo, la cosa no fuera a mayores.<\/p>\n<p data-gtm-element-container=\"modulo-texto-link\" class=\"paragraph\">Pero sobre todo a los 12 minutos, en una acci\u00f3n que podr\u00eda haber cambiado el destino del partido. Jugada por la izquierda del ataque colchonero, que terminaba con un <strong>Nico Gonz\u00e1le<\/strong>z sirvi\u00e9ndole el bal\u00f3n a <strong>Hancko<\/strong>, que se ve\u00eda con todo el panorama libre para sacarse un chutazo a bocajarro. <strong>Ra\u00edllo <\/strong>se lanzaba para evitarlo, pero el bal\u00f3n le impactaba en el brazo, claramente, cuando se dirig\u00eda a la porter\u00eda de <strong>Leo Rom\u00e1n<\/strong>. Penalti, por m\u00e1s que el central, se esmerase en intentar explicar que hab\u00eda sido fortuito.<\/p>\n<p>                     Galer\u00eda<\/p>\n<p>                <img loading=\"lazy\" decoding=\"async\" data-full-src=\"https:\/\/www.mundodeportivo.com\/uploads\/2025\/09\/21\/68d01bba7871c.jpeg\" alt=\"Horizontal\" src=\"https:\/\/www.europesays.com\/es\/wp-content\/uploads\/2025\/09\/68d01bba7871c.jpeg\" class=\"lazy\" width=\"449\" height=\"299\"\/><\/p>\n<p>                    <a class=\"caption-title \" href=\"https:\/\/www.mundodeportivo.com\/futbol\/laliga\/20250921\/1002536311\/mallorca-atletico-imagenes.html\" rel=\"nofollow noopener\" target=\"_blank\">Mallorca &#8211; Atl\u00e9tico, en im\u00e1genes<\/a><\/p>\n<p>                    CATI CLADERA \/ EFE<\/p>\n<p data-gtm-element-container=\"modulo-texto-link\" class=\"paragraph\">Se encargaba todo un especialista, como lo es <strong>Juli\u00e1n \u00c1lvarez<\/strong>, pero el meta del <strong>Mallorca <\/strong>le le\u00eda a la perfecci\u00f3n, las intenciones. Esquinado a su derecha, media altura, ideal para que Leo Rom\u00e1n se luciese. Y constatase que el delantero argentino no ha comenzado la temporada tan afinado como se le supon\u00eda.<\/p>\n<p data-gtm-element-container=\"modulo-texto-link\" class=\"paragraph\">A partir de ese momento, el <strong>Atl\u00e9tico <\/strong>enlazaba varias entradas desde la banda, con centros a los que <strong>Juli\u00e1n <\/strong>no llegaba por un n\u00famero de pie. Se intentaba asomar tambi\u00e9n el <strong>Mallorca<\/strong>, al \u00e1rea de <strong>Oblak<\/strong>, para que no pareciese que s\u00f3lo se defend\u00eda. El problema en este punto de partido, es que los centros cruzados de los baleares no eran precisos.<\/p>\n<p data-gtm-element-container=\"modulo-texto-link\" class=\"paragraph\">A la media hora, primer contratiempo serio para el equipo de Arrasate, lesi\u00f3n de <strong>Kumbulla<\/strong>. Entraba<strong> Pablo Torre<\/strong>, en su lugar. <strong>Ped\u00eda Simeone <\/strong>a los suyos que movieran la pelota r\u00e1pida y que, llegados a la zona de \u00faltimo pase, tuviesen lucidez y tranquilidad para sacar fruto, porque se hab\u00edan dado varias acciones as\u00ed, en las que hab\u00eda faltado cent\u00edmetros para que fuese medio gol. Se estaba deshinchando algo que el Atl\u00e9tico en este tramo final de la primera mitad; y <strong>Nico Gonz\u00e1lez<\/strong>, con un disparo desde 25 metros, intent\u00f3 despertar a los suyos. Un tiro que <strong>Leo Rom\u00e1n <\/strong>atrapaba abajo. Se cerraba el primer acto con un dominio infructuoso del <strong>Atl\u00e9tico<\/strong>, con casi un 71% de posesi\u00f3n y seis remates (tres al marco) por uno s\u00f3lo el <strong>Mallorca<\/strong>.<\/p>\n<p>        Lee tambi\u00e9n<\/p>\n<p>    Chema G. Fuente<\/p>\n<p>             <img loading=\"lazy\" decoding=\"async\" data-full-src=\"https:\/\/www.mundodeportivo.com\/uploads\/2022\/12\/09\/63935a587962f.jpeg\" alt=\"Radamel Falcao le marc\u00f3 cinco goles al Deportivo de La Coru\u00f1a, con la camiseta del Atl\u00e9tico de Madrid, el 9 de diciembre de 2012\" width=\"334\" height=\"164\" src=\"https:\/\/www.europesays.com\/es\/wp-content\/uploads\/2025\/09\/63935a587962f.r_d.2361-1632.jpeg\" class=\"lazy\"\/><\/p>\n<p>LEO ROM\u00c1N, A LO SUYO<\/p>\n<p data-gtm-element-container=\"modulo-texto-link\" class=\"paragraph\">Centro de <strong>Nico<\/strong>, la volea de <strong>Giuliano<\/strong>, que llegaba un tanto forzado y no colocaba bien el cuerpo, a tres metros de la porter\u00eda, se iba alta. Segu\u00eda percutiendo el <strong>Atl\u00e9tico de Madrid<\/strong>, buscando abrir el candado, pero <strong>Leo Rom\u00e1n<\/strong> se hab\u00eda empe\u00f1ado en demostrarle al club colchonero, que se equivoc\u00f3 no yendo a buscarle. Jugada por la derecha, en el 53\u2019, con pase a un <strong>Juli\u00e1n \u00c1lvarez <\/strong>que bailaba en una baldosa para darse la vuelta y fusilar. Pero el meta local volvi\u00f3 a lanzarse y desviarla. <strong>Simeone <\/strong>se llevaba las manos a la cabeza por la cantidad de ocasiones que no estaban aprovechando.<\/p>\n<p data-gtm-element-container=\"modulo-texto-link\" class=\"paragraph\">Conforme avanzaba el crono, el <strong>Mallorca <\/strong>se ve\u00eda m\u00e1s dentro del partido. <strong>M\u00f3jica <\/strong>pon\u00eda al bal\u00f3n en el coraz\u00f3n del \u00e1rea, donde <strong>Asano <\/strong>no pod\u00eda concretar bien el cabezazo. Una advertencia de lo que pod\u00eda darse de ah\u00ed al final del choque.\u00a0<strong>Simeone<\/strong> mov\u00eda el banquillo, como suele, a partir del 60\u2019. Dentro <strong>Molina<\/strong>, <strong>Griezmann <\/strong>y <strong>Sorloth<\/strong>; por <strong>Juli\u00e1n \u00c1lvarez<\/strong>, <strong>Giuliano <\/strong>y <strong>Raspadori<\/strong>. Y poco despu\u00e9s, se sumaba Gallagher y se marchaba Barrios.<\/p>\n<p data-gtm-element-container=\"modulo-texto-link\" class=\"paragraph\">En las botas de los nuevos se daba el en\u00e9simo cabezazo contra el muro de <strong>Leo Rom\u00e1n<\/strong>. <strong>Conor <\/strong>robaba un bal\u00f3n, se lo pon\u00eda en el coraz\u00f3n del \u00e1rea a un <strong>Griezmann <\/strong>que la daba de primera para que meta del <strong>Mallorca <\/strong>se luciese una vez m\u00e1s.<\/p>\n<p data-gtm-element-container=\"modulo-texto-link\" class=\"paragraph\">El partido se estaba poniendo para que apareciese una desgracia para los de <strong>Simeone<\/strong>. Y el protagonista ser\u00eda un <strong>Alexander Sorloth<\/strong> que acababa de saltar al campo. El noruego levantaba mucho la pierna en un bal\u00f3n dividido con <strong>Ra\u00edllo<\/strong>. Lo que inicialmente era una amarilla se convert\u00eda en roja tras la revisi\u00f3n. Lo que le faltaba al noruego, que est\u00e1 teniendo un arranque de temporada para olvidar, dando la sensaci\u00f3n de que est\u00e1 con la cabeza en otro sitio. No le sale nada.\u00a0<\/p>\n<p>        Lee tambi\u00e9n<\/p>\n<p>    Javier G. G\u00f3mara<\/p>\n<p>             <img loading=\"lazy\" decoding=\"async\" data-full-src=\"https:\/\/www.mundodeportivo.com\/uploads\/2025\/09\/21\/68d0232b9fca2.jpeg\" alt=\"Horizontal\" width=\"334\" height=\"164\" src=\"https:\/\/www.europesays.com\/es\/wp-content\/uploads\/2025\/09\/68d0232b9fca2.r_d.2033-1514.jpeg\" class=\"lazy\"\/><\/p>\n<p data-gtm-element-container=\"modulo-texto-link\" class=\"paragraph\">Pero nada como lo que vive el <strong>Mallorca<\/strong>. La pausa de hidrataci\u00f3n inmediatamente posterior a la expulsi\u00f3n, dejaba a un Arrasate advirtiendo a los suyos que no se repitiese lo sucedido ante el <strong>Espanyol<\/strong>, una jornada antes, en la que hab\u00edan perdido ante un equipo con uno menos. Pues en la siguiente acci\u00f3n, <strong>Molina <\/strong>encontraba a <strong>Llorente <\/strong>en la carrera, \u00e9ste disparaba abajo, <strong>Leo Rom\u00e1n <\/strong>repel\u00eda y <strong>Gallagher<\/strong>, que acompa\u00f1aba la jugada, pon\u00eda el 0-1. Tremendo palo para los insulares.\u00a0<\/p>\n<p data-gtm-element-container=\"modulo-texto-link\" class=\"paragraph\">Estaba cantado que, de ah\u00ed al final, el partido iba a ser un acoso local a la porter\u00eda de <strong>Oblak<\/strong>. Pero sucede que, para marcarle a este <strong>Atl\u00e9tico<\/strong>, tampoco es necesario el cerco romano de <strong>Numancia<\/strong>. En una de las primeras, <strong>Virgili <\/strong>encontraba la cabeza de <strong>Muriqi<\/strong>, que ya tiene algo personal contra los rojiblancos, para hacerle el tercer gol de su carrera, y empatar el choque.\u00a0<\/p>\n<tr>\n<td align=\"left\" valign=\"middle\" width=\"36.79%\">\n1 Leo Rom\u00e1n <\/td>\n<td valign=\"middle\" align=\"right\" width=\"18.49\"\/>\n<td align=\"left\" valign=\"middle\" width=\"36.79%\">\n13 Jan Oblak <\/td>\n<td valign=\"middle\" align=\"right\" width=\"18.49\"\/>\n<\/tr>\n<tr>\n<td align=\"left\" valign=\"middle\" width=\"36.79%\">\n2 Mateu Morey 82&#8242;<\/td>\n<td valign=\"middle\" align=\"right\" width=\"18.49\"\/>\n<td align=\"left\" valign=\"middle\" width=\"36.79%\">\n14 M. Llorente <\/td>\n<td valign=\"middle\" align=\"right\" width=\"18.49\"\/>\n<\/tr>\n<tr>\n<td align=\"left\" valign=\"middle\" width=\"36.79%\">\n(17 Jan Virgili)\n<\/td>\n<td valign=\"middle\" align=\"right\" width=\"18.49\"\/>\n<td align=\"left\" valign=\"middle\" width=\"36.79%\">\n24 R. Le Normand <\/td>\n<td valign=\"middle\" align=\"right\" width=\"18.49\"\/>\n<\/tr>\n<tr>\n<td align=\"left\" valign=\"middle\" width=\"36.79%\">\n24 Martin Valjent <\/td>\n<td valign=\"middle\" align=\"right\" width=\"18.49\"\/>\n<td align=\"left\" valign=\"middle\" width=\"36.79%\">\n15 C. Lenglet <\/td>\n<td valign=\"middle\" align=\"right\" width=\"18.49\"\/>\n<\/tr>\n<tr>\n<td align=\"left\" valign=\"middle\" width=\"36.79%\">\n21 A. Ra\u00edllo <\/td>\n<td valign=\"middle\" align=\"right\" width=\"18.49\"\/>\n<td align=\"left\" valign=\"middle\" width=\"36.79%\">\n17 D\u00e1vid Hancko <\/td>\n<td valign=\"middle\" align=\"right\" width=\"18.49\"\/>\n<\/tr>\n<tr>\n<td align=\"left\" valign=\"middle\" width=\"36.79%\">\n4 M. Kumbulla 36&#8242;<\/td>\n<td valign=\"middle\" align=\"right\" width=\"18.49\"\/>\n<td align=\"left\" valign=\"middle\" width=\"36.79%\">\n20 Giuliano 62&#8242;<\/td>\n<td valign=\"middle\" align=\"right\" width=\"18.49\"\/>\n<\/tr>\n<tr>\n<td align=\"left\" valign=\"middle\" width=\"36.79%\">\n(20 Pablo Torre)\n<\/td>\n<td valign=\"middle\" align=\"right\" width=\"18.49\"\/>\n<td align=\"left\" valign=\"middle\" width=\"36.79%\">\n(7 A. Griezmann)\n<\/td>\n<td valign=\"middle\" align=\"right\" width=\"18.49\"\/>\n<\/tr>\n<tr>\n<td align=\"left\" valign=\"middle\" width=\"36.79%\">\n12 Sam\u00fa Costa 67&#8242;<\/td>\n<td valign=\"middle\" align=\"right\" width=\"18.49\"\/>\n<td align=\"left\" valign=\"middle\" width=\"36.79%\">\n6 Koke <\/td>\n<td valign=\"middle\" align=\"right\" width=\"18.49\"\/>\n<\/tr>\n<tr>\n<td align=\"left\" valign=\"middle\" width=\"36.79%\">\n(6 Antonio S\u00e1nchez)\n<\/td>\n<td valign=\"middle\" align=\"right\" width=\"18.49\"\/>\n<td align=\"left\" valign=\"middle\" width=\"36.79%\">\n8 Pablo Barrios 68&#8242;<\/td>\n<td valign=\"middle\" align=\"right\" width=\"18.49\"\/>\n<\/tr>\n<tr>\n<td align=\"left\" valign=\"middle\" width=\"36.79%\">\n8 Manu Morlanes 82&#8242;<\/td>\n<td valign=\"middle\" align=\"right\" width=\"18.49\"\/>\n<td align=\"left\" valign=\"middle\" width=\"36.79%\">\n(4 C. Gallagher)\n<\/td>\n<td valign=\"middle\" align=\"right\" width=\"18.49\"\/>\n<\/tr>\n<tr>\n<td align=\"left\" valign=\"middle\" width=\"36.79%\">\n(9 Abd\u00f3n Prats)\n<\/td>\n<td valign=\"middle\" align=\"right\" width=\"18.49\"\/>\n<td align=\"left\" valign=\"middle\" width=\"36.79%\">\n23 Nico Gonz\u00e1lez 77&#8242;<\/td>\n<td valign=\"middle\" align=\"right\" width=\"18.49\"\/>\n<\/tr>\n<tr>\n<td align=\"left\" valign=\"middle\" width=\"36.79%\">\n22 Johan Mojica <\/td>\n<td valign=\"middle\" align=\"right\" width=\"18.49\"\/>\n<td align=\"left\" valign=\"middle\" width=\"36.79%\">\n(3 Matteo Ruggeri)\n<\/td>\n<td valign=\"middle\" align=\"right\" width=\"18.49\"\/>\n<\/tr>\n<tr>\n<td align=\"left\" valign=\"middle\" width=\"36.79%\">\n10 Sergi Darder <\/td>\n<td valign=\"middle\" align=\"right\" width=\"18.49\"\/>\n<td align=\"left\" valign=\"middle\" width=\"36.79%\">\n19 Juli\u00e1n Alvarez 62&#8242;<\/td>\n<td valign=\"middle\" align=\"right\" width=\"18.49\"\/>\n<\/tr>\n<tr>\n<td align=\"left\" valign=\"middle\" width=\"36.79%\">\n11 Takuma Asano 68&#8242;<\/td>\n<td valign=\"middle\" align=\"right\" width=\"18.49\"\/>\n<td align=\"left\" valign=\"middle\" width=\"36.79%\">\n(16 Nahuel Molina)\n<\/td>\n<td valign=\"middle\" align=\"right\" width=\"18.49\"\/>\n<\/tr>\n<tr>\n<td align=\"left\" valign=\"middle\" width=\"36.79%\">\n(30 M. Domenech)\n<\/td>\n<td valign=\"middle\" align=\"right\" width=\"18.49\"\/>\n<td align=\"left\" valign=\"middle\" width=\"36.79%\">\n22 G. Raspadori 62&#8242;<\/td>\n<td valign=\"middle\" align=\"right\" width=\"18.49\"\/>\n<\/tr>\n<tr>\n<td align=\"left\" valign=\"middle\" width=\"36.79%\">\n7 Vedat Muriqi <\/td>\n<td valign=\"middle\" align=\"right\" width=\"18.49\"\/>\n<td align=\"left\" valign=\"middle\" width=\"36.79%\">\n(9 A. S\u00f8rloth)\n<\/td>\n<td valign=\"middle\" align=\"right\" width=\"18.49\">\n<p class=\"ficha_confe estrellita\">&#8211;<\/p>\n<\/td>\n<\/tr>\n<tr>\n<td align=\"left\" valign=\"middle\" width=\"36.79%\">\n <\/td>\n<td valign=\"middle\" align=\"right\" width=\"18.49\"\/>\n<td align=\"left\" valign=\"middle\" width=\"36.79%\">\n <\/td>\n<td valign=\"middle\" align=\"right\" width=\"18.49\"\/>\n<\/tr>\n<p class=\"negrita\">Goles:(0-1) C. Gallagher (79&#8242;), (1-1) Vedat Muriqi (85&#8242;) <\/p>\n<p class=\"negrita\">Tarjetas:L L A. S\u00f8rloth (72&#8242;)<\/p>\n<p class=\"negrita\">\u00c1rbitro: Francisco Jos\u00e9 Hern\u00e1ndez Maeso<\/p>\n<p class=\"negrita\">Espectadores: 22.000 en el Estadi Mallorca Son Moix<\/p>\n<tr class=\"lomejor\">\n<td class=\"topo mejor\"\/>\n<td align=\"left\" class=\"comentario\">\nLO MEJOR El desparpajo de Virgili<\/td>\n<\/tr>\n<tr class=\"lopeor\">\n<td class=\"topo peor\"\/>\n<td align=\"left\" class=\"comentario\">\nLO PEOR La lesi\u00f3n de Kumbulla<\/td>\n<\/tr>\n","protected":false},"excerpt":{"rendered":"En la previa del partido en Son Moix, Diego Pablo Simeone, hab\u00eda desgranado las l\u00edneas generales que deb\u00eda&hellip;\n","protected":false},"author":2,"featured_media":131171,"comment_status":"","ping_status":"","sticky":false,"template":"","format":"standard","meta":{"footnotes":""},"categories":[268],"tags":[168,25,24,280,282,281,23,167],"class_list":{"0":"post-131170","1":"post","2":"type-post","3":"status-publish","4":"format-standard","5":"has-post-thumbnail","7":"category-futbol","8":"tag-deportes","9":"tag-es","10":"tag-espana","11":"tag-football","12":"tag-futbol","13":"tag-soccer","14":"tag-spain","15":"tag-sports"},"share_on_mastodon":{"url":"","error":""},"_links":{"self":[{"href":"https:\/\/www.europesays.com\/es\/wp-json\/wp\/v2\/posts\/131170","targetHints":{"allow":["GET"]}}],"collection":[{"href":"https:\/\/www.europesays.com\/es\/wp-json\/wp\/v2\/posts"}],"about":[{"href":"https:\/\/www.europesays.com\/es\/wp-json\/wp\/v2\/types\/post"}],"author":[{"embeddable":true,"href":"https:\/\/www.europesays.com\/es\/wp-json\/wp\/v2\/users\/2"}],"replies":[{"embeddable":true,"href":"https:\/\/www.europesays.com\/es\/wp-json\/wp\/v2\/comments?post=131170"}],"version-history":[{"count":0,"href":"https:\/\/www.europesays.com\/es\/wp-json\/wp\/v2\/posts\/131170\/revisions"}],"wp:featuredmedia":[{"embeddable":true,"href":"https:\/\/www.europesays.com\/es\/wp-json\/wp\/v2\/media\/131171"}],"wp:attachment":[{"href":"https:\/\/www.europesays.com\/es\/wp-json\/wp\/v2\/media?parent=131170"}],"wp:term":[{"taxonomy":"category","embeddable":true,"href":"https:\/\/www.europesays.com\/es\/wp-json\/wp\/v2\/categories?post=131170"},{"taxonomy":"post_tag","embeddable":true,"href":"https:\/\/www.europesays.com\/es\/wp-json\/wp\/v2\/tags?post=131170"}],"curies":[{"name":"wp","href":"https:\/\/api.w.org\/{rel}","templated":true}]}}