{"id":131172,"date":"2025-09-22T06:19:11","date_gmt":"2025-09-22T06:19:11","guid":{"rendered":"https:\/\/www.europesays.com\/es\/131172\/"},"modified":"2025-09-22T06:19:11","modified_gmt":"2025-09-22T06:19:11","slug":"el-mensaje-de-javier-tudela-sobre-anita-matamoros-que-emocionara-a-toda-su-familia","status":"publish","type":"post","link":"https:\/\/www.europesays.com\/es\/131172\/","title":{"rendered":"El mensaje de Javier Tudela sobre Anita Matamoros que emocionar\u00e1 a toda\u00a0su\u00a0familia"},"content":{"rendered":"<p data-pm-slice=\"1 1 []\">Las \u00faltimas semanas no han sido f\u00e1ciles para la pareja formada por el empresario <a href=\"https:\/\/okdiario.com\/look\/actualidad\/javier-tudela-mensaje-marina-romero-2379125\" rel=\"nofollow noopener\" target=\"_blank\">Javier Tudela Jr<\/a>. y su pareja, la influencer <a href=\"https:\/\/okdiario.com\/look\/actualidad\/asi-verdadera-relacion-anita-matamoros-marina-romero-amigas-cunadas-2380131\" rel=\"nofollow noopener\" target=\"_blank\">Marina Romero<\/a>. Una <strong>complicaci\u00f3n de salud<\/strong>, que afecta a la joven y que les ha pillado por sorpresa, ha empa\u00f1ado la vida id\u00edlica que manten\u00edan junto a sus dos hijos peque\u00f1os. En estos duros momentos, el creador de contenido de viajes no ha dudado en <strong>refugiarse en su familia<\/strong>. Su madre, Makoke, es uno de sus principales apoyos y, ante la noticia, no dud\u00f3 en <a href=\"https:\/\/okdiario.com\/look\/actualidad\/verdadera-razon-que-makoke-cancelado-boda-pido-respeto-2362249\" rel=\"nofollow noopener\" target=\"_blank\">cancelar su entonces inminente boda con su pareja, Gonzalo,<\/a> que estaba prevista para el pasado fin de semana en Ibiza. Pero a trav\u00e9s de las redes sociales, ha desvelado cu\u00e1l es otro de sus pilares fundamentales. Se trata de su hermana <strong>Anita Matamoros<\/strong>, hija que la tertuliana televisiva tuvo fruto de su relaci\u00f3n con el colaborador Kiko Matamoros, con el que mantuvo m\u00e1s de dos d\u00e9cadas de uni\u00f3n sentimental.<\/p>\n<p>Javier Tudela ha querido darle las gracias a su hermana menor mediante una publicaci\u00f3n muy emotiva en la red social Instagram. En la instant\u00e1nea, compartida en el formato historia temporal, se puede ver a la joven en un sof\u00e1 y sobre ella se encuentra uno de sus sobrinos. Aparentemente est\u00e1n jugando y divirti\u00e9ndose en el interior de un domicilio. Un momento distendido que ha inmortalizado su hermano y que ha acompa\u00f1ado de un <strong>sentido mensaje<\/strong>: \u00abGracias por venir sin preguntar. Gracias por estar. <strong>Gracias por existir<\/strong>. Gracias por todo. Te quiero\u00bb.<\/p>\n<p>\n<img decoding=\"async\" loading=\"lazy\" class=\"size-medium wp-image-2384384\" alt=\"Los mensajes cruzados de Anita Matamoros y Javier Tudela. (Foto: Instagram)\" width=\"361\" height=\"620\"  src=\"https:\/\/www.europesays.com\/es\/wp-content\/uploads\/2025\/09\/1758214691_923_placeholder.jpg\"  bad-src=\"https:\/\/www.europesays.com\/es\/wp-content\/uploads\/2025\/09\/1758214691_923_placeholder.jpg\"\/><\/p>\n<p><img decoding=\"async\" loading=\"lazy\" class=\"size-medium wp-image-2384384\" src=\"https:\/\/www.europesays.com\/es\/wp-content\/uploads\/2025\/09\/file3-361x620.jpg\" alt=\"Los mensajes cruzados de Anita Matamoros y Javier Tudela. (Foto: Instagram)\" width=\"361\" height=\"620\"  \/><\/p>\n<p> Los mensajes cruzados de Anita Matamoros y Javier Tudela. (Foto: Instagram)\n<\/p>\n<p>Como no pod\u00eda ser de otra forma, la propia Anita ha reposteado esta fotograf\u00eda y <strong>se ha derretido<\/strong> al verla. \u00abTe quiero y necesito esta foto, me mueroooooo\u00bb, desliz\u00f3 ella muy emocionada. Un reconocimiento p\u00fablico que deja patente la buena sinton\u00eda que mantienen.<\/p>\n<p>Los planes de los hermanos Giaever<\/p>\n<p>Ante esta vor\u00e1gine personal que est\u00e1n viviendo, Anita no se ha quedado quieta. Adem\u00e1s de <strong>apoyar a la familia en la intimidad<\/strong> del hogar, ha buscado y organizado planes para mantener a su hermano y a sus sobrinos entretenidos y desconectados, por unos instantes, del bache que enfrentan. De la misma manera, esto hace que Marina pueda pasar tiempo descansando, algo que su cuerpo seguro que le agradece tras el impactante diagn\u00f3stico recibido en la Cl\u00ednica de Navarra.<\/p>\n<p>\n<img decoding=\"async\" loading=\"lazy\" class=\"size-medium wp-image-2384375\" alt=\"Javier Tudela con amigos en 'El jard\u00edn de las delicias'. (Foto: Gtres)\" width=\"446\" height=\"620\"  src=\"https:\/\/www.europesays.com\/es\/wp-content\/uploads\/2025\/09\/1758214691_923_placeholder.jpg\"  bad-src=\"https:\/\/www.europesays.com\/es\/wp-content\/uploads\/2025\/09\/1758214691_923_placeholder.jpg\"\/><\/p>\n<p><img decoding=\"async\" loading=\"lazy\" class=\"size-medium wp-image-2384375\" src=\"https:\/\/www.europesays.com\/es\/wp-content\/uploads\/2025\/09\/image-2025-09-21t184658.782-446x620.jpg\" alt=\"Javier Tudela con amigos en 'El jard\u00edn de las delicias'. (Foto: Gtres)\" width=\"446\" height=\"620\"  \/><\/p>\n<p> Javier Tudela con amigos en \u2018El jard\u00edn de las delicias\u2019. (Foto: Instagram)\n<\/p>\n<p>Coincidiendo con el consagrado festival El Jard\u00edn de las Delicias, instalado en las inmediaciones de la Universidad Complutense de Madrid, Anita y Javier han disfrutado de una noche de ocio animados por artistas de la talla de <strong>Melendi<\/strong>, Mikel Izal, Pignoise o Nena Daconte. Aparte de por su hermana, estuvo arropado por <a href=\"https:\/\/okdiario.com\/look\/actualidad\/anita-matamoros-sorprende-sus-planes-boda-estoy-loca-casarme-2162116\" rel=\"nofollow noopener\" target=\"_blank\">su novio, el m\u00fasico <strong>Jhonny Garso<\/strong><\/a> y un grupo integrado por amigos de ambos,\u00a0que no se perdieron esta m\u00e1s que apetecible cita musical.<\/p>\n<p>\n<img decoding=\"async\" loading=\"lazy\" class=\"size-medium wp-image-2384381\" alt=\"Javier Tudela en la feria con su hijo mayor. (Foto: Instagram)\" width=\"446\" height=\"620\"  src=\"https:\/\/www.europesays.com\/es\/wp-content\/uploads\/2025\/09\/1758214691_923_placeholder.jpg\"  bad-src=\"https:\/\/www.europesays.com\/es\/wp-content\/uploads\/2025\/09\/1758214691_923_placeholder.jpg\"\/><\/p>\n<p><img decoding=\"async\" loading=\"lazy\" class=\"size-medium wp-image-2384381\" src=\"https:\/\/www.europesays.com\/es\/wp-content\/uploads\/2025\/09\/file1-2-446x620.jpg\" alt=\"Javier Tudela en la feria con su hijo mayor. (Foto: Instagram)\" width=\"446\" height=\"620\"  \/><\/p>\n<p> Javier Tudela en la feria con su hijo mayor. (Foto: Instagram)\n<\/p>\n<p>Durante la tarde del s\u00e1bado, el plan, mucho m\u00e1s tranquilo, tambi\u00e9n incluy\u00f3 al sobrino mayor de Anita Matamoros, primog\u00e9nito de Javier Tudela. Los tres se desplazaron hasta la <strong>feria de Mahadahonda<\/strong>, que estaba en fiestas,\u00a0para probar los \u00abcacharritos\u00bb con el menor. Un <strong>compromiso<\/strong>, el de Anita, que no ha hecho otra cosa m\u00e1s que hacer la vida m\u00e1s f\u00e1cil a su hermano y a sus sobrinos, por los que tiene especial debilidad.<\/p>\n","protected":false},"excerpt":{"rendered":"Las \u00faltimas semanas no han sido f\u00e1ciles para la pareja formada por el empresario Javier Tudela Jr. y&hellip;\n","protected":false},"author":2,"featured_media":131173,"comment_status":"","ping_status":"","sticky":false,"template":"","format":"standard","meta":{"footnotes":""},"categories":[174],"tags":[42033,255,146,147,25,24,256,23],"class_list":{"0":"post-131172","1":"post","2":"type-post","3":"status-publish","4":"format-standard","5":"has-post-thumbnail","7":"category-famosos","8":"tag-anita-matamoros-javier-tudela","9":"tag-celebrities","10":"tag-entertainment","11":"tag-entretenimiento","12":"tag-es","13":"tag-espana","14":"tag-famosos","15":"tag-spain"},"share_on_mastodon":{"url":"","error":""},"_links":{"self":[{"href":"https:\/\/www.europesays.com\/es\/wp-json\/wp\/v2\/posts\/131172","targetHints":{"allow":["GET"]}}],"collection":[{"href":"https:\/\/www.europesays.com\/es\/wp-json\/wp\/v2\/posts"}],"about":[{"href":"https:\/\/www.europesays.com\/es\/wp-json\/wp\/v2\/types\/post"}],"author":[{"embeddable":true,"href":"https:\/\/www.europesays.com\/es\/wp-json\/wp\/v2\/users\/2"}],"replies":[{"embeddable":true,"href":"https:\/\/www.europesays.com\/es\/wp-json\/wp\/v2\/comments?post=131172"}],"version-history":[{"count":0,"href":"https:\/\/www.europesays.com\/es\/wp-json\/wp\/v2\/posts\/131172\/revisions"}],"wp:featuredmedia":[{"embeddable":true,"href":"https:\/\/www.europesays.com\/es\/wp-json\/wp\/v2\/media\/131173"}],"wp:attachment":[{"href":"https:\/\/www.europesays.com\/es\/wp-json\/wp\/v2\/media?parent=131172"}],"wp:term":[{"taxonomy":"category","embeddable":true,"href":"https:\/\/www.europesays.com\/es\/wp-json\/wp\/v2\/categories?post=131172"},{"taxonomy":"post_tag","embeddable":true,"href":"https:\/\/www.europesays.com\/es\/wp-json\/wp\/v2\/tags?post=131172"}],"curies":[{"name":"wp","href":"https:\/\/api.w.org\/{rel}","templated":true}]}}