{"id":131174,"date":"2025-09-22T06:21:11","date_gmt":"2025-09-22T06:21:11","guid":{"rendered":"https:\/\/www.europesays.com\/es\/131174\/"},"modified":"2025-09-22T06:21:11","modified_gmt":"2025-09-22T06:21:11","slug":"ezcaray-ya-cuenta-con-una-bibliocabina-para-intercambio-publico-de-libros","status":"publish","type":"post","link":"https:\/\/www.europesays.com\/es\/131174\/","title":{"rendered":"Ezcaray ya cuenta con una &#8216;bibliocabina&#8217; para intercambio p\u00fablico de libros"},"content":{"rendered":"<p><a class=\"v-mdl-ath__fig-a\" href=\"https:\/\/www.larioja.com\/autor\/maria-caro-3808.html\" title=\"Mar\u00eda Caro\" rel=\"nofollow noopener\" target=\"_blank\"><br \/>\n<img decoding=\"async\" class=\"v-mdl-ath__img\" src=\"https:\/\/www.europesays.com\/es\/wp-content\/uploads\/2025\/09\/autor-3808-foto-1.jpeg\" alt=\"Mar\u00eda Caro\"\/><br \/>\n<\/a><\/p>\n<p class=\"v-mdl-ath__p v-mdl-ath__p--6\">\nLunes, 22 de septiembre 2025, 08:04<\/p>\n<p class=\"v-p\"> La localidad riojalte\u00f1a de <a href=\"https:\/\/www.larioja.com\/temas\/lugares\/ezcaray.html\" target=\"_blank\" title=\"Noticias de Ezcaray\" data-voc-vtm-id=\"in-text-traffic\" data-mrf-link=\"www.larioja.com\" rel=\"nofollow noopener\">Ezcaray <\/a>ya cuenta desde este verano con una &#8216;bibliocabina&#8217;, la adaptaci\u00f3n de este elemento &#8216;vintage&#8217; a la cultura.<\/p>\n<p class=\"v-p\">En una  &#8230; c\u00e9ntrica y bonita ubicaci\u00f3n, ya que est\u00e1 situada junto a la iglesia Santa Mar\u00eda la Mayor, en la calle Padre Jos\u00e9 Garc\u00eda, frente al restaurante Echaurren, el que lo desee puede acudir all\u00ed a tomar prestado un libro, que puede leer en casa o en los bancos de la pintoresca plaza junto a la iglesia fortaleza de origen rom\u00e1nico, cuyos inicios se fechan en el siglo XII.<\/p>\n<p class=\"v-p\">Adem\u00e1s, se invita a dejar otro ejemplar cuando se tome uno con el fin de ampliar la oferta disponible. Tambi\u00e9n la Editorial Buscarini, nacida en homenaje al escritor ezcarayense, ha contribuido a esta iniciativa aportando unos ejemplares de su cat\u00e1logo.<\/p>\n<p>\nSe invita a los usuarios a dejar otro libro al coger alg\u00fan ejemplar, con el fin de ampliar la oferta disponible\n<\/p>\n<p>Mejoras en el firme<\/p>\n<p class=\"v-p\">Por otro lado, esta semana se llevaron a cabo trabajos de parcheo en diferentes calles del municipio: Eliseo Cadarso, traves\u00eda de las Monjas, traves\u00eda de Soleta, Lamberto Felipe, Tenorio y Camino del Molino \u00abpara mejorar la seguridad de vecinos y visitantes\u00bb, destac\u00f3 el Consistorio.<\/p>\n<p class=\"v-crt__t\"> L\u00edmite de sesiones alcanzadas<\/p>\n<p class=\"v-crt__p\">El acceso al contenido Premium est\u00e1 abierto por cortes\u00eda del establecimiento donde te encuentras, pero ahora mismo hay demasiados usuarios conectados a las vez.<\/p>\n<p class=\"v-crt__p\">Por favor, int\u00e9ntalo pasados unos minutos.<\/p>\n<p>\nVolver a intentar\n<\/p>\n<p class=\"v-crt__t\">Sesi\u00f3n cerrada<\/p>\n<p class=\"v-crt__p\">Al iniciar sesi\u00f3n desde un dispositivo distinto, por seguridad, se cerr\u00f3 la \u00faltima sesi\u00f3n en este.<\/p>\n<p class=\"v-crt__p\">Para continuar disfrutando de su suscripci\u00f3n digital, inicie sesi\u00f3n en este dispositivo.<\/p>\n<p>\nEste contenido es exclusivo para suscriptores\n<\/p>\n<p class=\"text\">\u00bfTienes una suscripci\u00f3n? <a href=\"https:\/\/secure.larioja.com\/login\/login.html#vca=suscribete&amp;vso=larioja&amp;vmc=on&amp;vli=cdn-ce-link-login\" class=\"login\" data-voc-vtm-id=\"comienzoSuscripcionON\" data-voc-vtm-info=\"cdn-ce-link-login\" rel=\"nofollow noopener\" target=\"_blank\">Inicia sesi\u00f3n<\/a><\/p>\n<p>Comenta<\/p>\n<p>Reporta un error<\/p>\n","protected":false},"excerpt":{"rendered":"Lunes, 22 de septiembre 2025, 08:04 La localidad riojalte\u00f1a de Ezcaray ya cuenta desde este verano con una&hellip;\n","protected":false},"author":2,"featured_media":131175,"comment_status":"","ping_status":"","sticky":false,"template":"","format":"standard","meta":{"footnotes":""},"categories":[172],"tags":[42034,224,2196,146,147,25,24,31503,42035,225,1421,23],"class_list":{"0":"post-131174","1":"post","2":"type-post","3":"status-publish","4":"format-standard","5":"has-post-thumbnail","7":"category-libros","8":"tag-bibliocabina","9":"tag-books","10":"tag-cuenta","11":"tag-entertainment","12":"tag-entretenimiento","13":"tag-es","14":"tag-espana","15":"tag-ezcaray","16":"tag-intercambio","17":"tag-libros","18":"tag-publico","19":"tag-spain"},"share_on_mastodon":{"url":"","error":""},"_links":{"self":[{"href":"https:\/\/www.europesays.com\/es\/wp-json\/wp\/v2\/posts\/131174","targetHints":{"allow":["GET"]}}],"collection":[{"href":"https:\/\/www.europesays.com\/es\/wp-json\/wp\/v2\/posts"}],"about":[{"href":"https:\/\/www.europesays.com\/es\/wp-json\/wp\/v2\/types\/post"}],"author":[{"embeddable":true,"href":"https:\/\/www.europesays.com\/es\/wp-json\/wp\/v2\/users\/2"}],"replies":[{"embeddable":true,"href":"https:\/\/www.europesays.com\/es\/wp-json\/wp\/v2\/comments?post=131174"}],"version-history":[{"count":0,"href":"https:\/\/www.europesays.com\/es\/wp-json\/wp\/v2\/posts\/131174\/revisions"}],"wp:featuredmedia":[{"embeddable":true,"href":"https:\/\/www.europesays.com\/es\/wp-json\/wp\/v2\/media\/131175"}],"wp:attachment":[{"href":"https:\/\/www.europesays.com\/es\/wp-json\/wp\/v2\/media?parent=131174"}],"wp:term":[{"taxonomy":"category","embeddable":true,"href":"https:\/\/www.europesays.com\/es\/wp-json\/wp\/v2\/categories?post=131174"},{"taxonomy":"post_tag","embeddable":true,"href":"https:\/\/www.europesays.com\/es\/wp-json\/wp\/v2\/tags?post=131174"}],"curies":[{"name":"wp","href":"https:\/\/api.w.org\/{rel}","templated":true}]}}