{"id":131182,"date":"2025-09-22T06:29:11","date_gmt":"2025-09-22T06:29:11","guid":{"rendered":"https:\/\/www.europesays.com\/es\/131182\/"},"modified":"2025-09-22T06:29:11","modified_gmt":"2025-09-22T06:29:11","slug":"he-estado-en-sitios-y-hecho-cosas-que-jamas-se-me-hubiesen-pasado-por-la-cabeza","status":"publish","type":"post","link":"https:\/\/www.europesays.com\/es\/131182\/","title":{"rendered":"\u201cHe estado en sitios y hecho cosas que jama\u0301s se me hubiesen pasado por la cabeza\u201d"},"content":{"rendered":"<p data-journey-content=\"true\" data-node-id=\"1\" class=\"body-dropcap css-1vn2egp emevuu60\">Cuando cumpli\u00f3 15 a\u00f1os <strong data-node-id=\"1.1\">Esther Ca\u00f1adas <\/strong>no sab\u00eda demasiado qu\u00e9 era eso de ser modelo, pero les dijo a sus padres que quer\u00eda serlo y se mud\u00f3 desde su casa de Alicante hasta Barcelona para intentar serlo. \u00abSi alguien le hubiera dicho a esa Esther beb\u00e9 que ten\u00eda tantos sue\u00f1os todo lo que la vida le traer\u00eda\u2026\u00bb, escribi\u00f3 la top junto a una fotograf\u00eda de su infancia en su perfil de Instagram el pasado mes de marzo con motivo de su 48 cumplea\u00f1os. <\/p>\n<p data-journey-content=\"true\" data-node-id=\"4\" class=\"css-6wxqfj emevuu60\">No tard\u00f3 demasiado en alcanzar sus metas porque en los 90 ya era un rostro habitual de las portadas de las revistas y las firmas de moda, y enseguida se convirti\u00f3 en <strong data-node-id=\"4.1\">la modelo espan\u0303ola que ma\u0301s impacto ha tenido en la industria internacional<\/strong> gracias a la campa\u00f1a que protagoniz\u00f3 para el perfume DKNY de Donna Karan junto al que terminar\u00eda siendo su marido durante un a\u00f1o, el tambi\u00e9n modelo Mark Vanderloo.<\/p>\n<p><img draggable=\"true\" alt=\"esther ca\u00f1adas\" title=\"esther ca\u00f1adas \" loading=\"lazy\" width=\"1024\" height=\"682\" decoding=\"async\" data-nimg=\"1\" style=\"color:transparent;width:100%;height:auto;\"   src=\"https:\/\/www.europesays.com\/es\/wp-content\/uploads\/2025\/09\/gettyimages-1499045020-648ef93913f37.jpg\" class=\"css-0 e1g79fud0\"\/><\/p>\n<p>Estrop\/\/Getty Images<\/p>\n<p data-journey-content=\"true\" data-node-id=\"7\" class=\"css-6wxqfj emevuu60\">\u00ab<strong data-node-id=\"7.1\">He estado en sitios y hecho cosas que jama\u0301s se me hubiesen pasado por la cabeza<\/strong>\u00ab, reconoce ella misma recientemente en una <a href=\"https:\/\/www.harpersbazaar.com\/es\/moda\/noticias-moda\/a65623428\/esther-canadas-entrevista-modelo-regreso\/\" target=\"_blank\" data-vars-ga-outbound-link=\"https:\/\/www.harpersbazaar.com\/es\/moda\/noticias-moda\/a65623428\/esther-canadas-entrevista-modelo-regreso\/\" data-vars-ga-ux-element=\"Hyperlink\" data-vars-ga-call-to-action=\"entrevista con nuestra cabecera\" data-node-id=\"7.3\" class=\"body-link css-156jt4g emevuu60\" rel=\"nofollow noopener\">entrevista con nuestra cabecera<\/a>, en la que reflexiona sobre c\u00f3mo le afect\u00f3 el \u00e9xito siendo tan joven. \u00abHay canciones generacionales que yo no me se\u0301 porque me salte\u0301 esos an\u0303os. Elegi\u0301 una vida diferente. Aunque tambie\u0301n te digo que soy una persona que podri\u0301a haber terminado haciendo cualquier otra cosa. Que, si me hubiese tocado otra vida, tambie\u0301n la habri\u0301a disfrutado al ma\u0301ximo\u00bb, explica. <\/p>\n<p data-journey-content=\"true\" data-node-id=\"11\" class=\"css-6wxqfj emevuu60\">Estaba en lo m\u00e1s alto del sector cuando <strong data-node-id=\"11.1\">a mediados de los 2000 decidi\u00f3 tomarse un respiro<\/strong> para tratar la vasculitis que padec\u00eda y convertirse en madre de una ni\u00f1a llamada Galia, una decisi\u00f3n que reconoce tom\u00f3 convencida y sin ning\u00fan tipo de miedo.\u00bbDa respeto, tienes que ser consciente de tus decisiones, pero yo me la he jugado muchas veces y siempre lo he hecho porque sabi\u0301a que teni\u0301a que hacerlo\u00bb, afirma. <\/p>\n<p><img draggable=\"true\" alt=\"esther ca\u00f1adas balenciaga\" title=\"esther ca\u00f1adas balenciaga \" loading=\"lazy\" width=\"2000\" height=\"2500\" decoding=\"async\" data-nimg=\"1\" style=\"color:transparent;width:100%;height:auto;\"   src=\"https:\/\/www.europesays.com\/es\/wp-content\/uploads\/2025\/09\/balenciaga-po-f24-026-65f15f6a9c47c.jpg\" class=\"css-0 e1g79fud0\"\/><\/p>\n<p>courtesy of Balenciaga<\/p>\n<p data-journey-content=\"true\" data-node-id=\"14\" class=\"css-6wxqfj emevuu60\">Despu\u00e9s de casi una d\u00e9cada de inactividad en las que aprovech\u00f3 para llevar a cabo labores de filantrop\u00eda, en el 2020 regres\u00f3 a la pasarela como encargada de cerrar el desfile de Olivier Rousteing para Balmain. Ese mismo mismo verano volvi\u00f3 tambi\u00e9n a <a href=\"https:\/\/www.harpersbazaar.com\/es\/cultura\/ocio\/a36779700\/esther-canadas-portada-harpers-bazaar-julio-agosto\/\" target=\"_blank\" data-vars-ga-outbound-link=\"https:\/\/www.harpersbazaar.com\/es\/cultura\/ocio\/a36779700\/esther-canadas-portada-harpers-bazaar-julio-agosto\/\" data-vars-ga-ux-element=\"Hyperlink\" data-vars-ga-call-to-action=\"la portada\" data-node-id=\"14.1\" class=\"body-link css-156jt4g emevuu60\" rel=\"nofollow noopener\">la portada<\/a> de Harper&#8217;s Bazaar, cuando se mostr\u00f3 encantada con su regreso. \u00abTengo mucha energ\u00eda y ganas de hacer cosas nuevas. <strong data-node-id=\"14.3\">Me siento como si acabara de empezar, como si me quedara mucho por hacer y descubrir<\/strong>\u00ab, se\u00f1al\u00f3 entonces. <\/p>\n<p>Contenidos relacionados<\/p>\n","protected":false},"excerpt":{"rendered":"Cuando cumpli\u00f3 15 a\u00f1os Esther Ca\u00f1adas no sab\u00eda demasiado qu\u00e9 era eso de ser modelo, pero les dijo&hellip;\n","protected":false},"author":2,"featured_media":131183,"comment_status":"","ping_status":"","sticky":false,"template":"","format":"standard","meta":{"footnotes":""},"categories":[91],"tags":[253,146,147,25,24,23],"class_list":{"0":"post-131182","1":"post","2":"type-post","3":"status-publish","4":"format-standard","5":"has-post-thumbnail","7":"category-entretenimiento","8":"tag-discover","9":"tag-entertainment","10":"tag-entretenimiento","11":"tag-es","12":"tag-espana","13":"tag-spain"},"share_on_mastodon":{"url":"","error":""},"_links":{"self":[{"href":"https:\/\/www.europesays.com\/es\/wp-json\/wp\/v2\/posts\/131182","targetHints":{"allow":["GET"]}}],"collection":[{"href":"https:\/\/www.europesays.com\/es\/wp-json\/wp\/v2\/posts"}],"about":[{"href":"https:\/\/www.europesays.com\/es\/wp-json\/wp\/v2\/types\/post"}],"author":[{"embeddable":true,"href":"https:\/\/www.europesays.com\/es\/wp-json\/wp\/v2\/users\/2"}],"replies":[{"embeddable":true,"href":"https:\/\/www.europesays.com\/es\/wp-json\/wp\/v2\/comments?post=131182"}],"version-history":[{"count":0,"href":"https:\/\/www.europesays.com\/es\/wp-json\/wp\/v2\/posts\/131182\/revisions"}],"wp:featuredmedia":[{"embeddable":true,"href":"https:\/\/www.europesays.com\/es\/wp-json\/wp\/v2\/media\/131183"}],"wp:attachment":[{"href":"https:\/\/www.europesays.com\/es\/wp-json\/wp\/v2\/media?parent=131182"}],"wp:term":[{"taxonomy":"category","embeddable":true,"href":"https:\/\/www.europesays.com\/es\/wp-json\/wp\/v2\/categories?post=131182"},{"taxonomy":"post_tag","embeddable":true,"href":"https:\/\/www.europesays.com\/es\/wp-json\/wp\/v2\/tags?post=131182"}],"curies":[{"name":"wp","href":"https:\/\/api.w.org\/{rel}","templated":true}]}}