{"id":131186,"date":"2025-09-22T06:31:09","date_gmt":"2025-09-22T06:31:09","guid":{"rendered":"https:\/\/www.europesays.com\/es\/131186\/"},"modified":"2025-09-22T06:31:09","modified_gmt":"2025-09-22T06:31:09","slug":"bbva-eleva-la-opa-por-sabadell-ahora-ofrece-1-accion-propia-por-48376-del-banco-catalan","status":"publish","type":"post","link":"https:\/\/www.europesays.com\/es\/131186\/","title":{"rendered":"BBVA eleva la opa por Sabadell, ahora ofrece 1 acci\u00f3n propia por 4,8376 del banco catal\u00e1n"},"content":{"rendered":"\n<p class=\"yf-1090901\">MADRID, 22 sep (Reuters) -El banco espa\u00f1ol BBVA dijo el lunes que hab\u00eda elevado su oferta por su competidor Sabadell y ahora ofrece 1 acci\u00f3n propia por cada 4,8376 acciones de Sabadell, en lo que ser\u00eda la segunda mayor operaci\u00f3n bancaria de Espa\u00f1a por activos.<\/p>\n<p class=\"yf-1090901\">BBVA ofrec\u00eda previamente 1 acci\u00f3n de BBVA por cada 5,5483 acciones de Sabadell y 0,70 euros en efectivo.<\/p>\n<p class=\"yf-1090901\">La opa pasar\u00e1 a ser enteramente en acciones ordinarias de nueva emisi\u00f3n de BBVA.<\/p>\n<p class=\"yf-1090901\">(Reporte de Jes\u00fas Aguado; edici\u00f3n de Inti Landauro; editado en espa\u00f1ol por Tom\u00e1s Cobos)<\/p>\n","protected":false},"excerpt":{"rendered":"MADRID, 22 sep (Reuters) -El banco espa\u00f1ol BBVA dijo el lunes que hab\u00eda elevado su oferta por su&hellip;\n","protected":false},"author":2,"featured_media":131187,"comment_status":"","ping_status":"","sticky":false,"template":"","format":"standard","meta":{"footnotes":""},"categories":[80],"tags":[1926,3285,82,95,94,25,24,1457,23],"class_list":{"0":"post-131186","1":"post","2":"type-post","3":"status-publish","4":"format-standard","5":"has-post-thumbnail","7":"category-economia","8":"tag-accion","9":"tag-bbva","10":"tag-business","11":"tag-economia","12":"tag-economy","13":"tag-es","14":"tag-espana","15":"tag-sabadell","16":"tag-spain"},"share_on_mastodon":{"url":"","error":""},"_links":{"self":[{"href":"https:\/\/www.europesays.com\/es\/wp-json\/wp\/v2\/posts\/131186","targetHints":{"allow":["GET"]}}],"collection":[{"href":"https:\/\/www.europesays.com\/es\/wp-json\/wp\/v2\/posts"}],"about":[{"href":"https:\/\/www.europesays.com\/es\/wp-json\/wp\/v2\/types\/post"}],"author":[{"embeddable":true,"href":"https:\/\/www.europesays.com\/es\/wp-json\/wp\/v2\/users\/2"}],"replies":[{"embeddable":true,"href":"https:\/\/www.europesays.com\/es\/wp-json\/wp\/v2\/comments?post=131186"}],"version-history":[{"count":0,"href":"https:\/\/www.europesays.com\/es\/wp-json\/wp\/v2\/posts\/131186\/revisions"}],"wp:featuredmedia":[{"embeddable":true,"href":"https:\/\/www.europesays.com\/es\/wp-json\/wp\/v2\/media\/131187"}],"wp:attachment":[{"href":"https:\/\/www.europesays.com\/es\/wp-json\/wp\/v2\/media?parent=131186"}],"wp:term":[{"taxonomy":"category","embeddable":true,"href":"https:\/\/www.europesays.com\/es\/wp-json\/wp\/v2\/categories?post=131186"},{"taxonomy":"post_tag","embeddable":true,"href":"https:\/\/www.europesays.com\/es\/wp-json\/wp\/v2\/tags?post=131186"}],"curies":[{"name":"wp","href":"https:\/\/api.w.org\/{rel}","templated":true}]}}