{"id":131188,"date":"2025-09-22T06:32:07","date_gmt":"2025-09-22T06:32:07","guid":{"rendered":"https:\/\/www.europesays.com\/es\/131188\/"},"modified":"2025-09-22T06:32:07","modified_gmt":"2025-09-22T06:32:07","slug":"un-nuevo-grupo-de-paises-occidentales-reconoce-este-lunes-en-la-onu-el-estado-palestino","status":"publish","type":"post","link":"https:\/\/www.europesays.com\/es\/131188\/","title":{"rendered":"Un nuevo grupo de pa\u00edses occidentales reconoce este lunes en la ONU el Estado palestino"},"content":{"rendered":"<p>    <img src=\"https:\/\/www.europesays.com\/es\/wp-content\/uploads\/2025\/09\/2025-09-22T053A443A39Z-90042778.jpg\" width=\"1024\" height=\"682\" alt=\"\" loading=\"eager\" decoding=\"sync\" fetchpriority=\"high\"\/><\/p>\n<p>            afp_tickers        <\/p>\n<p>        Este contenido fue publicado en    <\/p>\n<p>        22 septiembre 2025 &#8211; 07:44\n<\/p>\n<p>Francia, el Reino Unido, Australia y Portugal, entre otros, reconocer\u00e1n este lunes el Estado palestino en el primer d\u00eda de la Asamblea General de la ONU en Nueva York, una medida de presi\u00f3n a Israel para que ponga fin a la guerra en Gaza.\u00a0<\/p>\n<p>Este reconocimiento por parte de algunos de los tradicionales aliados occidentales de Israel supone un cambio diplom\u00e1tico hist\u00f3rico, condenado por el primer ministro israel\u00ed, Benjamin Netanyahu, y criticado por Estados Unidos.<\/p>\n<p>El gesto, ante todo simb\u00f3lico, tendr\u00e1 lugar durante una cumbre organizada por Francia y Arabia Saudita sobre la llamada soluci\u00f3n de dos Estados, es decir la convivencia en paz y seguridad de un estado israel\u00ed junto a otro palestino.\u00a0<\/p>\n<p>El reconocimiento el resultado de un proceso de varios meses que hace unos d\u00edas ya permiti\u00f3 aprobar por amplia mayor\u00eda en la Asamblea General un texto que apoya la creaci\u00f3n de un futuro Estado palestino pero excluyendo expl\u00edcitamente al movimiento islamista Ham\u00e1s, una condici\u00f3n exigida por numerosos pa\u00edses occidentales.<\/p>\n<p>Los palestinos \u00abquieren una naci\u00f3n, quieren un Estado y no debemos empujarlos hacia Ham\u00e1s. Si no les ofrecemos una perspectiva pol\u00edtica y el reconocimiento (\u2026), quedar\u00e1n atrapados con Ham\u00e1s como \u00fanica soluci\u00f3n\u00bb, dijo el domingo para justificar su decisi\u00f3n el presidente franc\u00e9s Emmanuel Macron, en declaraciones a la cadena estadounidense CBS.<\/p>\n<p>\u00abSi queremos aislar a Ham\u00e1s, el proceso de reconocimiento y el plan de paz que lo acompa\u00f1a son una condici\u00f3n previa\u00bb, agreg\u00f3.<\/p>\n<p>El domingo, horas antes del inicio de la reuni\u00f3n en la ONU, Francia, as\u00ed como el Reino Unido, Canad\u00e1, Australia y Portugal formalizaron el reconocimiento.<\/p>\n<p>Al menos 145 de los 193 pa\u00edses miembros de la ONU reconocen el Estado palestino, seg\u00fan un recuento de AFP.\u00a0Sin embargo los palestinos mantienen de momento su estatus de observador en Naciones Unidas, cuya aspiraci\u00f3n a ser un miembro pleno ha sido bloqueada por Estados Unidos.<\/p>\n<p>Se espera que otros pa\u00edses formalicen el lunes el reconocimiento, entre ellos Andorra, B\u00e9lgica, Luxemburgo, Malta y San Marino, indic\u00f3 la presidencia francesa.<\/p>\n<p>En la Franja de Gaza, el ej\u00e9rcito israel\u00ed sigue intensificando su ofensiva, iniciada tras el ataque de Ham\u00e1s de octubre de 2023, y pese a la presi\u00f3n sobre Israel para que detenga la guerra en el territorio palestino, devastado por dos a\u00f1os de conflicto.<\/p>\n<p>\u2013 \u00abPaz justa y duradera\u00bb-<\/p>\n<p>El presidente de la Autoridad Palestina, Mahmud Ab\u00e1s, que el lunes participar\u00e1 en la cumbre a distancia despu\u00e9s de que le denegaran una visa para Estados Unidos, asegur\u00f3 que el reconocimiento es \u00abun paso importante y necesario hacia la realizaci\u00f3n de una paz justa y duradera\u00bb.<\/p>\n<p>Algunos diplom\u00e1ticos, no obstante, temen represalias israel\u00edes.\u00a0<\/p>\n<p>Netanyahu, reiter\u00f3 el domingo que no habr\u00e1 un Estado palestino y amenaz\u00f3 con extender la colonizaci\u00f3n en Cisjordania, mientras dos ministros israel\u00edes de ultraderecha, Itamar Ben Gvir y Bezalel Smotrich, pidieron la anexi\u00f3n de este territorio palestino ocupado.<\/p>\n<p>\u00abNo deber\u00edamos sentirnos intimidados por el riesgo de represalias\u00bb de Israel, dijo el secretario general de la ONU, Antonio Guterres, a AFP.\u00a0<\/p>\n<p>En este contexto, el discurso de Netanyahu ante la Asamblea General de la ONU, previsto el viernes, es muy esperado, as\u00ed como el del presidente Donald Trump, el martes.\u00a0<\/p>\n<p>Estados Unidos, el principal aliado de Israel, se ha opuesto claramente al proceso de reconocimiento. El Departamento de Estado estadounidense critic\u00f3 el domingo los \u00abgestos teatrales\u00bb de algunos de sus aliados clave y asegur\u00f3 que su foco radica en \u00abla diplomacia seria\u00bb.<\/p>\n<p>El ataque de Ham\u00e1s del 7 de octubre de 2023 en territorio israel\u00ed caus\u00f3 la muerte de 1.219 personas, en su mayor\u00eda civiles, seg\u00fan datos oficiales.<\/p>\n<p>Seg\u00fan el Ministerio de Salud del gobierno de Ham\u00e1s, las represalias israel\u00edes en la Franja de Gaza, donde Ham\u00e1s tom\u00f3 el poder en 2007, se han cobrado la vida de 65.062 palestinos, en su mayor\u00eda civiles.<\/p>\n<p>abd\/bpe\/atm\/pc<\/p>\n","protected":false},"excerpt":{"rendered":"afp_tickers Este contenido fue publicado en 22 septiembre 2025 &#8211; 07:44 Francia, el Reino Unido, Australia y Portugal,&hellip;\n","protected":false},"author":2,"featured_media":131189,"comment_status":"","ping_status":"","sticky":false,"template":"","format":"standard","meta":{"footnotes":""},"categories":[42],"tags":[635,17,18,636,83,13,14,11,61,62,63,14688,86,64,19,20,9,10,15,16,88,90,12,21,22,65,66,67],"class_list":{"0":"post-131188","1":"post","2":"type-post","3":"status-publish","4":"format-standard","5":"has-post-thumbnail","7":"category-internacional","8":"tag-armed-conflict","9":"tag-breaking-news","10":"tag-breakingnews","11":"tag-conflict","12":"tag-diplomacy","13":"tag-featured-news","14":"tag-featurednews","15":"tag-headlines","16":"tag-internacional","17":"tag-international","18":"tag-international-news","19":"tag-international-organisation","20":"tag-international-relations","21":"tag-internationalnews","22":"tag-latest-news","23":"tag-latestnews","24":"tag-news","25":"tag-noticias","26":"tag-noticias-destacadas","27":"tag-noticiasdestacadas","28":"tag-politics","29":"tag-ticker","30":"tag-titulares","31":"tag-ultimas-noticias","32":"tag-ultimasnoticias","33":"tag-world","34":"tag-world-news","35":"tag-worldnews"},"share_on_mastodon":{"url":"","error":""},"_links":{"self":[{"href":"https:\/\/www.europesays.com\/es\/wp-json\/wp\/v2\/posts\/131188","targetHints":{"allow":["GET"]}}],"collection":[{"href":"https:\/\/www.europesays.com\/es\/wp-json\/wp\/v2\/posts"}],"about":[{"href":"https:\/\/www.europesays.com\/es\/wp-json\/wp\/v2\/types\/post"}],"author":[{"embeddable":true,"href":"https:\/\/www.europesays.com\/es\/wp-json\/wp\/v2\/users\/2"}],"replies":[{"embeddable":true,"href":"https:\/\/www.europesays.com\/es\/wp-json\/wp\/v2\/comments?post=131188"}],"version-history":[{"count":0,"href":"https:\/\/www.europesays.com\/es\/wp-json\/wp\/v2\/posts\/131188\/revisions"}],"wp:featuredmedia":[{"embeddable":true,"href":"https:\/\/www.europesays.com\/es\/wp-json\/wp\/v2\/media\/131189"}],"wp:attachment":[{"href":"https:\/\/www.europesays.com\/es\/wp-json\/wp\/v2\/media?parent=131188"}],"wp:term":[{"taxonomy":"category","embeddable":true,"href":"https:\/\/www.europesays.com\/es\/wp-json\/wp\/v2\/categories?post=131188"},{"taxonomy":"post_tag","embeddable":true,"href":"https:\/\/www.europesays.com\/es\/wp-json\/wp\/v2\/tags?post=131188"}],"curies":[{"name":"wp","href":"https:\/\/api.w.org\/{rel}","templated":true}]}}