{"id":131200,"date":"2025-09-22T06:43:05","date_gmt":"2025-09-22T06:43:05","guid":{"rendered":"https:\/\/www.europesays.com\/es\/131200\/"},"modified":"2025-09-22T06:43:05","modified_gmt":"2025-09-22T06:43:05","slug":"el-barca-mas-puro-por-santi-nolla","status":"publish","type":"post","link":"https:\/\/www.europesays.com\/es\/131200\/","title":{"rendered":"El Bar\u00e7a m\u00e1s puro, por Santi Nolla"},"content":{"rendered":"<p data-gtm-element-container=\"modulo-texto-link\" class=\"paragraph\">Al <strong>Bar\u00e7a <\/strong>de los \u00faltimos a\u00f1os siempre se le ha buscado que imitara algo. O al <strong>Dream<\/strong> <strong>Team <\/strong>o al de <strong>Messi<\/strong>, <strong>Guardiola<\/strong>, <strong>Valverde <\/strong>o <strong>Luis Enrique<\/strong>.  Pero el equipo de Flick no copia. Es, seguramente, uno de los <strong>Bar\u00e7a <\/strong>m\u00e1s puros porque no se le puede poner el apellido de nadie m\u00e1s que no est\u00e9 en el equipo, aunque se busque intensamente. Y es bueno que el Bar\u00e7a vaya hacia adelante, con su propio sello, sin tener que responder a referentes que ya hicieron su trabajo y que no tienen por qu\u00e9 repetirse en la historia.  <strong>Flick <\/strong>es hijo de la escuela alemana y la calidad de los jugadores blaugrana es personal e intransferible. Es posible que se quiera ver a <strong>Xavi <\/strong>o <strong>Iniesta <\/strong>en <strong>Pedri<\/strong>, pero cada uno es distinto y el <strong>Bar\u00e7a <\/strong>necesita renovar los referentes, en lugar de seguir viviendo del pasado, por muy luminoso que fuera.<\/p>\n<p data-gtm-element-container=\"modulo-texto-link\" class=\"paragraph\"><strong>Joan Garcia<\/strong> tiene marca propia y responde a la figura del meta actual, no a la de los tiempos pasados.  Posee m\u00e1s registros, como casi todos los jugadores, porque vienen de otra preparaci\u00f3n en la base y poseen su propio talento.  <strong>Flick <\/strong>les ha dado un sistema con personalidad, basado en caracter\u00edsticas propias con una defensa muy adelantada, una intensidad del primero al \u00faltimo minuto, un buen f\u00edsico y un tono vertical. Y los jugadores van respondiendo. <strong>Ferran <\/strong>y <strong>Olmo <\/strong>fueron las figuras ante el <strong>Getafe<\/strong> (con un excelente <strong>Pedri <\/strong>y <strong>Eric<\/strong>) y al final en los tres \u00faltimos partidos sin <strong>Lamine <\/strong>el <strong>Bar\u00e7a <\/strong>ha marcado 11 goles y solo ha encajado uno. Sale al campo <strong>Christensen <\/strong>y cumple como cualquiera de los futbolistas de la plantilla. Contra el equipo de <strong>Bordal\u00e1s <\/strong>volvieron a hacer una buena exhibici\u00f3n de f\u00fatbol frente a un bloque que hizo 15 faltas y dispar\u00f3 dos veces entre los tres palos.  Ahora se ha puesto de moda que los entrenadores hablen del dinero de las plantillas. Lo hizo <strong>Guardiola <\/strong>antes de jugar frente al <strong>Arsenal <\/strong>y <strong>Bordal\u00e1s <\/strong>despu\u00e9s de enfrentarse contra el <strong>Bar\u00e7a<\/strong>.  No es la mejor v\u00eda. El f\u00fatbol es grande y universal porque en cualquier partido puede pasar cualquier cosa y la diferencia entre los grandes gastadores es menor. Que se lo pregunten al <strong>Bar\u00e7a <\/strong>esta temporada y la pasada con una inversi\u00f3n m\u00ednima para un resultado m\u00e1ximo.<\/p>\n","protected":false},"excerpt":{"rendered":"Al Bar\u00e7a de los \u00faltimos a\u00f1os siempre se le ha buscado que imitara algo. O al Dream Team&hellip;\n","protected":false},"author":2,"featured_media":131201,"comment_status":"","ping_status":"","sticky":false,"template":"","format":"standard","meta":{"footnotes":""},"categories":[268],"tags":[168,25,24,280,282,281,23,167],"class_list":{"0":"post-131200","1":"post","2":"type-post","3":"status-publish","4":"format-standard","5":"has-post-thumbnail","7":"category-futbol","8":"tag-deportes","9":"tag-es","10":"tag-espana","11":"tag-football","12":"tag-futbol","13":"tag-soccer","14":"tag-spain","15":"tag-sports"},"share_on_mastodon":{"url":"","error":""},"_links":{"self":[{"href":"https:\/\/www.europesays.com\/es\/wp-json\/wp\/v2\/posts\/131200","targetHints":{"allow":["GET"]}}],"collection":[{"href":"https:\/\/www.europesays.com\/es\/wp-json\/wp\/v2\/posts"}],"about":[{"href":"https:\/\/www.europesays.com\/es\/wp-json\/wp\/v2\/types\/post"}],"author":[{"embeddable":true,"href":"https:\/\/www.europesays.com\/es\/wp-json\/wp\/v2\/users\/2"}],"replies":[{"embeddable":true,"href":"https:\/\/www.europesays.com\/es\/wp-json\/wp\/v2\/comments?post=131200"}],"version-history":[{"count":0,"href":"https:\/\/www.europesays.com\/es\/wp-json\/wp\/v2\/posts\/131200\/revisions"}],"wp:featuredmedia":[{"embeddable":true,"href":"https:\/\/www.europesays.com\/es\/wp-json\/wp\/v2\/media\/131201"}],"wp:attachment":[{"href":"https:\/\/www.europesays.com\/es\/wp-json\/wp\/v2\/media?parent=131200"}],"wp:term":[{"taxonomy":"category","embeddable":true,"href":"https:\/\/www.europesays.com\/es\/wp-json\/wp\/v2\/categories?post=131200"},{"taxonomy":"post_tag","embeddable":true,"href":"https:\/\/www.europesays.com\/es\/wp-json\/wp\/v2\/tags?post=131200"}],"curies":[{"name":"wp","href":"https:\/\/api.w.org\/{rel}","templated":true}]}}