{"id":131204,"date":"2025-09-22T06:45:07","date_gmt":"2025-09-22T06:45:07","guid":{"rendered":"https:\/\/www.europesays.com\/es\/131204\/"},"modified":"2025-09-22T06:45:07","modified_gmt":"2025-09-22T06:45:07","slug":"exposicion-de-maria-helena-vieira-da-silva-en-el-guggenheim-bilbao","status":"publish","type":"post","link":"https:\/\/www.europesays.com\/es\/131204\/","title":{"rendered":"Exposici\u00f3n de Maria Helena Vieira da Silva en el Guggenheim Bilbao"},"content":{"rendered":"<p>\n        <a href=\"https:\/\/www.deia.eus\/cultura\/2025\/09\/01\/guggenheim-roza-mejor-verano-visitas-10032225.html\" title=\"Tras un verano exitoso de p\u00fablico \u2013el segundo mejor de su historia con 478.315 visitantes\u2013\" class=\"link copy\" rel=\"nofollow noopener\" target=\"_blank\">Tras un verano exitoso de p\u00fablico \u2013el segundo mejor de su historia con 478.315 visitantes\u2013 el <\/a><a href=\"https:\/\/www.deia.eus\/tags\/museo-guggenheim-bilbao\/\" title=\"Guggenheim Bilbao\" class=\"link copy\" rel=\"nofollow noopener\" target=\"_blank\">Guggenheim Bilbao<\/a> se prepara para acoger una <strong>ambiciosa programaci\u00f3n art\u00edstica, que arrancar\u00e1 con la obra de Maria Helena Vieira da Silva, una de las artistas pl\u00e1sticas portuguesas m\u00e1s singulares de este sigl<\/strong>o. Ser\u00e1 <strong>el 16 de octubre cuando el museo bilbaino abra al p\u00fablico la exposici\u00f3n Anatom\u00eda del espacio<\/strong>, que mostrar\u00e1 la evoluci\u00f3n del lenguaje visual de la pintora desde la d\u00e9cada de 1930 hasta finales de la d\u00e9cada de los 80.\n<\/p>\n<p class=\"article-body__text \">\n        <strong>Comisariada por Flavia Frigeri,  incluye una selecci\u00f3n de unas setenta obras clave <\/strong>procedentes de prestigiosas entidades museales internacionales,<strong> entre las cuales est\u00e1n el Centre Georges Pompidou de Par\u00eds, el Guggenheim Nueva York, el Moma o la Tate Modern de Londres. <\/strong>\n<\/p>\n<p class=\"article-body__text \">\n        Vieira da Silva (1908-1992) naci\u00f3 en Lisboa y se form\u00f3 en la capital portuguesa y en Par\u00eds.<strong> El espacio es la idea central de su obra, que fusiona tradici\u00f3n y modernidad, con especial atenci\u00f3n al espacio arquitect\u00f3nico. Sus composiciones, seg\u00fan se explica desde el museo, presentan estructuras laber\u00ednticas, ritmos crom\u00e1ticos y perspectivas fragmentadas<\/strong>. Entre ellas, <strong>Habitaci\u00f3n ajedrezada (1935) o Figura de ballet (1948)<\/strong>, que reflejan ese inter\u00e9s por la arquitectura y el movimiento, y eliminan la distinci\u00f3n entre figura y fondo.\n<\/p>\n<p class=\"article-body__text \">\n        Influida por sus estudios de escultura y anatom\u00eda, as\u00ed como por grandes maestros del pasado como Paul C\u00e9zanne y los movimientos vanguardistas del siglo XX, <strong>Vieira da Silva desarroll\u00f3 un lenguaje pict\u00f3rico propio, que funde lo f\u00edsico con el tiempo y la memoria.<\/strong>\n<\/p>\n<p class=\"article-body__text \">\n        La exposici\u00f3n, que se acaba de presentar en el Peggy Guggenheim de Venecia, pretende poner de relieve la capacidad de Vieira da Silva para transformar el espacio pict\u00f3rico en entornos abstractos e ilusiones \u00f3pticas, combinando influencias del cubismo, el futurismo, la tradici\u00f3n decorativa portuguesa y los paisajes urbanos.<strong> Anatom\u00eda de un espacio recorre su carrera desde los a\u00f1os 30 hasta los 80, con especial atenci\u00f3n a la escena art\u00edstica internacional de Par\u00eds, ciudad a la que se traslad\u00f3 muy joven, y al periodo de exilio en R\u00edo de Janeiro durante la Segunda Guerra Mundial, junto a su marido \u00c1rp\u00e1d Szenes, tambi\u00e9n artista.<\/strong>\n<\/p>\n<p><strong>\u2018Anatom\u00eda del espacio\u2019<\/strong><\/p>\n<p><strong>Hasta el 22 de febrero.<\/strong> El museo ofrecer\u00e1 la muestra \u2018Maria Helena Vieira da Silva: Anatom\u00eda del espacio\u2019, una exploraci\u00f3n en profundidad de la evoluci\u00f3n del lenguaje visual de la artista de origen portugu\u00e9s.<\/p>\n<p><strong>Momentos clave.<\/strong> Analiza los momentos clave de la carrera de Vieira da Silva desde la d\u00e9cada de 1930 hasta finales de la de 1980.<\/p>\n<p class=\"article-body__text \">\n        <strong>La artista ten\u00eda v\u00ednculos tanto con Peggy Guggenheim como con Solomon R. Guggenheim a trav\u00e9s de Hilla Rebay, la primera directora del Museum of Non-Objective Painting<\/strong>, precursor del museo Guggenheim de Nueva York, que fue uno de sus primeros apoyos.\n<\/p>\n<p>  Una artista comprometida <\/p>\n<p class=\"article-body__text \">\n        <strong>Maria Helena Vieira da Silva naci\u00f3 en 1908 en una familia acomodada: su padre, Marcos Vieira da Silva, era embajador portugu\u00e9s en Suiza, donde ella pas\u00f3 su primera infancia. A la muerte de \u00e9l, su madre y ella regresaron a Lisboa <\/strong>para instalarse en la casa de su abuelo materno, un magnate de la prensa portuguesa.\n<\/p>\n<p class=\"article-body__text \">\n        <strong>Antes de cumplir los veinte a\u00f1os estaba en Par\u00eds, estudiando en la academia La Grande Chaumi\u00e8re junto al reconocido escultor Antoine Bourdelle<\/strong>, y despu\u00e9s comenz\u00f3 a <strong>frecuentar el taller de Fernand L\u00e9ger, adem\u00e1s de otros c\u00edrculos art\u00edsticos de la ciudad, <\/strong>y pudo exponer sus primeras obras. A los 21 a\u00f1os se cas\u00f3 con el pintor h\u00fangaro de origen jud\u00edo \u00c1rp\u00e1d Szenes.\n<\/p>\n<p class=\"article-body__text \">\n        <strong>Durante la compleja d\u00e9cada de los a\u00f1os 30, comprometidos con causas como el apoyo a las v\u00edctimas de la Guerra Civil espa\u00f1ola, sortearon el auge de los fascismos europeos entre Par\u00eds y Lisboa. <\/strong>Al<strong> estallar la II Guerra Mundial emigraron a Brasil, donde vivieron siete a\u00f1os y prosiguieron su pr\u00e1ctica art\u00edstica. En 1946, Vieira da Silva realiz\u00f3 su primera exposici\u00f3n individual en Nueva York. <\/strong>\n<\/p>\n<p class=\"article-body__text \">\n        <strong>La artista regres\u00f3 a Portugal en 1947 pero el dictador Oliveira Salazar neg\u00f3 la nacionalidad portuguesa a su marido, por lo que Vieira da Silva rompi\u00f3 definitivamente con su patria nata<\/strong>l, <strong>nacionaliz\u00e1ndose francesa. <\/strong>En 1947 volvi\u00f3 con su marido a Par\u00eds, que se convirti\u00f3 ya en su residencia definitiva y donde esta creadora logr\u00f3 una gran notoriedad.\n<\/p>\n<p class=\"article-body__text \">\n        Vieira da Silva, que dec\u00eda querer pintar las cosas que no existen \u201ccomo si existiesen\u201d, <strong>sufri\u00f3 las influencias de las escuelas cubistas y simbolistas pero a partir de los a\u00f1os cincuenta su obra adquiri\u00f3 un car\u00e1cter cada vez m\u00e1s personal situ\u00e1ndola al margen de todas las corrientes contempor\u00e1neas.<\/strong>\n<\/p>\n<p class=\"article-body__text \">\n        <strong>S\u00f3lo regresar\u00eda a Lisboa, despu\u00e9s de enviudar, con motivo de un gran homenaje nacional y una exposici\u00f3n retrospectiva de su obra organizada en 1988 para conmemorar su 80 aniversario. <\/strong><\/p>\n","protected":false},"excerpt":{"rendered":"Tras un verano exitoso de p\u00fablico \u2013el segundo mejor de su historia con 478.315 visitantes\u2013 el Guggenheim Bilbao&hellip;\n","protected":false},"author":2,"featured_media":131205,"comment_status":"","ping_status":"","sticky":false,"template":"","format":"standard","meta":{"footnotes":""},"categories":[173],"tags":[229,233,231,230,2601,7164,232,234,146,147,25,24,2003,983,42039,1932,2469,23,42040],"class_list":{"0":"post-131204","1":"post","2":"type-post","3":"status-publish","4":"format-standard","5":"has-post-thumbnail","7":"category-arte-y-diseno","8":"tag-arte","9":"tag-arte-y-diseno","10":"tag-arts","11":"tag-arts-and-design","12":"tag-bilbao","13":"tag-da","14":"tag-design","15":"tag-diseno","16":"tag-entertainment","17":"tag-entretenimiento","18":"tag-es","19":"tag-espana","20":"tag-exposicion","21":"tag-guggenheim","22":"tag-helena","23":"tag-maria","24":"tag-silva","25":"tag-spain","26":"tag-vieira"},"share_on_mastodon":{"url":"","error":""},"_links":{"self":[{"href":"https:\/\/www.europesays.com\/es\/wp-json\/wp\/v2\/posts\/131204","targetHints":{"allow":["GET"]}}],"collection":[{"href":"https:\/\/www.europesays.com\/es\/wp-json\/wp\/v2\/posts"}],"about":[{"href":"https:\/\/www.europesays.com\/es\/wp-json\/wp\/v2\/types\/post"}],"author":[{"embeddable":true,"href":"https:\/\/www.europesays.com\/es\/wp-json\/wp\/v2\/users\/2"}],"replies":[{"embeddable":true,"href":"https:\/\/www.europesays.com\/es\/wp-json\/wp\/v2\/comments?post=131204"}],"version-history":[{"count":0,"href":"https:\/\/www.europesays.com\/es\/wp-json\/wp\/v2\/posts\/131204\/revisions"}],"wp:featuredmedia":[{"embeddable":true,"href":"https:\/\/www.europesays.com\/es\/wp-json\/wp\/v2\/media\/131205"}],"wp:attachment":[{"href":"https:\/\/www.europesays.com\/es\/wp-json\/wp\/v2\/media?parent=131204"}],"wp:term":[{"taxonomy":"category","embeddable":true,"href":"https:\/\/www.europesays.com\/es\/wp-json\/wp\/v2\/categories?post=131204"},{"taxonomy":"post_tag","embeddable":true,"href":"https:\/\/www.europesays.com\/es\/wp-json\/wp\/v2\/tags?post=131204"}],"curies":[{"name":"wp","href":"https:\/\/api.w.org\/{rel}","templated":true}]}}