{"id":131210,"date":"2025-09-22T06:49:21","date_gmt":"2025-09-22T06:49:21","guid":{"rendered":"https:\/\/www.europesays.com\/es\/131210\/"},"modified":"2025-09-22T06:49:21","modified_gmt":"2025-09-22T06:49:21","slug":"dunkerque-la-tension-del-cine-frente-a-la-realidad-historica","status":"publish","type":"post","link":"https:\/\/www.europesays.com\/es\/131210\/","title":{"rendered":"&#8216;Dunkerque&#8217;, la tensi\u00f3n del cine frente a la realidad hist\u00f3rica"},"content":{"rendered":"<p class=\"description\"><b>\u00a1Oferta especial!<\/b> Suscr\u00edbete por solo 1\u20ac al mes a la revista Historia National Geographic. <b>Solo a los 500 primeros<\/b>.<\/p>\n<p class=\"description\"><b>\u00a1Novedad!<\/b> Consigue la nueva edici\u00f3n especial de Historia NG: Grandes Episodios de Grecia.<\/p>\n<p>El director brit\u00e1nico <strong>Christopher Nolan llev\u00f3 a la gran pantalla hace poco menos de una d\u00e9cada la angustiosa operaci\u00f3n de evacuaci\u00f3n de Dunkerque, uno de los episodios m\u00e1s recordados de la Segunda Guerra Mundial, en la pel\u00edcula hom\u00f3nima \u2018Dunkerque\u2019 (2017)<\/strong>. Con un marcado estilo visual y que busca sumergir al espectador en la experiencia de los combatientes, la pel\u00edcula enfatiza la tensi\u00f3n psicol\u00f3gica, la supervivencia y el tiempo como enemigo.<\/p>\n<p>Sin embargo, esa apuesta est\u00e9tica y narrativa se apoya en simplificaciones, licencias art\u00edsticas y giros dram\u00e1ticos que alteran lo ocurrido realmente, dando como resultado un film poderoso, pero no siempre fiel a los hechos hist\u00f3ricos.<\/p>\n<p>EL PAPEL DE LAS PEQUE\u00d1AS EMBARCACIONES EN LA EVACUACI\u00d3N<\/p>\n<p>Durante la invasi\u00f3n de Francia por parte de las tropas del Tercer Reich, la localidad portuaria de Dunkerque, al norte del pa\u00eds, qued\u00f3 sitiada, conduciendo a las tropas aliadas a una muerte anunciada. Para tratar de evacuar las tropas que hab\u00edan quedado atrapadas antes de que fuese demasiado tarde, los Aliados enviaron toda la flota disponible en su b\u00fasqueda: un crucero, ocho destructores y veintis\u00e9is embarcaciones, algo insuficiente dado el elevado n\u00famero de personas a evacuar.<\/p>\n<p><strong>Por este motivo, 400 peque\u00f1as embarcaciones privadas cruzaron desde Reino Unido el canal de la Mancha de forma voluntaria para tratar de rescatar al mayor n\u00famero posible de soldados de las playas de Dunkerque<\/strong>.<\/p>\n<p class=\"relatedTitle\">Art\u00edculo recomendado<\/p>\n<p><a href=\"https:\/\/historia.nationalgeographic.com.es\/a\/soy-isabel-castilla-voy-consumar-mi-matrimonio-prohibido-fernando-aragon_24567\" class=\"rel\" rel=\"nofollow noopener\" target=\"_blank\">&#13;&#13;<img decoding=\"async\" src=\"https:\/\/www.europesays.com\/es\/wp-content\/uploads\/2025\/09\/cp-25-09-03-c151_75550dde_250919161337_800x800.webp.webp\" alt=\"CP 25 09 03 C151\" class=\"imagenRelacionado lazyload\"\/>&#13;&#13;<\/p>\n<p class=\"title\">\u00abVoy a consumar un matrimonio prohibido\u00bb<\/p>\n<p class=\"readarticle\">Leer art\u00edculo<\/p>\n<p><\/a><\/p>\n<p>El filme muestra c\u00f3mo la determinaci\u00f3n de la poblaci\u00f3n civil que cruz\u00f3 el canal con sus peque\u00f1as embarcaciones personales fue crucial para salvar a un gran n\u00famero de soldados, especialmente durante los \u00faltimos instantes de la evacuaci\u00f3n. Sin embargo, esto responde a una licencia dram\u00e1tica para poner en valor su heroicidad, ya que seg\u00fan los hechos reales, <strong>estas peque\u00f1as embarcaciones jugaron un papel minoritario, y seg\u00fan historiadores como James Holland, solo habr\u00edan rescatado a un 5% de la totalidad de los evacuados<\/strong>.<\/p>\n<p>AUSENCIA DE LOS FRANCESES EN LA EVACUACI\u00d3N<\/p>\n<p>A lo largo de la pel\u00edcula, la mayor\u00eda de personajes que se presentan en la trama son de origen brit\u00e1nico, incluyendo tanto a los soldados, como a los pilotos de la RAF y los pilotos de las peque\u00f1as embarcaciones que cruzan el canal de la Mancha para rescatar a las tropas sitiadas. <strong>De este modo, se relega pr\u00e1cticamente por completo la aparici\u00f3n de personajes de origen franc\u00e9s, que aunque s\u00ed son mostrados en el filme, lo hacen de manera testimonial<\/strong>.<\/p>\n<p>Sin embargo, las fuentes hist\u00f3ricas sostienen que hubo una importante presencia francesa durante los acontecimientos, y que adem\u00e1s estas tropas galas se erigieron como una parte importante para la exitosa evacuaci\u00f3n, ya que muchos de ellos se sacrificaron tratando de contener a los nazis, manteni\u00e9ndolos a raya y cubriendo la retirada. Adem\u00e1s, se estima que decenas de miles de franceses fueron igualmente evacuados de las playas de Dunkerque.<\/p>\n<p>PAISAJE CLIM\u00c1TICO Y ESTADO DEL MAR<\/p>\n<p>Durante la pel\u00edcula, se muestra la alternancia de elementos clim\u00e1ticos como cielos tormentosos, un fuerte oleaje mar\u00edtimo, nubes bajas y un fuerte viento, que sin embargo en otras escenas dan paso a un sol cegador, o un cielo completamente claro, lo que sirve dentro de la ficci\u00f3n cinematogr\u00e1fica para dramatizar ciertos momentos.<\/p>\n<p>No obstante, seg\u00fan se tiene constancia, entre el 26 y el 27 de mayo de 1940, las playas de Dunkerque presentaban <strong>un cielo claramente nublado, con un mar en calma y unas nubes bajas que imposibilitaban las incursiones a\u00e9reas<\/strong>, minimizando la visibilidad a los bombarderos alemanes.<\/p>\n<p><a data-saferedirecturl=\"https:\/\/www.google.com\/url?q=https:\/\/whatsapp.com\/channel\/0029VaDAHB4DeON4YHlSqu2h&amp;source=gmail&amp;ust=1758207576062000&amp;usg=AOvVaw2mpICLbdD8H47RcsWffxyk\" href=\"https:\/\/whatsapp.com\/channel\/0029VaDAHB4DeON4YHlSqu2h\" rel=\"noreferrer noopener external nofollow\" target=\"_blank\">Suscr\u00edbete a nuestro canal de WhatsApp<\/a>\u00a0y recibe las \u00faltimas noticias sobre Ciencia, Animales y Medio Ambiente, as\u00ed como las mejores fotos al estilo National Geographic.\u00a0<\/p>\n","protected":false},"excerpt":{"rendered":"\u00a1Oferta especial! Suscr\u00edbete por solo 1\u20ac al mes a la revista Historia National Geographic. Solo a los 500&hellip;\n","protected":false},"author":2,"featured_media":131211,"comment_status":"","ping_status":"","sticky":false,"template":"","format":"standard","meta":{"footnotes":""},"categories":[169],"tags":[12162,177,42041,146,147,25,24,176,317,175,11343,23],"class_list":{"0":"post-131210","1":"post","2":"type-post","3":"status-publish","4":"format-standard","5":"has-post-thumbnail","7":"category-cine","8":"tag-aliados","9":"tag-cine","10":"tag-dunkerque","11":"tag-entertainment","12":"tag-entretenimiento","13":"tag-es","14":"tag-espana","15":"tag-film","16":"tag-francia","17":"tag-movies","18":"tag-segunda-guerra-mundial","19":"tag-spain"},"share_on_mastodon":{"url":"","error":""},"_links":{"self":[{"href":"https:\/\/www.europesays.com\/es\/wp-json\/wp\/v2\/posts\/131210","targetHints":{"allow":["GET"]}}],"collection":[{"href":"https:\/\/www.europesays.com\/es\/wp-json\/wp\/v2\/posts"}],"about":[{"href":"https:\/\/www.europesays.com\/es\/wp-json\/wp\/v2\/types\/post"}],"author":[{"embeddable":true,"href":"https:\/\/www.europesays.com\/es\/wp-json\/wp\/v2\/users\/2"}],"replies":[{"embeddable":true,"href":"https:\/\/www.europesays.com\/es\/wp-json\/wp\/v2\/comments?post=131210"}],"version-history":[{"count":0,"href":"https:\/\/www.europesays.com\/es\/wp-json\/wp\/v2\/posts\/131210\/revisions"}],"wp:featuredmedia":[{"embeddable":true,"href":"https:\/\/www.europesays.com\/es\/wp-json\/wp\/v2\/media\/131211"}],"wp:attachment":[{"href":"https:\/\/www.europesays.com\/es\/wp-json\/wp\/v2\/media?parent=131210"}],"wp:term":[{"taxonomy":"category","embeddable":true,"href":"https:\/\/www.europesays.com\/es\/wp-json\/wp\/v2\/categories?post=131210"},{"taxonomy":"post_tag","embeddable":true,"href":"https:\/\/www.europesays.com\/es\/wp-json\/wp\/v2\/tags?post=131210"}],"curies":[{"name":"wp","href":"https:\/\/api.w.org\/{rel}","templated":true}]}}