{"id":131214,"date":"2025-09-22T06:52:09","date_gmt":"2025-09-22T06:52:09","guid":{"rendered":"https:\/\/www.europesays.com\/es\/131214\/"},"modified":"2025-09-22T06:52:09","modified_gmt":"2025-09-22T06:52:09","slug":"nagore-aranburu-la-protagonista-de-querer-esta-en-todos-lados-estrena-tres-peliculas-y-una-serie-en-san-sebastian-cine-estrenos-y-criticas","status":"publish","type":"post","link":"https:\/\/www.europesays.com\/es\/131214\/","title":{"rendered":"Nagore Aranburu, la protagonista de \u2018Querer\u2019, est\u00e1 en todos lados: estrena tres pel\u00edculas y una serie en San Sebasti\u00e1n | Cine: estrenos y cr\u00edticas"},"content":{"rendered":"<p class=\"\">Como si fuera un gran secreto, la actriz <a href=\"https:\/\/elpais.com\/television\/2024-10-20\/querer-arte-sin-adjetivos.html\" target=\"_self\" rel=\"nofollow noopener\" title=\"https:\/\/elpais.com\/television\/2024-10-20\/querer-arte-sin-adjetivos.html\">Nagore Aranburu <\/a>(Azpeitia, Gipuzkoa, 49 a\u00f1os) ha estado durante a\u00f1os trabajando sin parar, de pel\u00edcula en pel\u00edcula, mientras directores como <a href=\"https:\/\/elpais.com\/noticias\/jose-maria-goenaga-balerdi\/\" target=\"_self\" rel=\"nofollow noopener\" title=\"https:\/\/elpais.com\/noticias\/jose-maria-goenaga-balerdi\/\">los Moriarti, <\/a>Asier Altuna o Telmo Esnal hablaban maravillas de su capacidad interpretativa. Sin embargo, el resto de los espectadores espa\u00f1oles se fijaron en ella gracias a la concatenaci\u00f3n de La herida, Loreak y Amama, sigui\u00f3 siendo esa cara secundaria en Patria, Competencia oficial o Irati, hasta que lleg\u00f3 el estallido de <a href=\"https:\/\/elpais.com\/cultura\/2024-07-28\/amor-limites-y-consentimiento-en-el-querer-de-alauda-ruiz-de-azua-el-miedo-puede-ser-invisible.html#?rel=mas\" target=\"_self\" rel=\"nofollow noopener\" title=\"https:\/\/elpais.com\/cultura\/2024-07-28\/amor-limites-y-consentimiento-en-el-querer-de-alauda-ruiz-de-azua-el-miedo-puede-ser-invisible.html#?rel=mas\">su Miren de Querer. <\/a>La mirada sobre Aranburu del p\u00fablico ha cambiado. \u201cAqu\u00ed [se refiere a San Sebasti\u00e1n, donde vive] nada ha cambiado, en Madrid obviamente me ven de otra manera\u201d. <a href=\"https:\/\/elpais.com\/noticias\/festival-san-sebastian\/\" target=\"_self\" rel=\"nofollow noopener\" title=\"https:\/\/elpais.com\/noticias\/festival-san-sebastian\/\">El Zinemaldia<\/a> se ha convertido en esta edici\u00f3n en el escaparate de Aranburu, que de domingo a viernes asistir\u00e1 a cuatro estrenos en la secci\u00f3n Oficial (aunque no todos a concurso): tres pel\u00edculas y una serie. \u201cEn el \u00faltimo a\u00f1o y medio he trabajado mucho. Es hora de disfrutar y descansar\u201d, sonr\u00ede.<\/p>\n<p>M\u00e1s informaci\u00f3n<\/p>\n<p class=\"\">A ella esta exposici\u00f3n no le atrae demasiado. \u201cYo soy de natural tranquila, me gusta encarar las cosas con espacio\u201d, concede. \u201cNunca he tenido problemas con la carrera que llevaba. Nunca sufr\u00ed por trabajar en Euskadi y casi nada en Madrid. Supongo que es como lo quieras llevar. S\u00ed ten\u00eda ganas de hacer m\u00e1s cosas. E igual me faltaban las oportunidades para poder visibilizar eso. Pero no me ha creado frustraci\u00f3n. Es que aqu\u00ed he trabajado much\u00edsimo cuando en realidad no hab\u00eda tanta industria. He tenido suerte\u201d. <\/p>\n<p><img decoding=\"auto\" class=\"_re lazyload a_m-h\" height=\"298\"  width=\"414\"  src=\"https:\/\/www.europesays.com\/es\/wp-content\/uploads\/2025\/09\/Q5ZDYIL6SRGBZI35NRHSAUJDRU.jpg\" loading=\"lazy\"\/>Aramburu, en San Sebasti\u00e1n.Javier Hern\u00e1ndez<\/p>\n<p class=\"\">Aranburu decidi\u00f3 quedarse en San Sebasti\u00e1n, formar familia, crecer en casa. \u201cMe cuesta eso de coger el tren, cinco horas y media a Madrid, hacer la prueba y volver en otras cinco horas y media. Y el ruido de Madrid me avasalla. Por supuesto, esta profesi\u00f3n se construye m\u00e1s con noes que con s\u00edes. A\u00fan recuerdo un d\u00eda paseando y ver cuatro carteles de pel\u00edculas&#8230; y en las cuatro no me hab\u00edan cogido\u201d. Todo lo contrario que la imagen que se desprende hoy de la plaza de Oquendo, que separa el hotel Mar\u00eda Cristina del teatro Victoria Eugenia, con las vallas del cine del festival: Aramburu asoma por todos los lados. \u201cPues f\u00edjate, que incluso hasta despu\u00e9s de Loreak no lo vi seguro. S\u00e9 aceptar lo que me trae la vida, y siendo madre asumes que tienes unas responsabilidades. As\u00ed que si no trabajara en una cosa lo har\u00eda en otra\u201d, explica, aunque esconde que ya a los 12 a\u00f1os actuaba en teatro infantil. <\/p>\n<p><img decoding=\"auto\" class=\"_re lazyload a_m-h\" height=\"276\"  width=\"414\"  src=\"https:\/\/www.europesays.com\/es\/wp-content\/uploads\/2025\/09\/QHEBTQHFHVG53NKUMSGLAY4SCI.jpg\" loading=\"lazy\"\/>Pedro Casablanc y Nagore Aranburu, en el primer cap\u00edtulo de &#8216;Querer&#8217;.Nicol\u00e1s de Assas<\/p>\n<p class=\"\">Tampoco cuenta a la primera que, adem\u00e1s de actriz, en sus inicios escrib\u00eda guiones. Y se centraba en la comedia, cuando ahora encadena personajes dram\u00e1ticos. \u201cEmpec\u00e9 a los 21 a\u00f1os en una serie c\u00f3mica, escrib\u00eda y actuaba. La industria vasca ha crecido mucho, pero antes hab\u00eda que hacer y saber de todo. Y en teatro, cine y televisi\u00f3n\u201d. As\u00ed conoci\u00f3 a <a href=\"https:\/\/elpais.com\/cultura\/2015\/10\/15\/actualidad\/1444921243_424927.html\" target=\"_self\" rel=\"nofollow noopener\" title=\"https:\/\/elpais.com\/cultura\/2015\/10\/15\/actualidad\/1444921243_424927.html\">Asier Altuna,<\/a> con el que escrib\u00eda guiones en Euskal Telebista, y con Altuna lleg\u00f3 <a href=\"https:\/\/elpais.com\/cultura\/2020-09-26\/un-canto-al-agua-en-tiempos-de-pandemia.html\" target=\"_self\" rel=\"nofollow noopener\" title=\"https:\/\/elpais.com\/cultura\/2020-09-26\/un-canto-al-agua-en-tiempos-de-pandemia.html\">Telmo Esnal.<\/a> Con ellos hizo la saga Aupa Etxebeste; Urte berri on, amona! y Amama. El mismo a\u00f1o de esta entr\u00f3 en el mundo Moriarti (como se conoce a los directores Aitor Arregi y Jose Mari Goenaga, por el nombre de la productora que crearon con Jon Gara\u00f1o), con Loreak. \u201cMe gusta repetir con la gente. Creas relaciones, y es un halago cuando te llaman de nuevo\u201d.<\/p>\n<p class=\"\">La primera pel\u00edcula que defiende en Donostia es Maspalomas (se estrena en salas el pr\u00f3ximo viernes 26), en la que encarna a la hija de un anciano que vuelve a un gris San Sebasti\u00e1n tras a\u00f1os de gozo y libertad, disfrutando de ser gay en la localidad que bautiza el filme de los Moriarti, con quienes tambi\u00e9n trabaj\u00f3 en la serie Crist\u00f3bal Balenciaga. \u201cEs un regalo trabajar con ellos, y aqu\u00ed, como en las otras dos pel\u00edculas, he encarado personajes secundarios muy dibujados. Yo lo afront\u00e9 desde un registro, y ellos me sacaron de ah\u00ed para alejarme de Querer. Me caracterizaron, me perd\u00ed un poco&#8230; y con toda la informaci\u00f3n que me fueron dando construimos de manera colectiva\u201d.<\/p>\n<p class=\"\">Despu\u00e9s llega Karmele, de Altuna, adaptaci\u00f3n de la novela de <a href=\"https:\/\/elpais.com\/noticias\/kirmen-uribe\/\" target=\"_self\" rel=\"nofollow noopener\" title=\"https:\/\/elpais.com\/noticias\/kirmen-uribe\/\">Kirmen Uribe,<\/a> que se estrena en salas el 10 de octubre, y que ahonda en la historia real de Karmele Urresti y Txomin Letamendi, exiliados en Caracas durante la Guerra Civil y luchadores vascos contra el franquismo en su vuelta a Espa\u00f1a (\u00e9l muri\u00f3 torturado en 1950). Aqu\u00ed ya le toca hacer de madre de protagonista y, por tanto, abuela de los cr\u00edos del matrimonio. \u201cAsier se ha re\u00eddo mucho de m\u00ed dici\u00e9ndome que ya estaba en la edad\u201d. M\u00e1s en serio, reflexiona: \u201cEstamos viviendo un momento en el que necesitamos recordar lo que hemos sufrido. Y no tanto por los que se fueron o por lo que pas\u00f3, sino por los que vienen. Se nos olvidan las cosas demasiado r\u00e1pido, y entiendo que es una arma para sobrevivir&#8230; pero eso es mal vivir. Y m\u00e1s con esta actualidad\u201d.<\/p>\n<p class=\"\">Hay m\u00e1s: del rodaje de Querer pas\u00f3 al de Karmele. De ah\u00ed a Zeru Ahoak. Despu\u00e9s lleg\u00f3 Maspalomas. Luego le toc\u00f3 Mi querida se\u00f1orita (\u201cHago de madre de la protagonista, toda una mujer del Opus de Pamplona\u201d) para llegar a Los domingos (en salas el 24 de octubre), con Alauda Ruiz de Az\u00faa, la responsable de Querer. \u201cLo bueno del \u00e9xito de Querer es que la gente me descubre cuando ya ten\u00eda mucha experiencia, oficio. Y esa ola te trae confianza\u201d, cuenta, mientras le da un vuelo poderoso a una larga falda de cuero.<\/p>\n<p class=\"\"><a href=\"https:\/\/elpais.com\/babelia\/2025-09-13\/alauda-ruiz-de-azua-cineasta-aunque-no-seas-creyente-el-catolicismo-esta-intrincado-en-nuestra-cultura.html\" target=\"_self\" rel=\"nofollow noopener\" title=\"https:\/\/elpais.com\/babelia\/2025-09-13\/alauda-ruiz-de-azua-cineasta-aunque-no-seas-creyente-el-catolicismo-esta-intrincado-en-nuestra-cultura.html\">En Los domingos<\/a> Aranburu da vida a la madre superiora del convento de clausura en el que la protagonista, una chica de 17 a\u00f1os, est\u00e1 planeando ingresar: \u201cAl contrario que la Miren de Querer, toda llena de pugnas internas y dolor, esta monja es alguien que no sufre, no tiene ning\u00fan conflicto. Posee su verdad y su paz, y desde ah\u00ed genera el contacto\u201d. Una de las secuencias m\u00e1s llamativas, la de su duelo verbal con la t\u00eda de la chica, que se opone a su decisi\u00f3n, se encar\u00f3 al final del rodaje. \u201cLe dedicamos un d\u00eda, y suerte que est\u00e1bamos sentadas [risas]. Sab\u00eda que hab\u00eda que apretar much\u00edsimo, jugar a ser pared y a la vez aportar. Fue extenuante y fant\u00e1stico. Y enfrente estaba Patricia L\u00f3pez Arnaiz, hab\u00eda red\u201d.<\/p>\n<p class=\"\">Y en oto\u00f1o, en ETB y en RTVE Play, tras su paso por San Sebasti\u00e1n, estrenar\u00e1 Zeru Ahoak, en la que retoma el personaje de la exinspectora de la Ertzaintza Nerea Garc\u00eda, tras una primera entrega, Hondar Ahoak, en 2020. Todo,<a href=\"https:\/\/elpais.com\/cultura\/2016\/09\/22\/actualidad\/1474524774_200788.html\" target=\"_self\" rel=\"nofollow noopener\" title=\"https:\/\/elpais.com\/cultura\/2016\/09\/22\/actualidad\/1474524774_200788.html\"> obra de Koldo Almandoz, <\/a>otro secreto bien guardado del audiovisual vasco, y que mezcla Stieg Larssson con David Lynch en una investigaci\u00f3n sobre una red de prostituci\u00f3n de lujo. \u201cCon Nerea me divierto mucho. La serie es puro g\u00e9nero, con mucha acci\u00f3n, di\u00e1logos superirreverentes. Y Nerea cae antip\u00e1tica, repleta de problemas, antisocial&#8230; y de ah\u00ed construyes para que el espectador le coja cari\u00f1o\u201d.<\/p>\n<p><img decoding=\"auto\" class=\"_re lazyload a_m-h\" height=\"250\"  width=\"414\"  src=\"https:\/\/www.europesays.com\/es\/wp-content\/uploads\/2025\/09\/WELOZSCWONC2BK5PMG7UCNVZMA.jpg\" loading=\"lazy\"\/>Desde la izquierda, Jos\u00e9 Ram\u00f3n Soroiz, Jose Maria Goenaga, Nagore Aramburu, Kandido Uranga y Aitor Arregi, en la presentaci\u00f3n de &#8216;Maspalomas&#8217;.Javier Hern\u00e1ndez<\/p>\n<p class=\"\">La charla acaba bromeando sobre su hom\u00f3nima: la actriz comparte nombre y apellido con la modelo y esposa de Xavi Alonso. \u201cBueno, es gracioso. \u00bfSabes que nos conocimos trabajando en una de las Etxebeste? Ella trabaj\u00f3 en el vestuario. Y en el estreno mis amigos me dec\u00edan al ver los t\u00edtulos de cr\u00e9dito: \u2018\u00bfTambi\u00e9n has hecho eso?\u2019. Nooo, cada una en lo suyo\u201d.<\/p>\n","protected":false},"excerpt":{"rendered":"Como si fuera un gran secreto, la actriz Nagore Aranburu (Azpeitia, Gipuzkoa, 49 a\u00f1os) ha estado durante a\u00f1os&hellip;\n","protected":false},"author":2,"featured_media":131215,"comment_status":"","ping_status":"","sticky":false,"template":"","format":"standard","meta":{"footnotes":""},"categories":[91],"tags":[1015,42048,42049,177,12374,209,9265,146,147,25,24,41304,42047,42051,42050,42046,753,8189,23],"class_list":{"0":"post-131214","1":"post","2":"type-post","3":"status-publish","4":"format-standard","5":"has-post-thumbnail","7":"category-entretenimiento","8":"tag-actrices","9":"tag-aitor-arregi","10":"tag-asier-altuna","11":"tag-cine","12":"tag-cine-espanol","13":"tag-cultura","14":"tag-directores-cine","15":"tag-entertainment","16":"tag-entretenimiento","17":"tag-es","18":"tag-espana","19":"tag-jon-garano","20":"tag-jose-mari-goenaga","21":"tag-kirmen-uribe","22":"tag-koldo-almandoz","23":"tag-nagore-aranburu","24":"tag-peliculas","25":"tag-series-television","26":"tag-spain"},"share_on_mastodon":{"url":"","error":""},"_links":{"self":[{"href":"https:\/\/www.europesays.com\/es\/wp-json\/wp\/v2\/posts\/131214","targetHints":{"allow":["GET"]}}],"collection":[{"href":"https:\/\/www.europesays.com\/es\/wp-json\/wp\/v2\/posts"}],"about":[{"href":"https:\/\/www.europesays.com\/es\/wp-json\/wp\/v2\/types\/post"}],"author":[{"embeddable":true,"href":"https:\/\/www.europesays.com\/es\/wp-json\/wp\/v2\/users\/2"}],"replies":[{"embeddable":true,"href":"https:\/\/www.europesays.com\/es\/wp-json\/wp\/v2\/comments?post=131214"}],"version-history":[{"count":0,"href":"https:\/\/www.europesays.com\/es\/wp-json\/wp\/v2\/posts\/131214\/revisions"}],"wp:featuredmedia":[{"embeddable":true,"href":"https:\/\/www.europesays.com\/es\/wp-json\/wp\/v2\/media\/131215"}],"wp:attachment":[{"href":"https:\/\/www.europesays.com\/es\/wp-json\/wp\/v2\/media?parent=131214"}],"wp:term":[{"taxonomy":"category","embeddable":true,"href":"https:\/\/www.europesays.com\/es\/wp-json\/wp\/v2\/categories?post=131214"},{"taxonomy":"post_tag","embeddable":true,"href":"https:\/\/www.europesays.com\/es\/wp-json\/wp\/v2\/tags?post=131214"}],"curies":[{"name":"wp","href":"https:\/\/api.w.org\/{rel}","templated":true}]}}