{"id":131216,"date":"2025-09-22T06:53:13","date_gmt":"2025-09-22T06:53:13","guid":{"rendered":"https:\/\/www.europesays.com\/es\/131216\/"},"modified":"2025-09-22T06:53:13","modified_gmt":"2025-09-22T06:53:13","slug":"ios-26-descubre-las-funciones-imprescindibles-para-aprovechar-tu-iphone-al-maximo","status":"publish","type":"post","link":"https:\/\/www.europesays.com\/es\/131216\/","title":{"rendered":"iOS 26: descubre las funciones imprescindibles para aprovechar tu iPhone al m\u00e1ximo"},"content":{"rendered":"<p><img alt=\"La pantalla de bloqueo ahora\" class=\"global-image\" decoding=\"async\" fetchpriority=\"high\" height=\"1080\" loading=\"eager\" src=\"https:\/\/www.europesays.com\/es\/wp-content\/uploads\/2025\/09\/HJFHJFJ65FETTNKYCBVVLR6XVE.png\" width=\"1920\"\/>La pantalla de bloqueo ahora permite personalizar el tama\u00f1o y textura de los n\u00fameros del reloj.<br \/>\n(Composici\u00f3n Infobae: applesfera.com \/ hipertextual.com)<\/p>\n<p class=\"paragraph\">El lanzamiento de <a href=\"https:\/\/www.infobae.com\/tecno\/2025\/09\/16\/ios-26-ya-esta-disponible-cuales-son-las-novedades-de-la-actualizacion-de-apple-para-iphone\/\" target=\"_blank\" rel=\"noreferrer nofollow noopener\" title=\"https:\/\/www.infobae.com\/tecno\/2025\/09\/16\/ios-26-ya-esta-disponible-cuales-son-las-novedades-de-la-actualizacion-de-apple-para-iphone\/\">iOS 26<\/a> marca un punto de inflexi\u00f3n en la experiencia de los usuarios de <a href=\"https:\/\/www.infobae.com\/tecno\/2025\/09\/18\/cuando-inicia-la-venta-del-iphone-17-en-peru-y-cuanto-valen\/\" target=\"_blank\" rel=\"noreferrer nofollow noopener\" title=\"https:\/\/www.infobae.com\/tecno\/2025\/09\/18\/cuando-inicia-la-venta-del-iphone-17-en-peru-y-cuanto-valen\/\">iPhone<\/a>, con funciones completamente nuevas y un redise\u00f1o visual que renueva la interacci\u00f3n con el dispositivo. Esta actualizaci\u00f3n introduce herramientas inteligentes de personalizaci\u00f3n,<b> traducci\u00f3n instant\u00e1nea<\/b>, modos de gesti\u00f3n de bater\u00eda adaptativos y mejoras en las aplicaciones nativas, con el objetivo de hacer el d\u00eda a d\u00eda m\u00e1s productivo, seguro y c\u00f3modo. <\/p>\n<p class=\"paragraph\">A continuaci\u00f3n, te presentamos las funciones imprescindibles que introduce iOS 26 para que puedas aprovechar tu iPhone al m\u00e1ximo. <\/p>\n<p class=\"paragraph\">El redise\u00f1o de la interfaz, conocido como <b>Liquid<\/b> <b>Glass<\/b>, es una de las caracter\u00edsticas m\u00e1s visibles. Si los efectos de transparencia no resultan c\u00f3modos, se pueden reducir o atenuar desde Ajustes &gt; Accesibilidad, activando \u201cReducir transparencia\u201d y \u201cAumentar contraste\u201d. Adem\u00e1s, para disminuir las nuevas animaciones, se debe activar la funci\u00f3n \u201cReducir movimiento\u201d. <\/p>\n<p><img alt=\"iOS 26 es la versi\u00f3n\" class=\"global-image\" decoding=\"async\" fetchpriority=\"low\" height=\"1139\" loading=\"lazy\" src=\"https:\/\/www.europesays.com\/es\/wp-content\/uploads\/2025\/09\/VBKQKLQACFHPNPEBGC4SE42IJE.jpg\" width=\"1920\"\/>iOS 26 es la versi\u00f3n m\u00e1s reciente del sistema operativo desarrollado por Apple para sus dispositivos m\u00f3viles. <\/p>\n<p class=\"paragraph\"><b>La pantalla de bloqueo ahora permite personalizar el tama\u00f1o y textura de los n\u00fameros del reloj<\/b>, as\u00ed como el tama\u00f1o de la imagen de fondo. Incorpora un efecto de superposici\u00f3n con el dise\u00f1o de la foto e incluso un bot\u00f3n de efecto 3D que genera una escena espacial interactiva, sumando profundidad tanto en la pantalla de bloqueo como en fotos desde la aplicaci\u00f3n Fotos. <\/p>\n<p class=\"paragraph\">Los \u00edconos trasl\u00facidos tambi\u00e9n pueden activarse desde el modo \u201cEditar\u201d, eligiendo entre iconos claros u oscuros y de diferentes tama\u00f1os. <\/p>\n<p class=\"paragraph\">El filtro de llamadas y mensajes es otra herramienta esencial para gestionar la comunicaci\u00f3n. Este filtro, configurable desde Ajustes &gt; Aplicaciones &gt; Tel\u00e9fono o Mensajes, permite que una IA transcriba lo que dice el interlocutor y active notificaciones solo de remitentes seleccionados. Adem\u00e1s,<b> iMessage suma fondos personalizados, encuestas en grupo y nuevos indicadores de escritura<\/b>. <\/p>\n<p><img alt=\"Los \u00edconos trasl\u00facidos tambi\u00e9n pueden\" class=\"global-image\" decoding=\"async\" fetchpriority=\"low\" height=\"1080\" loading=\"lazy\" src=\"https:\/\/www.europesays.com\/es\/wp-content\/uploads\/2025\/09\/3RPN2FNU6BHELMYTAMAPIQXIWQ.png\" width=\"1920\"\/>Los \u00edconos trasl\u00facidos tambi\u00e9n pueden activarse desde el modo \u201cEditar\u201d, eligiendo entre iconos claros u oscuros y de diferentes tama\u00f1os.   <\/p>\n<p>(Apple \/ ZDNET)<\/p>\n<p class=\"paragraph\">Entre las innovaciones destaca la traducci\u00f3n instant\u00e1nea en llamadas y videollamadas. Los usuarios pueden activar la traducci\u00f3n en tiempo real desde el men\u00fa de llamada, configurando el idioma y visualizando en pantalla todo lo que dice el interlocutor. Esta utilidad tambi\u00e9n se extiende a FaceTime y Mensajes, facilitando la interacci\u00f3n en varios idiomas. <\/p>\n<p class=\"paragraph\"><b>El navegador Safari incorpora un nuevo dise\u00f1o flotante de la barra superior, que puede activarse o desactivarse<\/b> desde Ajustes &gt; Safari &gt; Pesta\u00f1as. Esto permite elegir entre la vista compacta o el dise\u00f1o cl\u00e1sico, adapt\u00e1ndose al gusto del usuario. <\/p>\n<p class=\"paragraph\">En la aplicaci\u00f3n Fotos, iOS 26 mejora la organizaci\u00f3n con dos pesta\u00f1as principales y la opci\u00f3n de reordenar los elementos de la pesta\u00f1a de Colecciones, para priorizar \u00e1lbumes, recuerdos y otros contenidos personalizados. <\/p>\n<p class=\"paragraph\">Destacan tambi\u00e9n otros detalles, como el dise\u00f1o unificado en la aplicaci\u00f3n Tel\u00e9fono (donde favoritos y lista de llamadas comparten pantalla), las mejoras en la interfaz de chats y accesibilidad, y nuevas alternativas de personalizaci\u00f3n tanto visual como funcional. <\/p>\n<p><img alt=\"En la aplicaci\u00f3n Fotos, iOS\" class=\"global-image\" decoding=\"async\" fetchpriority=\"low\" height=\"1080\" loading=\"lazy\" src=\"https:\/\/www.europesays.com\/es\/wp-content\/uploads\/2025\/09\/U3O4UTWL7RBCHAQL53K63QTDJ4.png\" width=\"1920\"\/>En la aplicaci\u00f3n Fotos, iOS 26 mejora la organizaci\u00f3n.<br \/>\n(Foto: ZDNET)<\/p>\n<p class=\"paragraph\"><b>iOS 26 <\/b>incorpora un modo de ahorro de bater\u00eda basado en inteligencia artificial que ajusta autom\u00e1ticamente el consumo seg\u00fan las necesidades y patrones del usuario. Esta funci\u00f3n aparece en Ajustes &gt; Bater\u00eda &gt; Modo de consumo, donde se activa la opci\u00f3n \u201cConsumo adaptativo\u201d. <\/p>\n<p class=\"paragraph\">El sistema identifica el uso intensivo y anticipa cu\u00e1ndo se requiere optimizar los recursos para extender la autonom\u00eda del dispositivo durante toda la jornada. <\/p>\n<p class=\"paragraph\">iOS 26 es la versi\u00f3n m\u00e1s reciente del sistema operativo desarrollado por Apple para sus dispositivos m\u00f3viles, como el <b>iPhone <\/b>y el <b>iPad<\/b>. Esta actualizaci\u00f3n introduce mejoras en el rendimiento, la seguridad y la experiencia del usuario, adem\u00e1s de nuevas funciones dise\u00f1adas para optimizar el uso diario de los dispositivos. <\/p>\n<p class=\"paragraph\">Entre las principales caracter\u00edsticas de iOS 26 se incluyen cambios en la interfaz, mayor integraci\u00f3n con servicios en la nube y herramientas avanzadas de personalizaci\u00f3n. Tambi\u00e9n incorpora soluciones enfocadas en la privacidad y nuevos controles que facilitan la administraci\u00f3n de aplicaciones y notificaciones. <\/p>\n","protected":false},"excerpt":{"rendered":"La pantalla de bloqueo ahora permite personalizar el tama\u00f1o y textura de los n\u00fameros del reloj. (Composici\u00f3n Infobae:&hellip;\n","protected":false},"author":2,"featured_media":131217,"comment_status":"","ping_status":"","sticky":false,"template":"","format":"standard","meta":{"footnotes":""},"categories":[81],"tags":[119,123,124,25,24,117,121,122,23,118,120],"class_list":{"0":"post-131216","1":"post","2":"type-post","3":"status-publish","4":"format-standard","5":"has-post-thumbnail","7":"category-ciencia-y-tecnologia","8":"tag-ciencia","9":"tag-ciencia-y-tecnologia","10":"tag-cienciaytecnologia","11":"tag-es","12":"tag-espana","13":"tag-science","14":"tag-science-and-technology","15":"tag-scienceandtechnology","16":"tag-spain","17":"tag-technology","18":"tag-tecnologia"},"share_on_mastodon":{"url":"","error":""},"_links":{"self":[{"href":"https:\/\/www.europesays.com\/es\/wp-json\/wp\/v2\/posts\/131216","targetHints":{"allow":["GET"]}}],"collection":[{"href":"https:\/\/www.europesays.com\/es\/wp-json\/wp\/v2\/posts"}],"about":[{"href":"https:\/\/www.europesays.com\/es\/wp-json\/wp\/v2\/types\/post"}],"author":[{"embeddable":true,"href":"https:\/\/www.europesays.com\/es\/wp-json\/wp\/v2\/users\/2"}],"replies":[{"embeddable":true,"href":"https:\/\/www.europesays.com\/es\/wp-json\/wp\/v2\/comments?post=131216"}],"version-history":[{"count":0,"href":"https:\/\/www.europesays.com\/es\/wp-json\/wp\/v2\/posts\/131216\/revisions"}],"wp:featuredmedia":[{"embeddable":true,"href":"https:\/\/www.europesays.com\/es\/wp-json\/wp\/v2\/media\/131217"}],"wp:attachment":[{"href":"https:\/\/www.europesays.com\/es\/wp-json\/wp\/v2\/media?parent=131216"}],"wp:term":[{"taxonomy":"category","embeddable":true,"href":"https:\/\/www.europesays.com\/es\/wp-json\/wp\/v2\/categories?post=131216"},{"taxonomy":"post_tag","embeddable":true,"href":"https:\/\/www.europesays.com\/es\/wp-json\/wp\/v2\/tags?post=131216"}],"curies":[{"name":"wp","href":"https:\/\/api.w.org\/{rel}","templated":true}]}}