{"id":131220,"date":"2025-09-22T06:55:10","date_gmt":"2025-09-22T06:55:10","guid":{"rendered":"https:\/\/www.europesays.com\/es\/131220\/"},"modified":"2025-09-22T06:55:10","modified_gmt":"2025-09-22T06:55:10","slug":"la-asamblea-de-la-onu-abre-la-guerra-diplomatica-por-palestina","status":"publish","type":"post","link":"https:\/\/www.europesays.com\/es\/131220\/","title":{"rendered":"La Asamblea de la ONU abre la guerra diplom\u00e1tica por Palestina"},"content":{"rendered":"<p style=\"\">La \u00faltima vez que se cerr\u00f3 la puerta para un l\u00edder internacional en la <a href=\"https:\/\/www.abc.es\/internacional\/guterres-evita-respaldar-informe-onu-corresponde-tribunal-20250916215923-nt.html\" target=\"_self\" data-voc-vtm-id=\"in-text-traffic\" title=\"Asamblea General de Naciones Unidas\" rel=\"nofollow noopener\">Asamblea General de Naciones Unidas<\/a>, el gran c\u00f3nclave anual de la organizaci\u00f3n internacional, fue en 1988 a Yaser Arafat. Estados Unidos no permiti\u00f3 la entrada en el pa\u00eds del l\u00edder  &#8230; de la <a href=\"https:\/\/www.abc.es\/internacional\/apreton-manos-paz-israelies-palestinos-20250702205857-nt.html\" target=\"_self\" data-voc-vtm-id=\"in-text-traffic\" title=\"Organizaci\u00f3n para la Liberaci\u00f3n de Palestina\" rel=\"nofollow noopener\">Organizaci\u00f3n para la Liberaci\u00f3n de Palestina<\/a> (OLP), el principal representante de la causa palestina.<\/p>\n<p class=\"voc-p\" style=\"\">Ahora vuelve a ocurrir con <a href=\"https:\/\/www.abc.es\/noticias\/palestina-condena-declaraciones-israelies-derecho-estado-propio-20250810134702-nt.html\" target=\"_self\" data-voc-vtm-id=\"in-text-traffic\" title=\"Mahmud Ab\u00e1s\" data-mrf-link=\"www.abc.es\" rel=\"nofollow noopener\">Mahmud Ab\u00e1s<\/a>, el presidente de la Autoridad Palestina. El Gobierno de Donald Trump ha negado los visados al l\u00edder palestino y al resto de su delegaci\u00f3n, en un gui\u00f1o a su gran aliado en Oriente Pr\u00f3ximo, Israel.<\/p>\n<p class=\"voc-p\" style=\"\">La soluci\u00f3n entonces de la <a href=\"https:\/\/www.abc.es\/internacional\/asamblea-general-onu-aprueba-amplia-mayoria-texto-20250912173122-nt.html\" target=\"_self\" data-voc-vtm-id=\"in-text-traffic\" title=\"ONU\" rel=\"nofollow noopener\">ONU<\/a> fue trasladar su Asamblea General desde su sede en Nueva York a Ginebra, en Suiza, para posibilitar la intervenci\u00f3n de Arafat. En esta ocasi\u00f3n, la Asamblea General seguir\u00e1 a orillas del East River, pero se har\u00e1 una excepci\u00f3n con Ab\u00e1s y se le permitir\u00e1 participar a trav\u00e9s de v\u00eddeo.<\/p>\n<p class=\"voc-p\" style=\"\">Cuarenta a\u00f1os despu\u00e9s de aquel antecedente, la cuesti\u00f3n palestina es otra vez el tema central en la &#8216;semana grande&#8217; de la ONU. Con el debate dominado por la misma ambici\u00f3n -la creaci\u00f3n del Estado palestino-, pero con un contexto muy diferente: en medio de una guerra cruenta en Gaza, con Israel cada vez m\u00e1s aislado y con EE.UU. cada vez menos implicado en la organizaci\u00f3n internacional.<\/p>\n<p class=\"voc-p\" style=\"\">Los grandes discursos empezar\u00e1n ma\u00f1ana martes, con el arranque de la sesi\u00f3n de la nueva Asamblea General. Pero la mayor\u00eda de los mandatarios internacionales ya estar\u00e1n en Nueva York hoy, donde se celebra una cumbre sobre el reconocimiento de Palestina como Estado. <\/p>\n<p class=\"voc-p\" style=\"\">Es algo que arranc\u00f3 en aquel a\u00f1o de 1988, con la proclamaci\u00f3n por parte de la OLP del Estado de Palestina y con el reconocimiento de esa proclamaci\u00f3n por parte de la Asamblea General de la ONU. Hoy fructificar\u00e1 el mayor esfuerzo diplom\u00e1tico en ese sentido. Son ya 147 pa\u00edses del mundo que reconocen al Estado palestino -Espa\u00f1a lo hizo el a\u00f1o pasado, con la causa palestina convertida en una bandera pol\u00edtica para el Gobierno de Pedro S\u00e1nchez-, pero ahora se suman una decena de pa\u00edses. Entre ellos destacan pesos pesados occidentales y aliados tradicionales de Israel, que han decidido dar el paso en medio de una guerra en Gaza con un gran impacto humanitario que ha llevado al alejamiento del Gobierno de Israel.<\/p>\n<p class=\"voc-title\">Casi dos a\u00f1os despu\u00e9s del atentado de Ham\u00e1s, 147 pa\u00edses han legitimado ya a su rival, la Autoridad Nacional de Al Fatah<\/p>\n<p class=\"voc-p\" style=\"\">Ayer, el Reino Unido, Canad\u00e1, Australia y Portugal formalizaron su reconocimiento de Palestina. Hoy, desde Nueva York, lo har\u00e1n Francia, Luxemburgo, Malta, Andorra y San Marino.<\/p>\n<p class=\"voc-p\" style=\"\">Los reconocimientos forman parte de una iniciativa impulsada por Francia y el Reino Unido para acercar a Israel y Palestina a la paz. La paradoja es que el reconocimiento internacional de Palestina gana peso en un momento en el que las expectativas para la soluci\u00f3n de dos Estados -la que defiende la ONU y la mayor\u00eda de la comunidad internacional- est\u00e1 cada vez m\u00e1s lejos.<\/p>\n<p class=\"voc-p\" style=\"\">Los pa\u00edses se reunir\u00e1n a pocas semanas del segundo aniversario del ataque terrorista de Ham\u00e1s del 7 de octubre de 2023, con una veintena de rehenes vivos todav\u00eda en sus manos, en medio de una intensificaci\u00f3n de las operaciones militares de Israel en Gaza, con el desarrollo de nuevos asentamientos en Cisjordania y con la negativa del primer ministro de Israel, Benjamin Netanyahu, a que exista un Estado palestino. Con la complicaci\u00f3n a\u00f1adida de que EE.UU. ha pasado a considerar esa posibilidad una \u00abdistracci\u00f3n\u00bb que no ayuda a conseguir la paz.<\/p>\n<p class=\"voc-title\">La organizaci\u00f3n llega a su 80 aniversario sumida en una grave crisis que cuestiona su efectividad para solucionar conflictos<\/p>\n<p class=\"voc-p\" style=\"\">Netanyahu tiene previsto llegar a Nueva York y dar su discurso ante la ONU a finales de la semana, una vez pasado Rosh Hashanah, el a\u00f1o nuevo jud\u00edo. De su discurso no se esperan grandes sorpresas. Habr\u00e1 m\u00e1s atenci\u00f3n puesta en el que traiga su gran apoyo internacional, Donald Trump, quien regresa al gran foro internacional tras recuperar las llaves de la Casa Blanca el pasado oto\u00f1o.<\/p>\n<p class=\"voc-p\" style=\"\">En un arranque fren\u00e9tico y rupturista de su segundo mandato, Trump ha propuesto recortes abundantes en la financiaci\u00f3n de la ONU (EE.UU, es el pa\u00eds que m\u00e1s contribuye), ha sacado a EE.UU. del Consejo de Derechos Humanos, ha parado la financiaci\u00f3n de la agencia para refugiados palestinos, ha pedido la salida de la Unesco y ha metido tijera, en general, a la cooperaci\u00f3n y ayuda al desarrollo.<\/p>\n<p>\nPol\u00edtica de &#8216;laissez faire&#8217;\n<\/p>\n<p class=\"voc-p\" style=\"\">Trump ha mostrado en ocasiones su incomodidad con la agresividad de Netanyahu en Gaza pero, en general, ha adoptado una pol\u00edtica de &#8216;laissez faire&#8217; (dejar hacer) con el primer ministro israel\u00ed. Y siendo un escudo en el Consejo de Seguridad, el \u00f3rgano de poder de la ONU, a trav\u00e9s de su derecho a veto. En una votaci\u00f3n de la semana pasada, 14 de los 15 miembros -incluidos dos aliados occidentales como Francia y el Reino Unido- votaron a favor de un alto el fuego en Gaza, al que EE.UU. se opuso.<\/p>\n<p class=\"voc-p\" style=\"\">Es una muestra m\u00e1s de la par\u00e1lisis en la que est\u00e1 instalado el Consejo de Seguridad y, con \u00e9l, la ONU. La organizaci\u00f3n internacional llega en esta cita a su 80\u00ba aniversario sumida en la crisis. Las guerras en Ucrania y en Gaza -aisladas de consecuencias por los vetos de Rusia y de EE.UU.- han demostrado la incapacidad de la ONU para cumplir con su mandato de evitar los conflictos internacionales. Adem\u00e1s, el cumplea\u00f1os se celebra en medio de problemas financieros -la ONU ha aprobado una reducci\u00f3n del 20% de su plantilla-, sin haber emprendido una misi\u00f3n de paz en a\u00f1os, con dudas sobre su capacidad para ser el foro decisivo sobre asuntos clave como la regulaci\u00f3n de la inteligencia artificial o el cambio clim\u00e1tico y con la incertidumbre del relevo el pr\u00f3ximo a\u00f1o de su <a href=\"https:\/\/www.abc.es\/internacional\/guterres-pide-gasto-militar-merme-ayuda-humanitaria-20250701140338-nt.html\" target=\"_self\" data-voc-vtm-id=\"in-text-traffic\" title=\"secretario general, Ant\u00f3nio Guterres\" rel=\"nofollow noopener\">secretario general, Ant\u00f3nio Guterres<\/a>.<\/p>\n<p class=\"voc-p\" style=\"\">El lema de la Asamblea General es &#8216;Better Together&#8217; (&#8216;Mejor juntos&#8217;), en un momento en el que esa idea est\u00e1 cada vez m\u00e1s en duda. \u00abNos reunimos en un momento turbulento, entrando en territorios desconocidos\u00bb, ha reconocido Guterres. \u00abLa divisi\u00f3n geopol\u00edtica se profundiza, los conflictos se agravan, la impunidad crece, el planeta se sobrecalienta. Y la cooperaci\u00f3n internacional se tensiona bajo presiones no vistas en nuestro tiempo\u00bb.<\/p>\n","protected":false},"excerpt":{"rendered":"La \u00faltima vez que se cerr\u00f3 la puerta para un l\u00edder internacional en la Asamblea General de Naciones&hellip;\n","protected":false},"author":2,"featured_media":131221,"comment_status":"","ping_status":"","sticky":false,"template":"","format":"standard","meta":{"footnotes":""},"categories":[42],"tags":[490,19345,17,18,42054,13,14,69,11,61,62,63,64,19,20,9,10,15,16,732,76,12,21,22,65,66,67],"class_list":{"0":"post-131220","1":"post","2":"type-post","3":"status-publish","4":"format-standard","5":"has-post-thumbnail","7":"category-internacional","8":"tag-abre","9":"tag-asamblea","10":"tag-breaking-news","11":"tag-breakingnews","12":"tag-diplomatica","13":"tag-featured-news","14":"tag-featurednews","15":"tag-guerra","16":"tag-headlines","17":"tag-internacional","18":"tag-international","19":"tag-international-news","20":"tag-internationalnews","21":"tag-latest-news","22":"tag-latestnews","23":"tag-news","24":"tag-noticias","25":"tag-noticias-destacadas","26":"tag-noticiasdestacadas","27":"tag-onu","28":"tag-palestina","29":"tag-titulares","30":"tag-ultimas-noticias","31":"tag-ultimasnoticias","32":"tag-world","33":"tag-world-news","34":"tag-worldnews"},"share_on_mastodon":{"url":"","error":""},"_links":{"self":[{"href":"https:\/\/www.europesays.com\/es\/wp-json\/wp\/v2\/posts\/131220","targetHints":{"allow":["GET"]}}],"collection":[{"href":"https:\/\/www.europesays.com\/es\/wp-json\/wp\/v2\/posts"}],"about":[{"href":"https:\/\/www.europesays.com\/es\/wp-json\/wp\/v2\/types\/post"}],"author":[{"embeddable":true,"href":"https:\/\/www.europesays.com\/es\/wp-json\/wp\/v2\/users\/2"}],"replies":[{"embeddable":true,"href":"https:\/\/www.europesays.com\/es\/wp-json\/wp\/v2\/comments?post=131220"}],"version-history":[{"count":0,"href":"https:\/\/www.europesays.com\/es\/wp-json\/wp\/v2\/posts\/131220\/revisions"}],"wp:featuredmedia":[{"embeddable":true,"href":"https:\/\/www.europesays.com\/es\/wp-json\/wp\/v2\/media\/131221"}],"wp:attachment":[{"href":"https:\/\/www.europesays.com\/es\/wp-json\/wp\/v2\/media?parent=131220"}],"wp:term":[{"taxonomy":"category","embeddable":true,"href":"https:\/\/www.europesays.com\/es\/wp-json\/wp\/v2\/categories?post=131220"},{"taxonomy":"post_tag","embeddable":true,"href":"https:\/\/www.europesays.com\/es\/wp-json\/wp\/v2\/tags?post=131220"}],"curies":[{"name":"wp","href":"https:\/\/api.w.org\/{rel}","templated":true}]}}